{"id":1762,"date":"2024-09-03T23:22:19","date_gmt":"2024-09-03T23:22:19","guid":{"rendered":"https:\/\/terrasdebasto.pt\/?p=1762"},"modified":"2024-09-03T23:22:19","modified_gmt":"2024-09-03T23:22:19","slug":"celorico-vai-premiar-merito-dos-estudantes","status":"publish","type":"post","link":"https:\/\/terrasdebasto.pt\/?p=1762","title":{"rendered":"Celorico vai premiar m\u00e9rito dos estudantes"},"content":{"rendered":"\n<p><strong>O Munic\u00edpio de Celorico de Basto inicia o novo ano letivo, a 13 de setembro, com uma sess\u00e3o solene marcada pela atribui\u00e7\u00e3o de pr\u00e9mios de m\u00e9rito escolar aos estudantes do concelho, bolsas no valor de 250 euros.<\/strong><\/p>\n\n\n\n<p>Este est\u00edmulo acad\u00e9mico agora institucionalizado \u2013 alcan\u00e7ado no final do terceiro ciclo do ensino b\u00e1sico e do secund\u00e1rio \u2013 tem um valor global de 10 mil euros, divido em quatro centenas de bolsas, entregues no in\u00edcio de cada ano letivo, tal como acontecer\u00e1 dia 13, a partir das 21h30, no Centro Cultural Marcelo Rebelo de Sousa.<\/p>\n\n\n\n<p>A atribui\u00e7\u00e3o destes pr\u00e9mios \u00e9 feita mediante a comunica\u00e7\u00e3o das escolas da ordena\u00e7\u00e3o dos alunos e alunas no final do ano letivo, sendo que o \u00fanico fator de atribui\u00e7\u00e3o \u00e9 a m\u00e9dia final.<\/p>\n\n\n\n<p>No total, ser\u00e3o atribu\u00eddos 40 pr\u00e9mios de m\u00e9rito, 15 pr\u00e9mios de m\u00e9rito para os alunos da Escola B\u00e1sica e Secund\u00e1ria de Celorico de Basto e 5 pr\u00e9mios de m\u00e9rito para os alunos da Escola Profissional Agr\u00edcola Eng. Silva Nunes, no que respeita aos melhores alunos a concluir o 12.\u00ba ano.<\/p>\n\n\n\n<p>Para os melhores alunos do 9.\u00ba ano, ser\u00e3o atribu\u00eddos 10 pr\u00e9mios de m\u00e9rito aos alunos da Escola B\u00e1sica e Secund\u00e1ria de Celorico, 5 pr\u00e9mios de m\u00e9rito aos alunos da Escola B\u00e1sica da Mota e 5 pr\u00e9mios de m\u00e9rito para os alunos da Escola B\u00e1sica de Gandarela.<\/p>\n\n\n\n<p>\u00abA atribui\u00e7\u00e3o desta bolsa depende em exclusivo da m\u00e9dia final dos alunos, n\u00e3o sendo viabilizados os fatores econ\u00f3micos dos agregados; ali\u00e1s, esta medida visa valorizar o desempenho acad\u00e9mico do aluno em exclusivo e, ao mesmo tempo, incentivar outros alunos a seguir o exemplo\u00bb, justifica o autarca celoricense.<\/p>\n\n\n\n<p>Jos\u00e9 Peixoto Lima sublinha que \u00abestes pequenos incentivos acabam por retornar para a comunidade com a forma\u00e7\u00e3o de jovens com carreiras em \u00e1reas essenciais e que contribuem claramente para o desenvolvimento de for\u00e7as de trabalho qualificadas e inovadoras e que fortalecem a economia a m\u00e9dio e longo prazo\u00bb.<\/p>\n\n\n\n<p>\u00abEsperamos que, terminado o percurso acad\u00e9mico, regressem \u00e0 terra e sejam, tamb\u00e9m eles, impulsionadores do desenvolvimento do concelho que os viu nascer\u00bb, formula.<\/p>\n\n\n\n<p>J\u00e1 a vereadora da tutela, Maria Jos\u00e9 Marinho, lembra que estes apoios surgem na sequ\u00eancia de outras medidas no \u00e2mbito da educa\u00e7\u00e3o, como as bolsas de estudo para o ensino superior e os transportes gratuitos para todos os n\u00edveis de ensino.<\/p>\n","protected":false},"excerpt":{"rendered":"<p>O Munic\u00edpio de Celorico de Basto inicia o novo ano letivo, a 13 de setembro, com uma sess\u00e3o solene marcada pela atribui\u00e7\u00e3o de pr\u00e9mios de m\u00e9rito escolar aos estudantes do concelho, bolsas no valor de 250 euros. Este est\u00edmulo acad\u00e9mico agora institucionalizado \u2013 alcan\u00e7ado no final do terceiro ciclo do ensino b\u00e1sico e do secund\u00e1rio [&hellip;]<\/p>\n","protected":false},"author":7,"featured_media":1763,"comment_status":"open","ping_status":"open","sticky":false,"template":"","format":"standard","meta":{"footnotes":""},"categories":[13,11],"tags":[40,373],"class_list":{"0":"post-1762","1":"post","2":"type-post","3":"status-publish","4":"format-standard","5":"has-post-thumbnail","7":"category-celorico-de-basto","8":"category-educacao","9":"tag-celorico-de-basto","10":"tag-premios-de-merito-escolar"},"yoast_head":"<!-- This site is optimized with the Yoast SEO plugin v25.7 - https:\/\/yoast.com\/wordpress\/plugins\/seo\/ -->\n<title>Celorico vai premiar m\u00e9rito dos estudantes - Jornal Terras de Basto<\/title>\n<meta name=\"description\" content=\"O Munic\u00edpio de Celorico de Basto inicia o novo ano letivo, a 13 de setembro, com uma sess\u00e3o solene marcada pela atribui\u00e7\u00e3o de pr\u00e9mios de m\u00e9rito escolar aos estudantes do concelho, bolsas no valor de 250 euros.\" \/>\n<meta name=\"robots\" content=\"index, follow, max-snippet:-1, max-image-preview:large, max-video-preview:-1\" \/>\n<link rel=\"canonical\" href=\"https:\/\/terrasdebasto.pt\/?p=1762\" \/>\n<meta property=\"og:locale\" content=\"pt_PT\" \/>\n<meta property=\"og:type\" content=\"article\" \/>\n<meta property=\"og:title\" content=\"Celorico vai premiar m\u00e9rito dos estudantes - Jornal Terras de Basto\" \/>\n<meta property=\"og:description\" content=\"O Munic\u00edpio de Celorico de Basto inicia o novo ano letivo, a 13 de setembro, com uma sess\u00e3o solene marcada pela atribui\u00e7\u00e3o de pr\u00e9mios de m\u00e9rito escolar aos estudantes do concelho, bolsas no valor de 250 euros.\" \/>\n<meta property=\"og:url\" content=\"https:\/\/terrasdebasto.pt\/?p=1762\" \/>\n<meta property=\"og:site_name\" content=\"Jornal Terras de Basto\" \/>\n<meta property=\"article:published_time\" content=\"2024-09-03T23:22:19+00:00\" \/>\n<meta property=\"og:image\" content=\"https:\/\/terrasdebasto.pt\/wp-content\/uploads\/2024\/09\/PREMIOS-ESCOLARES.jpg\" \/>\n\t<meta property=\"og:image:width\" content=\"2048\" \/>\n\t<meta property=\"og:image:height\" content=\"2048\" \/>\n\t<meta property=\"og:image:type\" content=\"image\/jpeg\" \/>\n<meta name=\"author\" content=\"Jo\u00e3o Paulo Mesquita\" \/>\n<meta name=\"twitter:card\" content=\"summary_large_image\" \/>\n<meta name=\"twitter:label1\" content=\"Escrito por\" \/>\n\t<meta name=\"twitter:data1\" content=\"Jo\u00e3o Paulo Mesquita\" \/>\n\t<meta name=\"twitter:label2\" content=\"Tempo estimado de leitura\" \/>\n\t<meta name=\"twitter:data2\" content=\"3 minutos\" \/>\n<script type=\"application\/ld+json\" class=\"yoast-schema-graph\">{\"@context\":\"https:\/\/schema.org\",\"@graph\":[{\"@type\":\"Article\",\"@id\":\"https:\/\/terrasdebasto.pt\/?p=1762#article\",\"isPartOf\":{\"@id\":\"https:\/\/terrasdebasto.pt\/?p=1762\"},\"author\":{\"name\":\"Jo\u00e3o Paulo Mesquita\",\"@id\":\"https:\/\/terrasdebasto.pt\/#\/schema\/person\/9f6739f5394ac65c802641773b278b84\"},\"headline\":\"Celorico vai premiar m\u00e9rito dos estudantes\",\"datePublished\":\"2024-09-03T23:22:19+00:00\",\"mainEntityOfPage\":{\"@id\":\"https:\/\/terrasdebasto.pt\/?p=1762\"},\"wordCount\":425,\"commentCount\":0,\"publisher\":{\"@id\":\"https:\/\/terrasdebasto.pt\/#organization\"},\"image\":{\"@id\":\"https:\/\/terrasdebasto.pt\/?p=1762#primaryimage\"},\"thumbnailUrl\":\"https:\/\/terrasdebasto.pt\/wp-content\/uploads\/2024\/09\/PREMIOS-ESCOLARES.jpg\",\"keywords\":[\"Celorico de Basto\",\"Pr\u00e9mios de M\u00e9rito Escolar\"],\"articleSection\":[\"Celorico de Basto\",\"Educa\u00e7\u00e3o\"],\"inLanguage\":\"pt-PT\",\"potentialAction\":[{\"@type\":\"CommentAction\",\"name\":\"Comment\",\"target\":[\"https:\/\/terrasdebasto.pt\/?p=1762#respond\"]}]},{\"@type\":\"WebPage\",\"@id\":\"https:\/\/terrasdebasto.pt\/?p=1762\",\"url\":\"https:\/\/terrasdebasto.pt\/?p=1762\",\"name\":\"Celorico vai premiar m\u00e9rito dos estudantes - Jornal Terras de Basto\",\"isPartOf\":{\"@id\":\"https:\/\/terrasdebasto.pt\/#website\"},\"primaryImageOfPage\":{\"@id\":\"https:\/\/terrasdebasto.pt\/?p=1762#primaryimage\"},\"image\":{\"@id\":\"https:\/\/terrasdebasto.pt\/?p=1762#primaryimage\"},\"thumbnailUrl\":\"https:\/\/terrasdebasto.pt\/wp-content\/uploads\/2024\/09\/PREMIOS-ESCOLARES.jpg\",\"datePublished\":\"2024-09-03T23:22:19+00:00\",\"description\":\"O Munic\u00edpio de Celorico de Basto inicia o novo ano letivo, a 13 de setembro, com uma sess\u00e3o solene marcada pela atribui\u00e7\u00e3o de pr\u00e9mios de m\u00e9rito escolar aos estudantes do concelho, bolsas no valor de 250 euros.\",\"breadcrumb\":{\"@id\":\"https:\/\/terrasdebasto.pt\/?p=1762#breadcrumb\"},\"inLanguage\":\"pt-PT\",\"potentialAction\":[{\"@type\":\"ReadAction\",\"target\":[\"https:\/\/terrasdebasto.pt\/?p=1762\"]}]},{\"@type\":\"ImageObject\",\"inLanguage\":\"pt-PT\",\"@id\":\"https:\/\/terrasdebasto.pt\/?p=1762#primaryimage\",\"url\":\"https:\/\/terrasdebasto.pt\/wp-content\/uploads\/2024\/09\/PREMIOS-ESCOLARES.jpg\",\"contentUrl\":\"https:\/\/terrasdebasto.pt\/wp-content\/uploads\/2024\/09\/PREMIOS-ESCOLARES.jpg\",\"width\":2048,\"height\":2048},{\"@type\":\"BreadcrumbList\",\"@id\":\"https:\/\/terrasdebasto.pt\/?p=1762#breadcrumb\",\"itemListElement\":[{\"@type\":\"ListItem\",\"position\":1,\"name\":\"In\u00edcio\",\"item\":\"https:\/\/terrasdebasto.pt\/\"},{\"@type\":\"ListItem\",\"position\":2,\"name\":\"Celorico vai premiar m\u00e9rito dos estudantes\"}]},{\"@type\":\"WebSite\",\"@id\":\"https:\/\/terrasdebasto.pt\/#website\",\"url\":\"https:\/\/terrasdebasto.pt\/\",\"name\":\"Jornal Terras de Basto\",\"description\":\"\",\"publisher\":{\"@id\":\"https:\/\/terrasdebasto.pt\/#organization\"},\"potentialAction\":[{\"@type\":\"SearchAction\",\"target\":{\"@type\":\"EntryPoint\",\"urlTemplate\":\"https:\/\/terrasdebasto.pt\/?s={search_term_string}\"},\"query-input\":{\"@type\":\"PropertyValueSpecification\",\"valueRequired\":true,\"valueName\":\"search_term_string\"}}],\"inLanguage\":\"pt-PT\"},{\"@type\":\"Organization\",\"@id\":\"https:\/\/terrasdebasto.pt\/#organization\",\"name\":\"Jornal Terras de Basto\",\"url\":\"https:\/\/terrasdebasto.pt\/\",\"logo\":{\"@type\":\"ImageObject\",\"inLanguage\":\"pt-PT\",\"@id\":\"https:\/\/terrasdebasto.pt\/#\/schema\/logo\/image\/\",\"url\":\"https:\/\/terrasdebasto.pt\/wp-content\/uploads\/2024\/06\/LogoNormal.png\",\"contentUrl\":\"https:\/\/terrasdebasto.pt\/wp-content\/uploads\/2024\/06\/LogoNormal.png\",\"width\":5638,\"height\":809,\"caption\":\"Jornal Terras de Basto\"},\"image\":{\"@id\":\"https:\/\/terrasdebasto.pt\/#\/schema\/logo\/image\/\"}},{\"@type\":\"Person\",\"@id\":\"https:\/\/terrasdebasto.pt\/#\/schema\/person\/9f6739f5394ac65c802641773b278b84\",\"name\":\"Jo\u00e3o Paulo Mesquita\",\"image\":{\"@type\":\"ImageObject\",\"inLanguage\":\"pt-PT\",\"@id\":\"https:\/\/terrasdebasto.pt\/#\/schema\/person\/image\/\",\"url\":\"https:\/\/secure.gravatar.com\/avatar\/9bd0f299e6d96336664aab64354168246a3ee3287c47891c50d450e47ed9d7f9?s=96&d=mm&r=g\",\"contentUrl\":\"https:\/\/secure.gravatar.com\/avatar\/9bd0f299e6d96336664aab64354168246a3ee3287c47891c50d450e47ed9d7f9?s=96&d=mm&r=g\",\"caption\":\"Jo\u00e3o Paulo Mesquita\"},\"url\":\"https:\/\/terrasdebasto.pt\/?author=7\"}]}<\/script>\n<!-- \/ Yoast SEO plugin. -->","yoast_head_json":{"title":"Celorico vai premiar m\u00e9rito dos estudantes - Jornal Terras de Basto","description":"O Munic\u00edpio de Celorico de Basto inicia o novo ano letivo, a 13 de setembro, com uma sess\u00e3o solene marcada pela atribui\u00e7\u00e3o de pr\u00e9mios de m\u00e9rito escolar aos estudantes do concelho, bolsas no valor de 250 euros.","robots":{"index":"index","follow":"follow","max-snippet":"max-snippet:-1","max-image-preview":"max-image-preview:large","max-video-preview":"max-video-preview:-1"},"canonical":"https:\/\/terrasdebasto.pt\/?p=1762","og_locale":"pt_PT","og_type":"article","og_title":"Celorico vai premiar m\u00e9rito dos estudantes - Jornal Terras de Basto","og_description":"O Munic\u00edpio de Celorico de Basto inicia o novo ano letivo, a 13 de setembro, com uma sess\u00e3o solene marcada pela atribui\u00e7\u00e3o de pr\u00e9mios de m\u00e9rito escolar aos estudantes do concelho, bolsas no valor de 250 euros.","og_url":"https:\/\/terrasdebasto.pt\/?p=1762","og_site_name":"Jornal Terras de Basto","article_published_time":"2024-09-03T23:22:19+00:00","og_image":[{"width":2048,"height":2048,"url":"https:\/\/terrasdebasto.pt\/wp-content\/uploads\/2024\/09\/PREMIOS-ESCOLARES.jpg","type":"image\/jpeg"}],"author":"Jo\u00e3o Paulo Mesquita","twitter_card":"summary_large_image","twitter_misc":{"Escrito por":"Jo\u00e3o Paulo Mesquita","Tempo estimado de leitura":"3 minutos"},"schema":{"@context":"https:\/\/schema.org","@graph":[{"@type":"Article","@id":"https:\/\/terrasdebasto.pt\/?p=1762#article","isPartOf":{"@id":"https:\/\/terrasdebasto.pt\/?p=1762"},"author":{"name":"Jo\u00e3o Paulo Mesquita","@id":"https:\/\/terrasdebasto.pt\/#\/schema\/person\/9f6739f5394ac65c802641773b278b84"},"headline":"Celorico vai premiar m\u00e9rito dos estudantes","datePublished":"2024-09-03T23:22:19+00:00","mainEntityOfPage":{"@id":"https:\/\/terrasdebasto.pt\/?p=1762"},"wordCount":425,"commentCount":0,"publisher":{"@id":"https:\/\/terrasdebasto.pt\/#organization"},"image":{"@id":"https:\/\/terrasdebasto.pt\/?p=1762#primaryimage"},"thumbnailUrl":"https:\/\/terrasdebasto.pt\/wp-content\/uploads\/2024\/09\/PREMIOS-ESCOLARES.jpg","keywords":["Celorico de Basto","Pr\u00e9mios de M\u00e9rito Escolar"],"articleSection":["Celorico de Basto","Educa\u00e7\u00e3o"],"inLanguage":"pt-PT","potentialAction":[{"@type":"CommentAction","name":"Comment","target":["https:\/\/terrasdebasto.pt\/?p=1762#respond"]}]},{"@type":"WebPage","@id":"https:\/\/terrasdebasto.pt\/?p=1762","url":"https:\/\/terrasdebasto.pt\/?p=1762","name":"Celorico vai premiar m\u00e9rito dos estudantes - Jornal Terras de Basto","isPartOf":{"@id":"https:\/\/terrasdebasto.pt\/#website"},"primaryImageOfPage":{"@id":"https:\/\/terrasdebasto.pt\/?p=1762#primaryimage"},"image":{"@id":"https:\/\/terrasdebasto.pt\/?p=1762#primaryimage"},"thumbnailUrl":"https:\/\/terrasdebasto.pt\/wp-content\/uploads\/2024\/09\/PREMIOS-ESCOLARES.jpg","datePublished":"2024-09-03T23:22:19+00:00","description":"O Munic\u00edpio de Celorico de Basto inicia o novo ano letivo, a 13 de setembro, com uma sess\u00e3o solene marcada pela atribui\u00e7\u00e3o de pr\u00e9mios de m\u00e9rito escolar aos estudantes do concelho, bolsas no valor de 250 euros.","breadcrumb":{"@id":"https:\/\/terrasdebasto.pt\/?p=1762#breadcrumb"},"inLanguage":"pt-PT","potentialAction":[{"@type":"ReadAction","target":["https:\/\/terrasdebasto.pt\/?p=1762"]}]},{"@type":"ImageObject","inLanguage":"pt-PT","@id":"https:\/\/terrasdebasto.pt\/?p=1762#primaryimage","url":"https:\/\/terrasdebasto.pt\/wp-content\/uploads\/2024\/09\/PREMIOS-ESCOLARES.jpg","contentUrl":"https:\/\/terrasdebasto.pt\/wp-content\/uploads\/2024\/09\/PREMIOS-ESCOLARES.jpg","width":2048,"height":2048},{"@type":"BreadcrumbList","@id":"https:\/\/terrasdebasto.pt\/?p=1762#breadcrumb","itemListElement":[{"@type":"ListItem","position":1,"name":"In\u00edcio","item":"https:\/\/terrasdebasto.pt\/"},{"@type":"ListItem","position":2,"name":"Celorico vai premiar m\u00e9rito dos estudantes"}]},{"@type":"WebSite","@id":"https:\/\/terrasdebasto.pt\/#website","url":"https:\/\/terrasdebasto.pt\/","name":"Jornal Terras de Basto","description":"","publisher":{"@id":"https:\/\/terrasdebasto.pt\/#organization"},"potentialAction":[{"@type":"SearchAction","target":{"@type":"EntryPoint","urlTemplate":"https:\/\/terrasdebasto.pt\/?s={search_term_string}"},"query-input":{"@type":"PropertyValueSpecification","valueRequired":true,"valueName":"search_term_string"}}],"inLanguage":"pt-PT"},{"@type":"Organization","@id":"https:\/\/terrasdebasto.pt\/#organization","name":"Jornal Terras de Basto","url":"https:\/\/terrasdebasto.pt\/","logo":{"@type":"ImageObject","inLanguage":"pt-PT","@id":"https:\/\/terrasdebasto.pt\/#\/schema\/logo\/image\/","url":"https:\/\/terrasdebasto.pt\/wp-content\/uploads\/2024\/06\/LogoNormal.png","contentUrl":"https:\/\/terrasdebasto.pt\/wp-content\/uploads\/2024\/06\/LogoNormal.png","width":5638,"height":809,"caption":"Jornal Terras de Basto"},"image":{"@id":"https:\/\/terrasdebasto.pt\/#\/schema\/logo\/image\/"}},{"@type":"Person","@id":"https:\/\/terrasdebasto.pt\/#\/schema\/person\/9f6739f5394ac65c802641773b278b84","name":"Jo\u00e3o Paulo Mesquita","image":{"@type":"ImageObject","inLanguage":"pt-PT","@id":"https:\/\/terrasdebasto.pt\/#\/schema\/person\/image\/","url":"https:\/\/secure.gravatar.com\/avatar\/9bd0f299e6d96336664aab64354168246a3ee3287c47891c50d450e47ed9d7f9?s=96&d=mm&r=g","contentUrl":"https:\/\/secure.gravatar.com\/avatar\/9bd0f299e6d96336664aab64354168246a3ee3287c47891c50d450e47ed9d7f9?s=96&d=mm&r=g","caption":"Jo\u00e3o Paulo Mesquita"},"url":"https:\/\/terrasdebasto.pt\/?author=7"}]}},"_links":{"self":[{"href":"https:\/\/terrasdebasto.pt\/index.php?rest_route=\/wp\/v2\/posts\/1762","targetHints":{"allow":["GET"]}}],"collection":[{"href":"https:\/\/terrasdebasto.pt\/index.php?rest_route=\/wp\/v2\/posts"}],"about":[{"href":"https:\/\/terrasdebasto.pt\/index.php?rest_route=\/wp\/v2\/types\/post"}],"author":[{"embeddable":true,"href":"https:\/\/terrasdebasto.pt\/index.php?rest_route=\/wp\/v2\/users\/7"}],"replies":[{"embeddable":true,"href":"https:\/\/terrasdebasto.pt\/index.php?rest_route=%2Fwp%2Fv2%2Fcomments&post=1762"}],"version-history":[{"count":1,"href":"https:\/\/terrasdebasto.pt\/index.php?rest_route=\/wp\/v2\/posts\/1762\/revisions"}],"predecessor-version":[{"id":1764,"href":"https:\/\/terrasdebasto.pt\/index.php?rest_route=\/wp\/v2\/posts\/1762\/revisions\/1764"}],"wp:featuredmedia":[{"embeddable":true,"href":"https:\/\/terrasdebasto.pt\/index.php?rest_route=\/wp\/v2\/media\/1763"}],"wp:attachment":[{"href":"https:\/\/terrasdebasto.pt\/index.php?rest_route=%2Fwp%2Fv2%2Fmedia&parent=1762"}],"wp:term":[{"taxonomy":"category","embeddable":true,"href":"https:\/\/terrasdebasto.pt\/index.php?rest_route=%2Fwp%2Fv2%2Fcategories&post=1762"},{"taxonomy":"post_tag","embeddable":true,"href":"https:\/\/terrasdebasto.pt\/index.php?rest_route=%2Fwp%2Fv2%2Ftags&post=1762"}],"curies":[{"name":"wp","href":"https:\/\/api.w.org\/{rel}","templated":true}]}}