{"id":1755,"date":"2024-09-02T14:08:43","date_gmt":"2024-09-02T14:08:43","guid":{"rendered":"https:\/\/terrasdebasto.pt\/?p=1755"},"modified":"2024-09-02T14:08:44","modified_gmt":"2024-09-02T14:08:44","slug":"heli-do-inem-tomba-em-atei-mondim","status":"publish","type":"post","link":"https:\/\/terrasdebasto.pt\/?p=1755","title":{"rendered":"&#8220;Heli&#8221; do INEM tomba em Atei-Mondim"},"content":{"rendered":"\n<p><\/p>\n\n\n\n<p><strong>Um helic\u00f3ptero do INEM aterrou de emerg\u00eancia ao final da manh\u00e3 desta segunda-feira (12h25, 2) em Mondim de Basto. Os ocupantes da aeronave sofreram escoria\u00e7\u00f5es ligeiras.<\/strong><\/p>\n\n\n\n<p>A <a><\/a>bordo da aeronave seguiam dois pilotos, um m\u00e9dico e um enfermeiro. A aeronave estava a chegar ao destino numa pedreira de Atei, propriedade de uma empresa cabeceirense, quando ocorreu o incidente.<\/p>\n\n\n\n<p>O aparelho ter\u00e1 embatido no ch\u00e3o durante a aterragem de emerg\u00eancia, acabando por se partir.<\/p>\n\n\n\n<p>De acordo com o site da Prote\u00e7\u00e3o Civil, no local est\u00e3o mais de 30 operacionais, apoiados por nove ve\u00edculos.<\/p>\n\n\n\n<p>Este era um dos dois helic\u00f3pteros do INEM a operar no pa\u00eds, a partir de Macedo da Cavaleiros, ficando agora este servi\u00e7o de emerg\u00eancia circunscrito a uma aeronave, sediada em Loul\u00e9.<\/p>\n\n\n\n<p>Segundo o comandante Carlos Magalh\u00e3es, dos BV de Mondim de Basto, os operacionais, mais de 40, est\u00e3o no local a atuar preventivamente na \u00e1rea envolvente, devido ao perigo de inc\u00eandio (o meio a\u00e9reo tem 900 litros de combust\u00edvel).<\/p>\n\n\n\n<p>O helic\u00f3ptero est\u00e1 tombado junto a umas \u00e1rvores.<\/p>\n\n\n\n<p>Os ocupantes do ve\u00edculo foram transportados para o hospital de Vila Real, assim como o trabalhador ferido da pedreira.<\/p>\n\n\n\n<p>Est\u00e3o no local 43 operacionais com 16 ve\u00edculos.<\/p>\n\n\n\n<p>[Foto de arquivo]<\/p>\n","protected":false},"excerpt":{"rendered":"<p>Um helic\u00f3ptero do INEM aterrou de emerg\u00eancia ao final da manh\u00e3 desta segunda-feira (12h25, 2) em Mondim de Basto. Os ocupantes da aeronave sofreram escoria\u00e7\u00f5es ligeiras. A bordo da aeronave seguiam dois pilotos, um m\u00e9dico e um enfermeiro. A aeronave estava a chegar ao destino numa pedreira de Atei, propriedade de uma empresa cabeceirense, quando [&hellip;]<\/p>\n","protected":false},"author":7,"featured_media":1756,"comment_status":"open","ping_status":"open","sticky":false,"template":"","format":"standard","meta":{"footnotes":""},"categories":[16],"tags":[372,191,85],"class_list":{"0":"post-1755","1":"post","2":"type-post","3":"status-publish","4":"format-standard","5":"has-post-thumbnail","7":"category-mondim-de-basto","8":"tag-acidente-aereo","9":"tag-atei","10":"tag-mondim-de-basto"},"yoast_head":"<!-- This site is optimized with the Yoast SEO plugin v25.7 - https:\/\/yoast.com\/wordpress\/plugins\/seo\/ -->\n<title>&quot;Heli&quot; do INEM tomba em Atei-Mondim - Jornal Terras de Basto<\/title>\n<meta name=\"description\" content=\"Um helic\u00f3ptero do INEM aterrou de emerg\u00eancia ao final da manh\u00e3 desta segunda-feira (12h25, 2) em Mondim de Basto. Os ocupantes da aeronave sofreram escoria\u00e7\u00f5es ligeiras.\" \/>\n<meta name=\"robots\" content=\"index, follow, max-snippet:-1, max-image-preview:large, max-video-preview:-1\" \/>\n<link rel=\"canonical\" href=\"https:\/\/terrasdebasto.pt\/?p=1755\" \/>\n<meta property=\"og:locale\" content=\"pt_PT\" \/>\n<meta property=\"og:type\" content=\"article\" \/>\n<meta property=\"og:title\" content=\"&quot;Heli&quot; do INEM tomba em Atei-Mondim - Jornal Terras de Basto\" \/>\n<meta property=\"og:description\" content=\"Um helic\u00f3ptero do INEM aterrou de emerg\u00eancia ao final da manh\u00e3 desta segunda-feira (12h25, 2) em Mondim de Basto. Os ocupantes da aeronave sofreram escoria\u00e7\u00f5es ligeiras.\" \/>\n<meta property=\"og:url\" content=\"https:\/\/terrasdebasto.pt\/?p=1755\" \/>\n<meta property=\"og:site_name\" content=\"Jornal Terras de Basto\" \/>\n<meta property=\"article:published_time\" content=\"2024-09-02T14:08:43+00:00\" \/>\n<meta property=\"article:modified_time\" content=\"2024-09-02T14:08:44+00:00\" \/>\n<meta property=\"og:image\" content=\"https:\/\/terrasdebasto.pt\/wp-content\/uploads\/2024\/09\/HELI.jpg\" \/>\n\t<meta property=\"og:image:width\" content=\"768\" \/>\n\t<meta property=\"og:image:height\" content=\"353\" \/>\n\t<meta property=\"og:image:type\" content=\"image\/jpeg\" \/>\n<meta name=\"author\" content=\"Jo\u00e3o Paulo Mesquita\" \/>\n<meta name=\"twitter:card\" content=\"summary_large_image\" \/>\n<meta name=\"twitter:label1\" content=\"Escrito por\" \/>\n\t<meta name=\"twitter:data1\" content=\"Jo\u00e3o Paulo Mesquita\" \/>\n\t<meta name=\"twitter:label2\" content=\"Tempo estimado de leitura\" \/>\n\t<meta name=\"twitter:data2\" content=\"2 minutos\" \/>\n<script type=\"application\/ld+json\" class=\"yoast-schema-graph\">{\"@context\":\"https:\/\/schema.org\",\"@graph\":[{\"@type\":\"Article\",\"@id\":\"https:\/\/terrasdebasto.pt\/?p=1755#article\",\"isPartOf\":{\"@id\":\"https:\/\/terrasdebasto.pt\/?p=1755\"},\"author\":{\"name\":\"Jo\u00e3o Paulo Mesquita\",\"@id\":\"https:\/\/terrasdebasto.pt\/#\/schema\/person\/9f6739f5394ac65c802641773b278b84\"},\"headline\":\"&#8220;Heli&#8221; do INEM tomba em Atei-Mondim\",\"datePublished\":\"2024-09-02T14:08:43+00:00\",\"dateModified\":\"2024-09-02T14:08:44+00:00\",\"mainEntityOfPage\":{\"@id\":\"https:\/\/terrasdebasto.pt\/?p=1755\"},\"wordCount\":221,\"commentCount\":0,\"publisher\":{\"@id\":\"https:\/\/terrasdebasto.pt\/#organization\"},\"image\":{\"@id\":\"https:\/\/terrasdebasto.pt\/?p=1755#primaryimage\"},\"thumbnailUrl\":\"https:\/\/terrasdebasto.pt\/wp-content\/uploads\/2024\/09\/HELI.jpg\",\"keywords\":[\"Acidente A\u00e9reo\",\"Atei\",\"Mondim de Basto\"],\"articleSection\":[\"Mondim de Basto\"],\"inLanguage\":\"pt-PT\",\"potentialAction\":[{\"@type\":\"CommentAction\",\"name\":\"Comment\",\"target\":[\"https:\/\/terrasdebasto.pt\/?p=1755#respond\"]}]},{\"@type\":\"WebPage\",\"@id\":\"https:\/\/terrasdebasto.pt\/?p=1755\",\"url\":\"https:\/\/terrasdebasto.pt\/?p=1755\",\"name\":\"\\\"Heli\\\" do INEM tomba em Atei-Mondim - Jornal Terras de Basto\",\"isPartOf\":{\"@id\":\"https:\/\/terrasdebasto.pt\/#website\"},\"primaryImageOfPage\":{\"@id\":\"https:\/\/terrasdebasto.pt\/?p=1755#primaryimage\"},\"image\":{\"@id\":\"https:\/\/terrasdebasto.pt\/?p=1755#primaryimage\"},\"thumbnailUrl\":\"https:\/\/terrasdebasto.pt\/wp-content\/uploads\/2024\/09\/HELI.jpg\",\"datePublished\":\"2024-09-02T14:08:43+00:00\",\"dateModified\":\"2024-09-02T14:08:44+00:00\",\"description\":\"Um helic\u00f3ptero do INEM aterrou de emerg\u00eancia ao final da manh\u00e3 desta segunda-feira (12h25, 2) em Mondim de Basto. Os ocupantes da aeronave sofreram escoria\u00e7\u00f5es ligeiras.\",\"breadcrumb\":{\"@id\":\"https:\/\/terrasdebasto.pt\/?p=1755#breadcrumb\"},\"inLanguage\":\"pt-PT\",\"potentialAction\":[{\"@type\":\"ReadAction\",\"target\":[\"https:\/\/terrasdebasto.pt\/?p=1755\"]}]},{\"@type\":\"ImageObject\",\"inLanguage\":\"pt-PT\",\"@id\":\"https:\/\/terrasdebasto.pt\/?p=1755#primaryimage\",\"url\":\"https:\/\/terrasdebasto.pt\/wp-content\/uploads\/2024\/09\/HELI.jpg\",\"contentUrl\":\"https:\/\/terrasdebasto.pt\/wp-content\/uploads\/2024\/09\/HELI.jpg\",\"width\":768,\"height\":353,\"caption\":\"Fotografia de Arquivo\"},{\"@type\":\"BreadcrumbList\",\"@id\":\"https:\/\/terrasdebasto.pt\/?p=1755#breadcrumb\",\"itemListElement\":[{\"@type\":\"ListItem\",\"position\":1,\"name\":\"In\u00edcio\",\"item\":\"https:\/\/terrasdebasto.pt\/\"},{\"@type\":\"ListItem\",\"position\":2,\"name\":\"&#8220;Heli&#8221; do INEM tomba em Atei-Mondim\"}]},{\"@type\":\"WebSite\",\"@id\":\"https:\/\/terrasdebasto.pt\/#website\",\"url\":\"https:\/\/terrasdebasto.pt\/\",\"name\":\"Jornal Terras de Basto\",\"description\":\"\",\"publisher\":{\"@id\":\"https:\/\/terrasdebasto.pt\/#organization\"},\"potentialAction\":[{\"@type\":\"SearchAction\",\"target\":{\"@type\":\"EntryPoint\",\"urlTemplate\":\"https:\/\/terrasdebasto.pt\/?s={search_term_string}\"},\"query-input\":{\"@type\":\"PropertyValueSpecification\",\"valueRequired\":true,\"valueName\":\"search_term_string\"}}],\"inLanguage\":\"pt-PT\"},{\"@type\":\"Organization\",\"@id\":\"https:\/\/terrasdebasto.pt\/#organization\",\"name\":\"Jornal Terras de Basto\",\"url\":\"https:\/\/terrasdebasto.pt\/\",\"logo\":{\"@type\":\"ImageObject\",\"inLanguage\":\"pt-PT\",\"@id\":\"https:\/\/terrasdebasto.pt\/#\/schema\/logo\/image\/\",\"url\":\"https:\/\/terrasdebasto.pt\/wp-content\/uploads\/2024\/06\/LogoNormal.png\",\"contentUrl\":\"https:\/\/terrasdebasto.pt\/wp-content\/uploads\/2024\/06\/LogoNormal.png\",\"width\":5638,\"height\":809,\"caption\":\"Jornal Terras de Basto\"},\"image\":{\"@id\":\"https:\/\/terrasdebasto.pt\/#\/schema\/logo\/image\/\"}},{\"@type\":\"Person\",\"@id\":\"https:\/\/terrasdebasto.pt\/#\/schema\/person\/9f6739f5394ac65c802641773b278b84\",\"name\":\"Jo\u00e3o Paulo Mesquita\",\"image\":{\"@type\":\"ImageObject\",\"inLanguage\":\"pt-PT\",\"@id\":\"https:\/\/terrasdebasto.pt\/#\/schema\/person\/image\/\",\"url\":\"https:\/\/secure.gravatar.com\/avatar\/9bd0f299e6d96336664aab64354168246a3ee3287c47891c50d450e47ed9d7f9?s=96&d=mm&r=g\",\"contentUrl\":\"https:\/\/secure.gravatar.com\/avatar\/9bd0f299e6d96336664aab64354168246a3ee3287c47891c50d450e47ed9d7f9?s=96&d=mm&r=g\",\"caption\":\"Jo\u00e3o Paulo Mesquita\"},\"url\":\"https:\/\/terrasdebasto.pt\/?author=7\"}]}<\/script>\n<!-- \/ Yoast SEO plugin. -->","yoast_head_json":{"title":"\"Heli\" do INEM tomba em Atei-Mondim - Jornal Terras de Basto","description":"Um helic\u00f3ptero do INEM aterrou de emerg\u00eancia ao final da manh\u00e3 desta segunda-feira (12h25, 2) em Mondim de Basto. Os ocupantes da aeronave sofreram escoria\u00e7\u00f5es ligeiras.","robots":{"index":"index","follow":"follow","max-snippet":"max-snippet:-1","max-image-preview":"max-image-preview:large","max-video-preview":"max-video-preview:-1"},"canonical":"https:\/\/terrasdebasto.pt\/?p=1755","og_locale":"pt_PT","og_type":"article","og_title":"\"Heli\" do INEM tomba em Atei-Mondim - Jornal Terras de Basto","og_description":"Um helic\u00f3ptero do INEM aterrou de emerg\u00eancia ao final da manh\u00e3 desta segunda-feira (12h25, 2) em Mondim de Basto. Os ocupantes da aeronave sofreram escoria\u00e7\u00f5es ligeiras.","og_url":"https:\/\/terrasdebasto.pt\/?p=1755","og_site_name":"Jornal Terras de Basto","article_published_time":"2024-09-02T14:08:43+00:00","article_modified_time":"2024-09-02T14:08:44+00:00","og_image":[{"width":768,"height":353,"url":"https:\/\/terrasdebasto.pt\/wp-content\/uploads\/2024\/09\/HELI.jpg","type":"image\/jpeg"}],"author":"Jo\u00e3o Paulo Mesquita","twitter_card":"summary_large_image","twitter_misc":{"Escrito por":"Jo\u00e3o Paulo Mesquita","Tempo estimado de leitura":"2 minutos"},"schema":{"@context":"https:\/\/schema.org","@graph":[{"@type":"Article","@id":"https:\/\/terrasdebasto.pt\/?p=1755#article","isPartOf":{"@id":"https:\/\/terrasdebasto.pt\/?p=1755"},"author":{"name":"Jo\u00e3o Paulo Mesquita","@id":"https:\/\/terrasdebasto.pt\/#\/schema\/person\/9f6739f5394ac65c802641773b278b84"},"headline":"&#8220;Heli&#8221; do INEM tomba em Atei-Mondim","datePublished":"2024-09-02T14:08:43+00:00","dateModified":"2024-09-02T14:08:44+00:00","mainEntityOfPage":{"@id":"https:\/\/terrasdebasto.pt\/?p=1755"},"wordCount":221,"commentCount":0,"publisher":{"@id":"https:\/\/terrasdebasto.pt\/#organization"},"image":{"@id":"https:\/\/terrasdebasto.pt\/?p=1755#primaryimage"},"thumbnailUrl":"https:\/\/terrasdebasto.pt\/wp-content\/uploads\/2024\/09\/HELI.jpg","keywords":["Acidente A\u00e9reo","Atei","Mondim de Basto"],"articleSection":["Mondim de Basto"],"inLanguage":"pt-PT","potentialAction":[{"@type":"CommentAction","name":"Comment","target":["https:\/\/terrasdebasto.pt\/?p=1755#respond"]}]},{"@type":"WebPage","@id":"https:\/\/terrasdebasto.pt\/?p=1755","url":"https:\/\/terrasdebasto.pt\/?p=1755","name":"\"Heli\" do INEM tomba em Atei-Mondim - Jornal Terras de Basto","isPartOf":{"@id":"https:\/\/terrasdebasto.pt\/#website"},"primaryImageOfPage":{"@id":"https:\/\/terrasdebasto.pt\/?p=1755#primaryimage"},"image":{"@id":"https:\/\/terrasdebasto.pt\/?p=1755#primaryimage"},"thumbnailUrl":"https:\/\/terrasdebasto.pt\/wp-content\/uploads\/2024\/09\/HELI.jpg","datePublished":"2024-09-02T14:08:43+00:00","dateModified":"2024-09-02T14:08:44+00:00","description":"Um helic\u00f3ptero do INEM aterrou de emerg\u00eancia ao final da manh\u00e3 desta segunda-feira (12h25, 2) em Mondim de Basto. Os ocupantes da aeronave sofreram escoria\u00e7\u00f5es ligeiras.","breadcrumb":{"@id":"https:\/\/terrasdebasto.pt\/?p=1755#breadcrumb"},"inLanguage":"pt-PT","potentialAction":[{"@type":"ReadAction","target":["https:\/\/terrasdebasto.pt\/?p=1755"]}]},{"@type":"ImageObject","inLanguage":"pt-PT","@id":"https:\/\/terrasdebasto.pt\/?p=1755#primaryimage","url":"https:\/\/terrasdebasto.pt\/wp-content\/uploads\/2024\/09\/HELI.jpg","contentUrl":"https:\/\/terrasdebasto.pt\/wp-content\/uploads\/2024\/09\/HELI.jpg","width":768,"height":353,"caption":"Fotografia de Arquivo"},{"@type":"BreadcrumbList","@id":"https:\/\/terrasdebasto.pt\/?p=1755#breadcrumb","itemListElement":[{"@type":"ListItem","position":1,"name":"In\u00edcio","item":"https:\/\/terrasdebasto.pt\/"},{"@type":"ListItem","position":2,"name":"&#8220;Heli&#8221; do INEM tomba em Atei-Mondim"}]},{"@type":"WebSite","@id":"https:\/\/terrasdebasto.pt\/#website","url":"https:\/\/terrasdebasto.pt\/","name":"Jornal Terras de Basto","description":"","publisher":{"@id":"https:\/\/terrasdebasto.pt\/#organization"},"potentialAction":[{"@type":"SearchAction","target":{"@type":"EntryPoint","urlTemplate":"https:\/\/terrasdebasto.pt\/?s={search_term_string}"},"query-input":{"@type":"PropertyValueSpecification","valueRequired":true,"valueName":"search_term_string"}}],"inLanguage":"pt-PT"},{"@type":"Organization","@id":"https:\/\/terrasdebasto.pt\/#organization","name":"Jornal Terras de Basto","url":"https:\/\/terrasdebasto.pt\/","logo":{"@type":"ImageObject","inLanguage":"pt-PT","@id":"https:\/\/terrasdebasto.pt\/#\/schema\/logo\/image\/","url":"https:\/\/terrasdebasto.pt\/wp-content\/uploads\/2024\/06\/LogoNormal.png","contentUrl":"https:\/\/terrasdebasto.pt\/wp-content\/uploads\/2024\/06\/LogoNormal.png","width":5638,"height":809,"caption":"Jornal Terras de Basto"},"image":{"@id":"https:\/\/terrasdebasto.pt\/#\/schema\/logo\/image\/"}},{"@type":"Person","@id":"https:\/\/terrasdebasto.pt\/#\/schema\/person\/9f6739f5394ac65c802641773b278b84","name":"Jo\u00e3o Paulo Mesquita","image":{"@type":"ImageObject","inLanguage":"pt-PT","@id":"https:\/\/terrasdebasto.pt\/#\/schema\/person\/image\/","url":"https:\/\/secure.gravatar.com\/avatar\/9bd0f299e6d96336664aab64354168246a3ee3287c47891c50d450e47ed9d7f9?s=96&d=mm&r=g","contentUrl":"https:\/\/secure.gravatar.com\/avatar\/9bd0f299e6d96336664aab64354168246a3ee3287c47891c50d450e47ed9d7f9?s=96&d=mm&r=g","caption":"Jo\u00e3o Paulo Mesquita"},"url":"https:\/\/terrasdebasto.pt\/?author=7"}]}},"_links":{"self":[{"href":"https:\/\/terrasdebasto.pt\/index.php?rest_route=\/wp\/v2\/posts\/1755","targetHints":{"allow":["GET"]}}],"collection":[{"href":"https:\/\/terrasdebasto.pt\/index.php?rest_route=\/wp\/v2\/posts"}],"about":[{"href":"https:\/\/terrasdebasto.pt\/index.php?rest_route=\/wp\/v2\/types\/post"}],"author":[{"embeddable":true,"href":"https:\/\/terrasdebasto.pt\/index.php?rest_route=\/wp\/v2\/users\/7"}],"replies":[{"embeddable":true,"href":"https:\/\/terrasdebasto.pt\/index.php?rest_route=%2Fwp%2Fv2%2Fcomments&post=1755"}],"version-history":[{"count":1,"href":"https:\/\/terrasdebasto.pt\/index.php?rest_route=\/wp\/v2\/posts\/1755\/revisions"}],"predecessor-version":[{"id":1757,"href":"https:\/\/terrasdebasto.pt\/index.php?rest_route=\/wp\/v2\/posts\/1755\/revisions\/1757"}],"wp:featuredmedia":[{"embeddable":true,"href":"https:\/\/terrasdebasto.pt\/index.php?rest_route=\/wp\/v2\/media\/1756"}],"wp:attachment":[{"href":"https:\/\/terrasdebasto.pt\/index.php?rest_route=%2Fwp%2Fv2%2Fmedia&parent=1755"}],"wp:term":[{"taxonomy":"category","embeddable":true,"href":"https:\/\/terrasdebasto.pt\/index.php?rest_route=%2Fwp%2Fv2%2Fcategories&post=1755"},{"taxonomy":"post_tag","embeddable":true,"href":"https:\/\/terrasdebasto.pt\/index.php?rest_route=%2Fwp%2Fv2%2Ftags&post=1755"}],"curies":[{"name":"wp","href":"https:\/\/api.w.org\/{rel}","templated":true}]}}