{"id":157,"date":"2024-06-18T09:47:44","date_gmt":"2024-06-18T09:47:44","guid":{"rendered":"http:\/\/tdi_229_6f6"},"modified":"2024-06-19T10:19:40","modified_gmt":"2024-06-19T10:19:40","slug":"5-iconic-tv-show-sets-you-can-actually-visit","status":"publish","type":"post","link":"https:\/\/terrasdebasto.pt\/?p=157","title":{"rendered":"Cabeceiras Cup"},"content":{"rendered":"<p>\u00a0<\/p>\n<p><span class=\"x193iq5w xeuugli x13faqbe x1vvkbs x1xmvt09 x1lliihq x1s928wv xhkezso x1gmr53x x1cpjm7i x1fgarty x1943h6x xudqn12 x3x7a5m x6prxxf xvq8zen xo1l8bm xzsf02u x1yc453h\" dir=\"auto\">S\u00e3o j\u00e1 conhecidas oito das equipas que v\u00e3o disputar a &#8220;Cabeceiras Cup&#8221;, um torneio de ver\u00e3o promovido pelo Clube Desportivo \u00c1guias de Alvite, de Cabeceiras de Basto. Esta 11.\u00aa edi\u00e7\u00e3o acontece a 6 e 7 de julho, sendo apadrinhada pelo jogador cabeceirense V\u00edtor Oliveira (&#8220;Vitinha&#8221;).<\/span><\/p>\n\n\n<center><iframe loading=\"lazy\" src=\"https:\/\/www.facebook.com\/plugins\/post.php?href=https%3A%2F%2Fwww.facebook.com%2Fpermalink.php%3Fstory_fbid%3D122149320812232145%26id%3D61556964370491&#038;show_text=true&#038;width=500\" width=\"500\" height=\"645\" style=\"border:none;overflow:hidden\" scrolling=\"no\" frameborder=\"0\" allowfullscreen=\"true\" allow=\"autoplay; clipboard-write; encrypted-media; picture-in-picture; web-share\"><\/iframe>\n","protected":false},"excerpt":{"rendered":"<p>\u00a0 S\u00e3o j\u00e1 conhecidas oito das equipas que v\u00e3o disputar a &#8220;Cabeceiras Cup&#8221;, um torneio de ver\u00e3o promovido pelo Clube Desportivo \u00c1guias de Alvite, de Cabeceiras de Basto. Esta 11.\u00aa edi\u00e7\u00e3o acontece a 6 e 7 de julho, sendo apadrinhada pelo jogador cabeceirense V\u00edtor Oliveira (&#8220;Vitinha&#8221;).<\/p>\n","protected":false},"author":2,"featured_media":216,"comment_status":"open","ping_status":"open","sticky":false,"template":"","format":"standard","meta":{"footnotes":""},"categories":[12,8],"tags":[],"class_list":{"0":"post-157","1":"post","2":"type-post","3":"status-publish","4":"format-standard","5":"has-post-thumbnail","7":"category-cabeceiras-de-basto","8":"category-desporto"},"yoast_head":"<!-- This site is optimized with the Yoast SEO plugin v25.7 - https:\/\/yoast.com\/wordpress\/plugins\/seo\/ -->\n<title>Cabeceiras Cup - Jornal Terras de Basto<\/title>\n<meta name=\"robots\" content=\"index, follow, max-snippet:-1, max-image-preview:large, max-video-preview:-1\" \/>\n<link rel=\"canonical\" href=\"https:\/\/terrasdebasto.pt\/?p=157\" \/>\n<meta property=\"og:locale\" content=\"pt_PT\" \/>\n<meta property=\"og:type\" content=\"article\" \/>\n<meta property=\"og:title\" content=\"Cabeceiras Cup - Jornal Terras de Basto\" \/>\n<meta property=\"og:description\" content=\"\u00a0 S\u00e3o j\u00e1 conhecidas oito das equipas que v\u00e3o disputar a &#8220;Cabeceiras Cup&#8221;, um torneio de ver\u00e3o promovido pelo Clube Desportivo \u00c1guias de Alvite, de Cabeceiras de Basto. Esta 11.\u00aa edi\u00e7\u00e3o acontece a 6 e 7 de julho, sendo apadrinhada pelo jogador cabeceirense V\u00edtor Oliveira (&#8220;Vitinha&#8221;).\" \/>\n<meta property=\"og:url\" content=\"https:\/\/terrasdebasto.pt\/?p=157\" \/>\n<meta property=\"og:site_name\" content=\"Jornal Terras de Basto\" \/>\n<meta property=\"article:published_time\" content=\"2024-06-18T09:47:44+00:00\" \/>\n<meta property=\"article:modified_time\" content=\"2024-06-19T10:19:40+00:00\" \/>\n<meta property=\"og:image\" content=\"https:\/\/terrasdebasto.pt\/wp-content\/uploads\/2024\/06\/278087094_3215362285415044_4521633970841529623_n-scaled.jpg\" \/>\n\t<meta property=\"og:image:width\" content=\"2560\" \/>\n\t<meta property=\"og:image:height\" content=\"944\" \/>\n\t<meta property=\"og:image:type\" content=\"image\/jpeg\" \/>\n<meta name=\"author\" content=\"addjornal\" \/>\n<meta name=\"twitter:card\" content=\"summary_large_image\" \/>\n<meta name=\"twitter:label1\" content=\"Escrito por\" \/>\n\t<meta name=\"twitter:data1\" content=\"addjornal\" \/>\n<script type=\"application\/ld+json\" class=\"yoast-schema-graph\">{\"@context\":\"https:\/\/schema.org\",\"@graph\":[{\"@type\":\"Article\",\"@id\":\"https:\/\/terrasdebasto.pt\/?p=157#article\",\"isPartOf\":{\"@id\":\"https:\/\/terrasdebasto.pt\/?p=157\"},\"author\":{\"name\":\"addjornal\",\"@id\":\"https:\/\/terrasdebasto.pt\/#\/schema\/person\/f149e6885841de810906b698e796ffaf\"},\"headline\":\"Cabeceiras Cup\",\"datePublished\":\"2024-06-18T09:47:44+00:00\",\"dateModified\":\"2024-06-19T10:19:40+00:00\",\"mainEntityOfPage\":{\"@id\":\"https:\/\/terrasdebasto.pt\/?p=157\"},\"wordCount\":49,\"commentCount\":0,\"publisher\":{\"@id\":\"https:\/\/terrasdebasto.pt\/#organization\"},\"image\":{\"@id\":\"https:\/\/terrasdebasto.pt\/?p=157#primaryimage\"},\"thumbnailUrl\":\"https:\/\/terrasdebasto.pt\/wp-content\/uploads\/2024\/06\/278087094_3215362285415044_4521633970841529623_n-scaled.jpg\",\"articleSection\":[\"Cabeceiras de Basto\",\"Desporto\"],\"inLanguage\":\"pt-PT\",\"potentialAction\":[{\"@type\":\"CommentAction\",\"name\":\"Comment\",\"target\":[\"https:\/\/terrasdebasto.pt\/?p=157#respond\"]}]},{\"@type\":\"WebPage\",\"@id\":\"https:\/\/terrasdebasto.pt\/?p=157\",\"url\":\"https:\/\/terrasdebasto.pt\/?p=157\",\"name\":\"Cabeceiras Cup - Jornal Terras de Basto\",\"isPartOf\":{\"@id\":\"https:\/\/terrasdebasto.pt\/#website\"},\"primaryImageOfPage\":{\"@id\":\"https:\/\/terrasdebasto.pt\/?p=157#primaryimage\"},\"image\":{\"@id\":\"https:\/\/terrasdebasto.pt\/?p=157#primaryimage\"},\"thumbnailUrl\":\"https:\/\/terrasdebasto.pt\/wp-content\/uploads\/2024\/06\/278087094_3215362285415044_4521633970841529623_n-scaled.jpg\",\"datePublished\":\"2024-06-18T09:47:44+00:00\",\"dateModified\":\"2024-06-19T10:19:40+00:00\",\"breadcrumb\":{\"@id\":\"https:\/\/terrasdebasto.pt\/?p=157#breadcrumb\"},\"inLanguage\":\"pt-PT\",\"potentialAction\":[{\"@type\":\"ReadAction\",\"target\":[\"https:\/\/terrasdebasto.pt\/?p=157\"]}]},{\"@type\":\"ImageObject\",\"inLanguage\":\"pt-PT\",\"@id\":\"https:\/\/terrasdebasto.pt\/?p=157#primaryimage\",\"url\":\"https:\/\/terrasdebasto.pt\/wp-content\/uploads\/2024\/06\/278087094_3215362285415044_4521633970841529623_n-scaled.jpg\",\"contentUrl\":\"https:\/\/terrasdebasto.pt\/wp-content\/uploads\/2024\/06\/278087094_3215362285415044_4521633970841529623_n-scaled.jpg\",\"width\":2560,\"height\":944},{\"@type\":\"BreadcrumbList\",\"@id\":\"https:\/\/terrasdebasto.pt\/?p=157#breadcrumb\",\"itemListElement\":[{\"@type\":\"ListItem\",\"position\":1,\"name\":\"In\u00edcio\",\"item\":\"https:\/\/terrasdebasto.pt\/\"},{\"@type\":\"ListItem\",\"position\":2,\"name\":\"Cabeceiras Cup\"}]},{\"@type\":\"WebSite\",\"@id\":\"https:\/\/terrasdebasto.pt\/#website\",\"url\":\"https:\/\/terrasdebasto.pt\/\",\"name\":\"Jornal Terras de Basto\",\"description\":\"\",\"publisher\":{\"@id\":\"https:\/\/terrasdebasto.pt\/#organization\"},\"potentialAction\":[{\"@type\":\"SearchAction\",\"target\":{\"@type\":\"EntryPoint\",\"urlTemplate\":\"https:\/\/terrasdebasto.pt\/?s={search_term_string}\"},\"query-input\":{\"@type\":\"PropertyValueSpecification\",\"valueRequired\":true,\"valueName\":\"search_term_string\"}}],\"inLanguage\":\"pt-PT\"},{\"@type\":\"Organization\",\"@id\":\"https:\/\/terrasdebasto.pt\/#organization\",\"name\":\"Jornal Terras de Basto\",\"url\":\"https:\/\/terrasdebasto.pt\/\",\"logo\":{\"@type\":\"ImageObject\",\"inLanguage\":\"pt-PT\",\"@id\":\"https:\/\/terrasdebasto.pt\/#\/schema\/logo\/image\/\",\"url\":\"https:\/\/terrasdebasto.pt\/wp-content\/uploads\/2024\/06\/LogoNormal.png\",\"contentUrl\":\"https:\/\/terrasdebasto.pt\/wp-content\/uploads\/2024\/06\/LogoNormal.png\",\"width\":5638,\"height\":809,\"caption\":\"Jornal Terras de Basto\"},\"image\":{\"@id\":\"https:\/\/terrasdebasto.pt\/#\/schema\/logo\/image\/\"}},{\"@type\":\"Person\",\"@id\":\"https:\/\/terrasdebasto.pt\/#\/schema\/person\/f149e6885841de810906b698e796ffaf\",\"name\":\"addjornal\",\"image\":{\"@type\":\"ImageObject\",\"inLanguage\":\"pt-PT\",\"@id\":\"https:\/\/terrasdebasto.pt\/#\/schema\/person\/image\/\",\"url\":\"https:\/\/secure.gravatar.com\/avatar\/2e5367a437686317c4cd184cb863b4793855bc14c94e104154a1dccfcfeb20ff?s=96&d=mm&r=g\",\"contentUrl\":\"https:\/\/secure.gravatar.com\/avatar\/2e5367a437686317c4cd184cb863b4793855bc14c94e104154a1dccfcfeb20ff?s=96&d=mm&r=g\",\"caption\":\"addjornal\"},\"url\":\"https:\/\/terrasdebasto.pt\/?author=2\"}]}<\/script>\n<!-- \/ Yoast SEO plugin. -->","yoast_head_json":{"title":"Cabeceiras Cup - Jornal Terras de Basto","robots":{"index":"index","follow":"follow","max-snippet":"max-snippet:-1","max-image-preview":"max-image-preview:large","max-video-preview":"max-video-preview:-1"},"canonical":"https:\/\/terrasdebasto.pt\/?p=157","og_locale":"pt_PT","og_type":"article","og_title":"Cabeceiras Cup - Jornal Terras de Basto","og_description":"\u00a0 S\u00e3o j\u00e1 conhecidas oito das equipas que v\u00e3o disputar a &#8220;Cabeceiras Cup&#8221;, um torneio de ver\u00e3o promovido pelo Clube Desportivo \u00c1guias de Alvite, de Cabeceiras de Basto. Esta 11.\u00aa edi\u00e7\u00e3o acontece a 6 e 7 de julho, sendo apadrinhada pelo jogador cabeceirense V\u00edtor Oliveira (&#8220;Vitinha&#8221;).","og_url":"https:\/\/terrasdebasto.pt\/?p=157","og_site_name":"Jornal Terras de Basto","article_published_time":"2024-06-18T09:47:44+00:00","article_modified_time":"2024-06-19T10:19:40+00:00","og_image":[{"width":2560,"height":944,"url":"https:\/\/terrasdebasto.pt\/wp-content\/uploads\/2024\/06\/278087094_3215362285415044_4521633970841529623_n-scaled.jpg","type":"image\/jpeg"}],"author":"addjornal","twitter_card":"summary_large_image","twitter_misc":{"Escrito por":"addjornal"},"schema":{"@context":"https:\/\/schema.org","@graph":[{"@type":"Article","@id":"https:\/\/terrasdebasto.pt\/?p=157#article","isPartOf":{"@id":"https:\/\/terrasdebasto.pt\/?p=157"},"author":{"name":"addjornal","@id":"https:\/\/terrasdebasto.pt\/#\/schema\/person\/f149e6885841de810906b698e796ffaf"},"headline":"Cabeceiras Cup","datePublished":"2024-06-18T09:47:44+00:00","dateModified":"2024-06-19T10:19:40+00:00","mainEntityOfPage":{"@id":"https:\/\/terrasdebasto.pt\/?p=157"},"wordCount":49,"commentCount":0,"publisher":{"@id":"https:\/\/terrasdebasto.pt\/#organization"},"image":{"@id":"https:\/\/terrasdebasto.pt\/?p=157#primaryimage"},"thumbnailUrl":"https:\/\/terrasdebasto.pt\/wp-content\/uploads\/2024\/06\/278087094_3215362285415044_4521633970841529623_n-scaled.jpg","articleSection":["Cabeceiras de Basto","Desporto"],"inLanguage":"pt-PT","potentialAction":[{"@type":"CommentAction","name":"Comment","target":["https:\/\/terrasdebasto.pt\/?p=157#respond"]}]},{"@type":"WebPage","@id":"https:\/\/terrasdebasto.pt\/?p=157","url":"https:\/\/terrasdebasto.pt\/?p=157","name":"Cabeceiras Cup - Jornal Terras de Basto","isPartOf":{"@id":"https:\/\/terrasdebasto.pt\/#website"},"primaryImageOfPage":{"@id":"https:\/\/terrasdebasto.pt\/?p=157#primaryimage"},"image":{"@id":"https:\/\/terrasdebasto.pt\/?p=157#primaryimage"},"thumbnailUrl":"https:\/\/terrasdebasto.pt\/wp-content\/uploads\/2024\/06\/278087094_3215362285415044_4521633970841529623_n-scaled.jpg","datePublished":"2024-06-18T09:47:44+00:00","dateModified":"2024-06-19T10:19:40+00:00","breadcrumb":{"@id":"https:\/\/terrasdebasto.pt\/?p=157#breadcrumb"},"inLanguage":"pt-PT","potentialAction":[{"@type":"ReadAction","target":["https:\/\/terrasdebasto.pt\/?p=157"]}]},{"@type":"ImageObject","inLanguage":"pt-PT","@id":"https:\/\/terrasdebasto.pt\/?p=157#primaryimage","url":"https:\/\/terrasdebasto.pt\/wp-content\/uploads\/2024\/06\/278087094_3215362285415044_4521633970841529623_n-scaled.jpg","contentUrl":"https:\/\/terrasdebasto.pt\/wp-content\/uploads\/2024\/06\/278087094_3215362285415044_4521633970841529623_n-scaled.jpg","width":2560,"height":944},{"@type":"BreadcrumbList","@id":"https:\/\/terrasdebasto.pt\/?p=157#breadcrumb","itemListElement":[{"@type":"ListItem","position":1,"name":"In\u00edcio","item":"https:\/\/terrasdebasto.pt\/"},{"@type":"ListItem","position":2,"name":"Cabeceiras Cup"}]},{"@type":"WebSite","@id":"https:\/\/terrasdebasto.pt\/#website","url":"https:\/\/terrasdebasto.pt\/","name":"Jornal Terras de Basto","description":"","publisher":{"@id":"https:\/\/terrasdebasto.pt\/#organization"},"potentialAction":[{"@type":"SearchAction","target":{"@type":"EntryPoint","urlTemplate":"https:\/\/terrasdebasto.pt\/?s={search_term_string}"},"query-input":{"@type":"PropertyValueSpecification","valueRequired":true,"valueName":"search_term_string"}}],"inLanguage":"pt-PT"},{"@type":"Organization","@id":"https:\/\/terrasdebasto.pt\/#organization","name":"Jornal Terras de Basto","url":"https:\/\/terrasdebasto.pt\/","logo":{"@type":"ImageObject","inLanguage":"pt-PT","@id":"https:\/\/terrasdebasto.pt\/#\/schema\/logo\/image\/","url":"https:\/\/terrasdebasto.pt\/wp-content\/uploads\/2024\/06\/LogoNormal.png","contentUrl":"https:\/\/terrasdebasto.pt\/wp-content\/uploads\/2024\/06\/LogoNormal.png","width":5638,"height":809,"caption":"Jornal Terras de Basto"},"image":{"@id":"https:\/\/terrasdebasto.pt\/#\/schema\/logo\/image\/"}},{"@type":"Person","@id":"https:\/\/terrasdebasto.pt\/#\/schema\/person\/f149e6885841de810906b698e796ffaf","name":"addjornal","image":{"@type":"ImageObject","inLanguage":"pt-PT","@id":"https:\/\/terrasdebasto.pt\/#\/schema\/person\/image\/","url":"https:\/\/secure.gravatar.com\/avatar\/2e5367a437686317c4cd184cb863b4793855bc14c94e104154a1dccfcfeb20ff?s=96&d=mm&r=g","contentUrl":"https:\/\/secure.gravatar.com\/avatar\/2e5367a437686317c4cd184cb863b4793855bc14c94e104154a1dccfcfeb20ff?s=96&d=mm&r=g","caption":"addjornal"},"url":"https:\/\/terrasdebasto.pt\/?author=2"}]}},"_links":{"self":[{"href":"https:\/\/terrasdebasto.pt\/index.php?rest_route=\/wp\/v2\/posts\/157","targetHints":{"allow":["GET"]}}],"collection":[{"href":"https:\/\/terrasdebasto.pt\/index.php?rest_route=\/wp\/v2\/posts"}],"about":[{"href":"https:\/\/terrasdebasto.pt\/index.php?rest_route=\/wp\/v2\/types\/post"}],"author":[{"embeddable":true,"href":"https:\/\/terrasdebasto.pt\/index.php?rest_route=\/wp\/v2\/users\/2"}],"replies":[{"embeddable":true,"href":"https:\/\/terrasdebasto.pt\/index.php?rest_route=%2Fwp%2Fv2%2Fcomments&post=157"}],"version-history":[{"count":3,"href":"https:\/\/terrasdebasto.pt\/index.php?rest_route=\/wp\/v2\/posts\/157\/revisions"}],"predecessor-version":[{"id":218,"href":"https:\/\/terrasdebasto.pt\/index.php?rest_route=\/wp\/v2\/posts\/157\/revisions\/218"}],"wp:featuredmedia":[{"embeddable":true,"href":"https:\/\/terrasdebasto.pt\/index.php?rest_route=\/wp\/v2\/media\/216"}],"wp:attachment":[{"href":"https:\/\/terrasdebasto.pt\/index.php?rest_route=%2Fwp%2Fv2%2Fmedia&parent=157"}],"wp:term":[{"taxonomy":"category","embeddable":true,"href":"https:\/\/terrasdebasto.pt\/index.php?rest_route=%2Fwp%2Fv2%2Fcategories&post=157"},{"taxonomy":"post_tag","embeddable":true,"href":"https:\/\/terrasdebasto.pt\/index.php?rest_route=%2Fwp%2Fv2%2Ftags&post=157"}],"curies":[{"name":"wp","href":"https:\/\/api.w.org\/{rel}","templated":true}]}}