{"id":153,"date":"2024-06-18T09:47:44","date_gmt":"2024-06-18T09:47:44","guid":{"rendered":"http:\/\/tdi_227_763"},"modified":"2024-06-19T10:23:51","modified_gmt":"2024-06-19T10:23:51","slug":"the-art-of-tv-show-revivals-hits-and-misses","status":"publish","type":"post","link":"https:\/\/terrasdebasto.pt\/?p=153","title":{"rendered":"Ribeira de pena atualiza viaturas de transporte"},"content":{"rendered":"<div class=\"x11i5rnm xat24cr x1mh8g0r x1vvkbs xtlvy1s x126k92a\">\n<div dir=\"auto\"><strong>Ribeira de Pena tem duas novas viaturas destinadas ao transporte escolar, medida que \u2013 diz o munic\u00edpio, que as adquiriu \u2013 visa garantir a seguran\u00e7a e a qualidade no servi\u00e7o oferecido aos alunos do Agrupamento de Escolas de Ribeira de Pena.<\/p>\n<p><\/strong><\/div>\n<\/div>\n<div class=\"x11i5rnm xat24cr x1mh8g0r x1vvkbs xtlvy1s x126k92a\">\n<div dir=\"auto\">A primeira viatura, da marca \u201cMercedes\u201d, tem capacidade para 20 lugares e foi adquirida por 87.022,50\u20ac. A segunda viatura, da marca \u201cIveco\u201d, tem capacidade para 31 lugares e representou um custo de 137.495,15\u20ac.<\/p>\n<\/div>\n<\/div>\n<div class=\"x11i5rnm xat24cr x1mh8g0r x1vvkbs xtlvy1s x126k92a\">\n<div dir=\"auto\">\u00abA aquisi\u00e7\u00e3o destas novas viaturas surge em resposta \u00e0 nova legisla\u00e7\u00e3o que, a partir de junho, impede a circula\u00e7\u00e3o de ve\u00edculos antigos no transporte de crian\u00e7as\u00bb, diz o munic\u00edpio.<\/p>\n<\/div>\n<\/div>\n<div class=\"x11i5rnm xat24cr x1mh8g0r x1vvkbs xtlvy1s x126k92a\">\n<div dir=\"auto\">Jo\u00e3o Noronha, presidente do executivo municipal, sublinha a import\u00e2ncia desta medida, sublinhando como de \u00abextrema import\u00e2ncia garantir a seguran\u00e7a das crian\u00e7as\u00bb, que representam \u00abo bem mais precioso do concelho\u00bb.<\/div>\n<\/div>\n","protected":false},"excerpt":{"rendered":"<p>Ribeira de Pena tem duas novas viaturas destinadas ao transporte escolar, medida que \u2013 diz o munic\u00edpio, que as adquiriu \u2013 visa garantir a seguran\u00e7a e a qualidade no servi\u00e7o oferecido aos alunos do Agrupamento de Escolas de Ribeira de Pena. A primeira viatura, da marca \u201cMercedes\u201d, tem capacidade para 20 lugares e foi adquirida [&hellip;]<\/p>\n","protected":false},"author":2,"featured_media":213,"comment_status":"open","ping_status":"open","sticky":false,"template":"","format":"standard","meta":{"footnotes":""},"categories":[26,9],"tags":[],"class_list":{"0":"post-153","1":"post","2":"type-post","3":"status-publish","4":"format-standard","5":"has-post-thumbnail","7":"category-ribeira-de-pena","8":"category-terras-de-basto"},"yoast_head":"<!-- This site is optimized with the Yoast SEO plugin v25.7 - https:\/\/yoast.com\/wordpress\/plugins\/seo\/ -->\n<title>Ribeira de pena atualiza viaturas de transporte - Jornal Terras de Basto<\/title>\n<meta name=\"robots\" content=\"index, follow, max-snippet:-1, max-image-preview:large, max-video-preview:-1\" \/>\n<link rel=\"canonical\" href=\"https:\/\/terrasdebasto.pt\/?p=153\" \/>\n<meta property=\"og:locale\" content=\"pt_PT\" \/>\n<meta property=\"og:type\" content=\"article\" \/>\n<meta property=\"og:title\" content=\"Ribeira de pena atualiza viaturas de transporte - Jornal Terras de Basto\" \/>\n<meta property=\"og:description\" content=\"Ribeira de Pena tem duas novas viaturas destinadas ao transporte escolar, medida que \u2013 diz o munic\u00edpio, que as adquiriu \u2013 visa garantir a seguran\u00e7a e a qualidade no servi\u00e7o oferecido aos alunos do Agrupamento de Escolas de Ribeira de Pena. A primeira viatura, da marca \u201cMercedes\u201d, tem capacidade para 20 lugares e foi adquirida [&hellip;]\" \/>\n<meta property=\"og:url\" content=\"https:\/\/terrasdebasto.pt\/?p=153\" \/>\n<meta property=\"og:site_name\" content=\"Jornal Terras de Basto\" \/>\n<meta property=\"article:published_time\" content=\"2024-06-18T09:47:44+00:00\" \/>\n<meta property=\"article:modified_time\" content=\"2024-06-19T10:23:51+00:00\" \/>\n<meta property=\"og:image\" content=\"https:\/\/terrasdebasto.pt\/wp-content\/uploads\/2024\/06\/448554151_122149324460232145_8640675584536310977_n.jpg\" \/>\n\t<meta property=\"og:image:width\" content=\"1440\" \/>\n\t<meta property=\"og:image:height\" content=\"960\" \/>\n\t<meta property=\"og:image:type\" content=\"image\/jpeg\" \/>\n<meta name=\"author\" content=\"addjornal\" \/>\n<meta name=\"twitter:card\" content=\"summary_large_image\" \/>\n<meta name=\"twitter:label1\" content=\"Escrito por\" \/>\n\t<meta name=\"twitter:data1\" content=\"addjornal\" \/>\n\t<meta name=\"twitter:label2\" content=\"Tempo estimado de leitura\" \/>\n\t<meta name=\"twitter:data2\" content=\"1 minuto\" \/>\n<script type=\"application\/ld+json\" class=\"yoast-schema-graph\">{\"@context\":\"https:\/\/schema.org\",\"@graph\":[{\"@type\":\"Article\",\"@id\":\"https:\/\/terrasdebasto.pt\/?p=153#article\",\"isPartOf\":{\"@id\":\"https:\/\/terrasdebasto.pt\/?p=153\"},\"author\":{\"name\":\"addjornal\",\"@id\":\"https:\/\/terrasdebasto.pt\/#\/schema\/person\/f149e6885841de810906b698e796ffaf\"},\"headline\":\"Ribeira de pena atualiza viaturas de transporte\",\"datePublished\":\"2024-06-18T09:47:44+00:00\",\"dateModified\":\"2024-06-19T10:23:51+00:00\",\"mainEntityOfPage\":{\"@id\":\"https:\/\/terrasdebasto.pt\/?p=153\"},\"wordCount\":146,\"commentCount\":0,\"publisher\":{\"@id\":\"https:\/\/terrasdebasto.pt\/#organization\"},\"image\":{\"@id\":\"https:\/\/terrasdebasto.pt\/?p=153#primaryimage\"},\"thumbnailUrl\":\"https:\/\/terrasdebasto.pt\/wp-content\/uploads\/2024\/06\/448554151_122149324460232145_8640675584536310977_n.jpg\",\"articleSection\":[\"Ribeira de Pena\",\"Terras de Basto\"],\"inLanguage\":\"pt-PT\",\"potentialAction\":[{\"@type\":\"CommentAction\",\"name\":\"Comment\",\"target\":[\"https:\/\/terrasdebasto.pt\/?p=153#respond\"]}]},{\"@type\":\"WebPage\",\"@id\":\"https:\/\/terrasdebasto.pt\/?p=153\",\"url\":\"https:\/\/terrasdebasto.pt\/?p=153\",\"name\":\"Ribeira de pena atualiza viaturas de transporte - Jornal Terras de Basto\",\"isPartOf\":{\"@id\":\"https:\/\/terrasdebasto.pt\/#website\"},\"primaryImageOfPage\":{\"@id\":\"https:\/\/terrasdebasto.pt\/?p=153#primaryimage\"},\"image\":{\"@id\":\"https:\/\/terrasdebasto.pt\/?p=153#primaryimage\"},\"thumbnailUrl\":\"https:\/\/terrasdebasto.pt\/wp-content\/uploads\/2024\/06\/448554151_122149324460232145_8640675584536310977_n.jpg\",\"datePublished\":\"2024-06-18T09:47:44+00:00\",\"dateModified\":\"2024-06-19T10:23:51+00:00\",\"breadcrumb\":{\"@id\":\"https:\/\/terrasdebasto.pt\/?p=153#breadcrumb\"},\"inLanguage\":\"pt-PT\",\"potentialAction\":[{\"@type\":\"ReadAction\",\"target\":[\"https:\/\/terrasdebasto.pt\/?p=153\"]}]},{\"@type\":\"ImageObject\",\"inLanguage\":\"pt-PT\",\"@id\":\"https:\/\/terrasdebasto.pt\/?p=153#primaryimage\",\"url\":\"https:\/\/terrasdebasto.pt\/wp-content\/uploads\/2024\/06\/448554151_122149324460232145_8640675584536310977_n.jpg\",\"contentUrl\":\"https:\/\/terrasdebasto.pt\/wp-content\/uploads\/2024\/06\/448554151_122149324460232145_8640675584536310977_n.jpg\",\"width\":1440,\"height\":960},{\"@type\":\"BreadcrumbList\",\"@id\":\"https:\/\/terrasdebasto.pt\/?p=153#breadcrumb\",\"itemListElement\":[{\"@type\":\"ListItem\",\"position\":1,\"name\":\"In\u00edcio\",\"item\":\"https:\/\/terrasdebasto.pt\/\"},{\"@type\":\"ListItem\",\"position\":2,\"name\":\"Ribeira de pena atualiza viaturas de transporte\"}]},{\"@type\":\"WebSite\",\"@id\":\"https:\/\/terrasdebasto.pt\/#website\",\"url\":\"https:\/\/terrasdebasto.pt\/\",\"name\":\"Jornal Terras de Basto\",\"description\":\"\",\"publisher\":{\"@id\":\"https:\/\/terrasdebasto.pt\/#organization\"},\"potentialAction\":[{\"@type\":\"SearchAction\",\"target\":{\"@type\":\"EntryPoint\",\"urlTemplate\":\"https:\/\/terrasdebasto.pt\/?s={search_term_string}\"},\"query-input\":{\"@type\":\"PropertyValueSpecification\",\"valueRequired\":true,\"valueName\":\"search_term_string\"}}],\"inLanguage\":\"pt-PT\"},{\"@type\":\"Organization\",\"@id\":\"https:\/\/terrasdebasto.pt\/#organization\",\"name\":\"Jornal Terras de Basto\",\"url\":\"https:\/\/terrasdebasto.pt\/\",\"logo\":{\"@type\":\"ImageObject\",\"inLanguage\":\"pt-PT\",\"@id\":\"https:\/\/terrasdebasto.pt\/#\/schema\/logo\/image\/\",\"url\":\"https:\/\/terrasdebasto.pt\/wp-content\/uploads\/2024\/06\/LogoNormal.png\",\"contentUrl\":\"https:\/\/terrasdebasto.pt\/wp-content\/uploads\/2024\/06\/LogoNormal.png\",\"width\":5638,\"height\":809,\"caption\":\"Jornal Terras de Basto\"},\"image\":{\"@id\":\"https:\/\/terrasdebasto.pt\/#\/schema\/logo\/image\/\"}},{\"@type\":\"Person\",\"@id\":\"https:\/\/terrasdebasto.pt\/#\/schema\/person\/f149e6885841de810906b698e796ffaf\",\"name\":\"addjornal\",\"image\":{\"@type\":\"ImageObject\",\"inLanguage\":\"pt-PT\",\"@id\":\"https:\/\/terrasdebasto.pt\/#\/schema\/person\/image\/\",\"url\":\"https:\/\/secure.gravatar.com\/avatar\/2e5367a437686317c4cd184cb863b4793855bc14c94e104154a1dccfcfeb20ff?s=96&d=mm&r=g\",\"contentUrl\":\"https:\/\/secure.gravatar.com\/avatar\/2e5367a437686317c4cd184cb863b4793855bc14c94e104154a1dccfcfeb20ff?s=96&d=mm&r=g\",\"caption\":\"addjornal\"},\"url\":\"https:\/\/terrasdebasto.pt\/?author=2\"}]}<\/script>\n<!-- \/ Yoast SEO plugin. -->","yoast_head_json":{"title":"Ribeira de pena atualiza viaturas de transporte - Jornal Terras de Basto","robots":{"index":"index","follow":"follow","max-snippet":"max-snippet:-1","max-image-preview":"max-image-preview:large","max-video-preview":"max-video-preview:-1"},"canonical":"https:\/\/terrasdebasto.pt\/?p=153","og_locale":"pt_PT","og_type":"article","og_title":"Ribeira de pena atualiza viaturas de transporte - Jornal Terras de Basto","og_description":"Ribeira de Pena tem duas novas viaturas destinadas ao transporte escolar, medida que \u2013 diz o munic\u00edpio, que as adquiriu \u2013 visa garantir a seguran\u00e7a e a qualidade no servi\u00e7o oferecido aos alunos do Agrupamento de Escolas de Ribeira de Pena. A primeira viatura, da marca \u201cMercedes\u201d, tem capacidade para 20 lugares e foi adquirida [&hellip;]","og_url":"https:\/\/terrasdebasto.pt\/?p=153","og_site_name":"Jornal Terras de Basto","article_published_time":"2024-06-18T09:47:44+00:00","article_modified_time":"2024-06-19T10:23:51+00:00","og_image":[{"width":1440,"height":960,"url":"https:\/\/terrasdebasto.pt\/wp-content\/uploads\/2024\/06\/448554151_122149324460232145_8640675584536310977_n.jpg","type":"image\/jpeg"}],"author":"addjornal","twitter_card":"summary_large_image","twitter_misc":{"Escrito por":"addjornal","Tempo estimado de leitura":"1 minuto"},"schema":{"@context":"https:\/\/schema.org","@graph":[{"@type":"Article","@id":"https:\/\/terrasdebasto.pt\/?p=153#article","isPartOf":{"@id":"https:\/\/terrasdebasto.pt\/?p=153"},"author":{"name":"addjornal","@id":"https:\/\/terrasdebasto.pt\/#\/schema\/person\/f149e6885841de810906b698e796ffaf"},"headline":"Ribeira de pena atualiza viaturas de transporte","datePublished":"2024-06-18T09:47:44+00:00","dateModified":"2024-06-19T10:23:51+00:00","mainEntityOfPage":{"@id":"https:\/\/terrasdebasto.pt\/?p=153"},"wordCount":146,"commentCount":0,"publisher":{"@id":"https:\/\/terrasdebasto.pt\/#organization"},"image":{"@id":"https:\/\/terrasdebasto.pt\/?p=153#primaryimage"},"thumbnailUrl":"https:\/\/terrasdebasto.pt\/wp-content\/uploads\/2024\/06\/448554151_122149324460232145_8640675584536310977_n.jpg","articleSection":["Ribeira de Pena","Terras de Basto"],"inLanguage":"pt-PT","potentialAction":[{"@type":"CommentAction","name":"Comment","target":["https:\/\/terrasdebasto.pt\/?p=153#respond"]}]},{"@type":"WebPage","@id":"https:\/\/terrasdebasto.pt\/?p=153","url":"https:\/\/terrasdebasto.pt\/?p=153","name":"Ribeira de pena atualiza viaturas de transporte - Jornal Terras de Basto","isPartOf":{"@id":"https:\/\/terrasdebasto.pt\/#website"},"primaryImageOfPage":{"@id":"https:\/\/terrasdebasto.pt\/?p=153#primaryimage"},"image":{"@id":"https:\/\/terrasdebasto.pt\/?p=153#primaryimage"},"thumbnailUrl":"https:\/\/terrasdebasto.pt\/wp-content\/uploads\/2024\/06\/448554151_122149324460232145_8640675584536310977_n.jpg","datePublished":"2024-06-18T09:47:44+00:00","dateModified":"2024-06-19T10:23:51+00:00","breadcrumb":{"@id":"https:\/\/terrasdebasto.pt\/?p=153#breadcrumb"},"inLanguage":"pt-PT","potentialAction":[{"@type":"ReadAction","target":["https:\/\/terrasdebasto.pt\/?p=153"]}]},{"@type":"ImageObject","inLanguage":"pt-PT","@id":"https:\/\/terrasdebasto.pt\/?p=153#primaryimage","url":"https:\/\/terrasdebasto.pt\/wp-content\/uploads\/2024\/06\/448554151_122149324460232145_8640675584536310977_n.jpg","contentUrl":"https:\/\/terrasdebasto.pt\/wp-content\/uploads\/2024\/06\/448554151_122149324460232145_8640675584536310977_n.jpg","width":1440,"height":960},{"@type":"BreadcrumbList","@id":"https:\/\/terrasdebasto.pt\/?p=153#breadcrumb","itemListElement":[{"@type":"ListItem","position":1,"name":"In\u00edcio","item":"https:\/\/terrasdebasto.pt\/"},{"@type":"ListItem","position":2,"name":"Ribeira de pena atualiza viaturas de transporte"}]},{"@type":"WebSite","@id":"https:\/\/terrasdebasto.pt\/#website","url":"https:\/\/terrasdebasto.pt\/","name":"Jornal Terras de Basto","description":"","publisher":{"@id":"https:\/\/terrasdebasto.pt\/#organization"},"potentialAction":[{"@type":"SearchAction","target":{"@type":"EntryPoint","urlTemplate":"https:\/\/terrasdebasto.pt\/?s={search_term_string}"},"query-input":{"@type":"PropertyValueSpecification","valueRequired":true,"valueName":"search_term_string"}}],"inLanguage":"pt-PT"},{"@type":"Organization","@id":"https:\/\/terrasdebasto.pt\/#organization","name":"Jornal Terras de Basto","url":"https:\/\/terrasdebasto.pt\/","logo":{"@type":"ImageObject","inLanguage":"pt-PT","@id":"https:\/\/terrasdebasto.pt\/#\/schema\/logo\/image\/","url":"https:\/\/terrasdebasto.pt\/wp-content\/uploads\/2024\/06\/LogoNormal.png","contentUrl":"https:\/\/terrasdebasto.pt\/wp-content\/uploads\/2024\/06\/LogoNormal.png","width":5638,"height":809,"caption":"Jornal Terras de Basto"},"image":{"@id":"https:\/\/terrasdebasto.pt\/#\/schema\/logo\/image\/"}},{"@type":"Person","@id":"https:\/\/terrasdebasto.pt\/#\/schema\/person\/f149e6885841de810906b698e796ffaf","name":"addjornal","image":{"@type":"ImageObject","inLanguage":"pt-PT","@id":"https:\/\/terrasdebasto.pt\/#\/schema\/person\/image\/","url":"https:\/\/secure.gravatar.com\/avatar\/2e5367a437686317c4cd184cb863b4793855bc14c94e104154a1dccfcfeb20ff?s=96&d=mm&r=g","contentUrl":"https:\/\/secure.gravatar.com\/avatar\/2e5367a437686317c4cd184cb863b4793855bc14c94e104154a1dccfcfeb20ff?s=96&d=mm&r=g","caption":"addjornal"},"url":"https:\/\/terrasdebasto.pt\/?author=2"}]}},"_links":{"self":[{"href":"https:\/\/terrasdebasto.pt\/index.php?rest_route=\/wp\/v2\/posts\/153","targetHints":{"allow":["GET"]}}],"collection":[{"href":"https:\/\/terrasdebasto.pt\/index.php?rest_route=\/wp\/v2\/posts"}],"about":[{"href":"https:\/\/terrasdebasto.pt\/index.php?rest_route=\/wp\/v2\/types\/post"}],"author":[{"embeddable":true,"href":"https:\/\/terrasdebasto.pt\/index.php?rest_route=\/wp\/v2\/users\/2"}],"replies":[{"embeddable":true,"href":"https:\/\/terrasdebasto.pt\/index.php?rest_route=%2Fwp%2Fv2%2Fcomments&post=153"}],"version-history":[{"count":5,"href":"https:\/\/terrasdebasto.pt\/index.php?rest_route=\/wp\/v2\/posts\/153\/revisions"}],"predecessor-version":[{"id":221,"href":"https:\/\/terrasdebasto.pt\/index.php?rest_route=\/wp\/v2\/posts\/153\/revisions\/221"}],"wp:featuredmedia":[{"embeddable":true,"href":"https:\/\/terrasdebasto.pt\/index.php?rest_route=\/wp\/v2\/media\/213"}],"wp:attachment":[{"href":"https:\/\/terrasdebasto.pt\/index.php?rest_route=%2Fwp%2Fv2%2Fmedia&parent=153"}],"wp:term":[{"taxonomy":"category","embeddable":true,"href":"https:\/\/terrasdebasto.pt\/index.php?rest_route=%2Fwp%2Fv2%2Fcategories&post=153"},{"taxonomy":"post_tag","embeddable":true,"href":"https:\/\/terrasdebasto.pt\/index.php?rest_route=%2Fwp%2Fv2%2Ftags&post=153"}],"curies":[{"name":"wp","href":"https:\/\/api.w.org\/{rel}","templated":true}]}}