{"id":1418,"date":"2024-08-17T17:11:39","date_gmt":"2024-08-17T17:11:39","guid":{"rendered":"https:\/\/terrasdebasto.pt\/?p=1418"},"modified":"2024-08-17T17:11:40","modified_gmt":"2024-08-17T17:11:40","slug":"bombeiros-de-celorico-celebraram-98-anos","status":"publish","type":"post","link":"https:\/\/terrasdebasto.pt\/?p=1418","title":{"rendered":"Bombeiros de Celorico celebraram 98 anos"},"content":{"rendered":"\n<p><\/p>\n\n\n\n<p><strong>Um \u00abvalor inestim\u00e1vel\u00bb foi aquele que o autarca local atribuiu aos Bombeiros Volunt\u00e1rios de Celorico de Basto na celebra\u00e7\u00e3o dos 98 anos da sua funda\u00e7\u00e3o, a 15 de agosto de 1926.<\/strong><\/p>\n\n\n\n<p>Jos\u00e9 Peixoto Lima relevou, assim, o contributo dos \u201csoldados da paz\u201d para o bem-estar dos celoricenses, sublinhando que a corpora\u00e7\u00e3o deve ser apoiada e acarinhada por toda a comunidade.<\/p>\n\n\n\n<p>\u00ab\u00c9 uma honra estar ao lado dos bombeiros, colaborar ativamente para o seu bom desempenho das fun\u00e7\u00f5es que lhe s\u00e3o intr\u00ednsecas; o voluntariado \u00e9 exigente e exige muita responsabilidade de homens e mulheres que d\u00e3o tudo pelos seus concidad\u00e3os; a todos, bem-hajam\u00bb, disse.<\/p>\n\n\n\n<p>Na cerim\u00f3nia \u2013 para a qual o jornal Terras de Basto n\u00e3o foi convidado \u2013 foram apostas divisas aos bombeiros de 1.\u00aa, nomeadamente a Rui Mesquita Coelho, Ricardo Fraga, Isabel Carvalho, Francisco Teixeira, Jo\u00e3o Manuel Machado.<\/p>\n\n\n\n<p>Lu\u00eds Carlos Reis de Nazareth Canedo foi promovido \u00e0 categoria de sub-chefe e Daniel Fernando Reis de Nazareth Canedo foi promovido \u00e0 categoria de chefe.<\/p>\n\n\n\n<p>As comemora\u00e7\u00f5es, que se iniciaram frente ao quartel, terminaram com um almo\u00e7o-conv\u00edvio no edif\u00edcio-sede.<\/p>\n\n\n\n<figure class=\"wp-block-gallery has-nested-images columns-default is-cropped wp-block-gallery-1 is-layout-flex wp-block-gallery-is-layout-flex\">\n<figure class=\"wp-block-image size-large\"><img loading=\"lazy\" decoding=\"async\" width=\"1024\" height=\"771\" data-id=\"1433\" src=\"https:\/\/terrasdebasto.pt\/wp-content\/uploads\/2024\/08\/11-3-1024x771.jpg\" alt=\"\" class=\"wp-image-1433\" srcset=\"https:\/\/terrasdebasto.pt\/wp-content\/uploads\/2024\/08\/11-3-1024x771.jpg 1024w, https:\/\/terrasdebasto.pt\/wp-content\/uploads\/2024\/08\/11-3-300x226.jpg 300w, https:\/\/terrasdebasto.pt\/wp-content\/uploads\/2024\/08\/11-3-768x578.jpg 768w, https:\/\/terrasdebasto.pt\/wp-content\/uploads\/2024\/08\/11-3-150x113.jpg 150w, https:\/\/terrasdebasto.pt\/wp-content\/uploads\/2024\/08\/11-3-696x524.jpg 696w, https:\/\/terrasdebasto.pt\/wp-content\/uploads\/2024\/08\/11-3-1068x804.jpg 1068w, https:\/\/terrasdebasto.pt\/wp-content\/uploads\/2024\/08\/11-3.jpg 1354w\" sizes=\"auto, (max-width: 1024px) 100vw, 1024px\" \/><\/figure>\n\n\n\n<figure class=\"wp-block-image size-large\"><img loading=\"lazy\" decoding=\"async\" width=\"1024\" height=\"598\" data-id=\"1440\" src=\"https:\/\/terrasdebasto.pt\/wp-content\/uploads\/2024\/08\/12-2-1024x598.jpg\" alt=\"\" class=\"wp-image-1440\" srcset=\"https:\/\/terrasdebasto.pt\/wp-content\/uploads\/2024\/08\/12-2-1024x598.jpg 1024w, https:\/\/terrasdebasto.pt\/wp-content\/uploads\/2024\/08\/12-2-300x175.jpg 300w, https:\/\/terrasdebasto.pt\/wp-content\/uploads\/2024\/08\/12-2-768x449.jpg 768w, https:\/\/terrasdebasto.pt\/wp-content\/uploads\/2024\/08\/12-2-1536x897.jpg 1536w, https:\/\/terrasdebasto.pt\/wp-content\/uploads\/2024\/08\/12-2-150x88.jpg 150w, https:\/\/terrasdebasto.pt\/wp-content\/uploads\/2024\/08\/12-2-696x407.jpg 696w, https:\/\/terrasdebasto.pt\/wp-content\/uploads\/2024\/08\/12-2-1068x624.jpg 1068w, https:\/\/terrasdebasto.pt\/wp-content\/uploads\/2024\/08\/12-2.jpg 1708w\" sizes=\"auto, (max-width: 1024px) 100vw, 1024px\" \/><\/figure>\n\n\n\n<figure class=\"wp-block-image size-large\"><img loading=\"lazy\" decoding=\"async\" width=\"1024\" height=\"599\" data-id=\"1434\" src=\"https:\/\/terrasdebasto.pt\/wp-content\/uploads\/2024\/08\/13-2-1024x599.jpg\" alt=\"\" class=\"wp-image-1434\" srcset=\"https:\/\/terrasdebasto.pt\/wp-content\/uploads\/2024\/08\/13-2-1024x599.jpg 1024w, https:\/\/terrasdebasto.pt\/wp-content\/uploads\/2024\/08\/13-2-300x175.jpg 300w, https:\/\/terrasdebasto.pt\/wp-content\/uploads\/2024\/08\/13-2-768x449.jpg 768w, https:\/\/terrasdebasto.pt\/wp-content\/uploads\/2024\/08\/13-2-1536x898.jpg 1536w, https:\/\/terrasdebasto.pt\/wp-content\/uploads\/2024\/08\/13-2-150x88.jpg 150w, https:\/\/terrasdebasto.pt\/wp-content\/uploads\/2024\/08\/13-2-696x407.jpg 696w, https:\/\/terrasdebasto.pt\/wp-content\/uploads\/2024\/08\/13-2-1068x624.jpg 1068w, https:\/\/terrasdebasto.pt\/wp-content\/uploads\/2024\/08\/13-2.jpg 1562w\" sizes=\"auto, (max-width: 1024px) 100vw, 1024px\" \/><\/figure>\n\n\n\n<figure class=\"wp-block-image size-large\"><img loading=\"lazy\" decoding=\"async\" width=\"1024\" height=\"683\" data-id=\"1441\" src=\"https:\/\/terrasdebasto.pt\/wp-content\/uploads\/2024\/08\/14-2-1024x683.jpg\" alt=\"\" class=\"wp-image-1441\" srcset=\"https:\/\/terrasdebasto.pt\/wp-content\/uploads\/2024\/08\/14-2-1024x683.jpg 1024w, https:\/\/terrasdebasto.pt\/wp-content\/uploads\/2024\/08\/14-2-300x200.jpg 300w, https:\/\/terrasdebasto.pt\/wp-content\/uploads\/2024\/08\/14-2-768x512.jpg 768w, https:\/\/terrasdebasto.pt\/wp-content\/uploads\/2024\/08\/14-2-1536x1025.jpg 1536w, https:\/\/terrasdebasto.pt\/wp-content\/uploads\/2024\/08\/14-2-150x100.jpg 150w, https:\/\/terrasdebasto.pt\/wp-content\/uploads\/2024\/08\/14-2-696x464.jpg 696w, https:\/\/terrasdebasto.pt\/wp-content\/uploads\/2024\/08\/14-2-1068x712.jpg 1068w, https:\/\/terrasdebasto.pt\/wp-content\/uploads\/2024\/08\/14-2-1920x1281.jpg 1920w, https:\/\/terrasdebasto.pt\/wp-content\/uploads\/2024\/08\/14-2.jpg 2048w\" sizes=\"auto, (max-width: 1024px) 100vw, 1024px\" \/><\/figure>\n\n\n\n<figure class=\"wp-block-image size-large\"><img loading=\"lazy\" decoding=\"async\" width=\"1024\" height=\"679\" data-id=\"1438\" src=\"https:\/\/terrasdebasto.pt\/wp-content\/uploads\/2024\/08\/15-2-1024x679.jpg\" alt=\"\" class=\"wp-image-1438\" srcset=\"https:\/\/terrasdebasto.pt\/wp-content\/uploads\/2024\/08\/15-2-1024x679.jpg 1024w, https:\/\/terrasdebasto.pt\/wp-content\/uploads\/2024\/08\/15-2-300x199.jpg 300w, https:\/\/terrasdebasto.pt\/wp-content\/uploads\/2024\/08\/15-2-768x509.jpg 768w, https:\/\/terrasdebasto.pt\/wp-content\/uploads\/2024\/08\/15-2-1536x1019.jpg 1536w, https:\/\/terrasdebasto.pt\/wp-content\/uploads\/2024\/08\/15-2-150x99.jpg 150w, https:\/\/terrasdebasto.pt\/wp-content\/uploads\/2024\/08\/15-2-696x462.jpg 696w, https:\/\/terrasdebasto.pt\/wp-content\/uploads\/2024\/08\/15-2-1068x708.jpg 1068w, https:\/\/terrasdebasto.pt\/wp-content\/uploads\/2024\/08\/15-2.jpg 1802w\" sizes=\"auto, (max-width: 1024px) 100vw, 1024px\" \/><\/figure>\n\n\n\n<figure class=\"wp-block-image size-large\"><img loading=\"lazy\" decoding=\"async\" width=\"1024\" height=\"900\" data-id=\"1436\" src=\"https:\/\/terrasdebasto.pt\/wp-content\/uploads\/2024\/08\/16-2-1024x900.jpg\" alt=\"\" class=\"wp-image-1436\" srcset=\"https:\/\/terrasdebasto.pt\/wp-content\/uploads\/2024\/08\/16-2-1024x900.jpg 1024w, https:\/\/terrasdebasto.pt\/wp-content\/uploads\/2024\/08\/16-2-300x264.jpg 300w, https:\/\/terrasdebasto.pt\/wp-content\/uploads\/2024\/08\/16-2-768x675.jpg 768w, https:\/\/terrasdebasto.pt\/wp-content\/uploads\/2024\/08\/16-2-150x132.jpg 150w, https:\/\/terrasdebasto.pt\/wp-content\/uploads\/2024\/08\/16-2-696x612.jpg 696w, https:\/\/terrasdebasto.pt\/wp-content\/uploads\/2024\/08\/16-2-1068x939.jpg 1068w, https:\/\/terrasdebasto.pt\/wp-content\/uploads\/2024\/08\/16-2.jpg 1516w\" sizes=\"auto, (max-width: 1024px) 100vw, 1024px\" \/><\/figure>\n\n\n\n<figure class=\"wp-block-image size-large\"><img loading=\"lazy\" decoding=\"async\" width=\"1024\" height=\"683\" data-id=\"1444\" src=\"https:\/\/terrasdebasto.pt\/wp-content\/uploads\/2024\/08\/17-2-1024x683.jpg\" alt=\"\" class=\"wp-image-1444\" srcset=\"https:\/\/terrasdebasto.pt\/wp-content\/uploads\/2024\/08\/17-2-1024x683.jpg 1024w, https:\/\/terrasdebasto.pt\/wp-content\/uploads\/2024\/08\/17-2-300x200.jpg 300w, https:\/\/terrasdebasto.pt\/wp-content\/uploads\/2024\/08\/17-2-768x512.jpg 768w, https:\/\/terrasdebasto.pt\/wp-content\/uploads\/2024\/08\/17-2-1536x1025.jpg 1536w, https:\/\/terrasdebasto.pt\/wp-content\/uploads\/2024\/08\/17-2-150x100.jpg 150w, https:\/\/terrasdebasto.pt\/wp-content\/uploads\/2024\/08\/17-2-696x464.jpg 696w, https:\/\/terrasdebasto.pt\/wp-content\/uploads\/2024\/08\/17-2-1068x712.jpg 1068w, https:\/\/terrasdebasto.pt\/wp-content\/uploads\/2024\/08\/17-2-1920x1281.jpg 1920w, https:\/\/terrasdebasto.pt\/wp-content\/uploads\/2024\/08\/17-2.jpg 2048w\" sizes=\"auto, (max-width: 1024px) 100vw, 1024px\" \/><\/figure>\n\n\n\n<figure class=\"wp-block-image size-large\"><img loading=\"lazy\" decoding=\"async\" width=\"1024\" height=\"610\" data-id=\"1442\" src=\"https:\/\/terrasdebasto.pt\/wp-content\/uploads\/2024\/08\/18-2-1024x610.jpg\" alt=\"\" class=\"wp-image-1442\" srcset=\"https:\/\/terrasdebasto.pt\/wp-content\/uploads\/2024\/08\/18-2-1024x610.jpg 1024w, https:\/\/terrasdebasto.pt\/wp-content\/uploads\/2024\/08\/18-2-300x179.jpg 300w, https:\/\/terrasdebasto.pt\/wp-content\/uploads\/2024\/08\/18-2-768x457.jpg 768w, https:\/\/terrasdebasto.pt\/wp-content\/uploads\/2024\/08\/18-2-1536x915.jpg 1536w, https:\/\/terrasdebasto.pt\/wp-content\/uploads\/2024\/08\/18-2-150x89.jpg 150w, https:\/\/terrasdebasto.pt\/wp-content\/uploads\/2024\/08\/18-2-696x414.jpg 696w, https:\/\/terrasdebasto.pt\/wp-content\/uploads\/2024\/08\/18-2-1068x636.jpg 1068w, https:\/\/terrasdebasto.pt\/wp-content\/uploads\/2024\/08\/18-2.jpg 1787w\" sizes=\"auto, (max-width: 1024px) 100vw, 1024px\" \/><\/figure>\n\n\n\n<figure class=\"wp-block-image size-large\"><img loading=\"lazy\" decoding=\"async\" width=\"1024\" height=\"690\" data-id=\"1443\" src=\"https:\/\/terrasdebasto.pt\/wp-content\/uploads\/2024\/08\/19-1-1024x690.jpg\" alt=\"\" class=\"wp-image-1443\" srcset=\"https:\/\/terrasdebasto.pt\/wp-content\/uploads\/2024\/08\/19-1-1024x690.jpg 1024w, https:\/\/terrasdebasto.pt\/wp-content\/uploads\/2024\/08\/19-1-300x202.jpg 300w, https:\/\/terrasdebasto.pt\/wp-content\/uploads\/2024\/08\/19-1-768x518.jpg 768w, https:\/\/terrasdebasto.pt\/wp-content\/uploads\/2024\/08\/19-1-1536x1035.jpg 1536w, https:\/\/terrasdebasto.pt\/wp-content\/uploads\/2024\/08\/19-1-150x101.jpg 150w, https:\/\/terrasdebasto.pt\/wp-content\/uploads\/2024\/08\/19-1-696x469.jpg 696w, https:\/\/terrasdebasto.pt\/wp-content\/uploads\/2024\/08\/19-1-1068x720.jpg 1068w, https:\/\/terrasdebasto.pt\/wp-content\/uploads\/2024\/08\/19-1-1920x1294.jpg 1920w, https:\/\/terrasdebasto.pt\/wp-content\/uploads\/2024\/08\/19-1.jpg 2027w\" sizes=\"auto, (max-width: 1024px) 100vw, 1024px\" \/><\/figure>\n\n\n\n<figure class=\"wp-block-image size-large\"><img loading=\"lazy\" decoding=\"async\" width=\"1024\" height=\"712\" data-id=\"1437\" src=\"https:\/\/terrasdebasto.pt\/wp-content\/uploads\/2024\/08\/20-1-1024x712.jpg\" alt=\"\" class=\"wp-image-1437\" srcset=\"https:\/\/terrasdebasto.pt\/wp-content\/uploads\/2024\/08\/20-1-1024x712.jpg 1024w, https:\/\/terrasdebasto.pt\/wp-content\/uploads\/2024\/08\/20-1-300x208.jpg 300w, https:\/\/terrasdebasto.pt\/wp-content\/uploads\/2024\/08\/20-1-768x534.jpg 768w, https:\/\/terrasdebasto.pt\/wp-content\/uploads\/2024\/08\/20-1-1536x1067.jpg 1536w, https:\/\/terrasdebasto.pt\/wp-content\/uploads\/2024\/08\/20-1-150x104.jpg 150w, https:\/\/terrasdebasto.pt\/wp-content\/uploads\/2024\/08\/20-1-696x484.jpg 696w, https:\/\/terrasdebasto.pt\/wp-content\/uploads\/2024\/08\/20-1-1068x742.jpg 1068w, https:\/\/terrasdebasto.pt\/wp-content\/uploads\/2024\/08\/20-1.jpg 1740w\" sizes=\"auto, (max-width: 1024px) 100vw, 1024px\" \/><\/figure>\n\n\n\n<figure class=\"wp-block-image size-large\"><img loading=\"lazy\" decoding=\"async\" width=\"1024\" height=\"947\" data-id=\"1439\" src=\"https:\/\/terrasdebasto.pt\/wp-content\/uploads\/2024\/08\/21-1-1024x947.jpg\" alt=\"\" class=\"wp-image-1439\" srcset=\"https:\/\/terrasdebasto.pt\/wp-content\/uploads\/2024\/08\/21-1-1024x947.jpg 1024w, https:\/\/terrasdebasto.pt\/wp-content\/uploads\/2024\/08\/21-1-300x277.jpg 300w, https:\/\/terrasdebasto.pt\/wp-content\/uploads\/2024\/08\/21-1-768x710.jpg 768w, https:\/\/terrasdebasto.pt\/wp-content\/uploads\/2024\/08\/21-1-150x139.jpg 150w, https:\/\/terrasdebasto.pt\/wp-content\/uploads\/2024\/08\/21-1-696x644.jpg 696w, https:\/\/terrasdebasto.pt\/wp-content\/uploads\/2024\/08\/21-1-1068x988.jpg 1068w, https:\/\/terrasdebasto.pt\/wp-content\/uploads\/2024\/08\/21-1.jpg 1502w\" sizes=\"auto, (max-width: 1024px) 100vw, 1024px\" \/><\/figure>\n\n\n\n<figure class=\"wp-block-image size-large\"><img loading=\"lazy\" decoding=\"async\" width=\"1024\" height=\"804\" data-id=\"1435\" src=\"https:\/\/terrasdebasto.pt\/wp-content\/uploads\/2024\/08\/22-1-1024x804.jpg\" alt=\"\" class=\"wp-image-1435\" srcset=\"https:\/\/terrasdebasto.pt\/wp-content\/uploads\/2024\/08\/22-1-1024x804.jpg 1024w, https:\/\/terrasdebasto.pt\/wp-content\/uploads\/2024\/08\/22-1-300x236.jpg 300w, https:\/\/terrasdebasto.pt\/wp-content\/uploads\/2024\/08\/22-1-768x603.jpg 768w, https:\/\/terrasdebasto.pt\/wp-content\/uploads\/2024\/08\/22-1-1536x1206.jpg 1536w, https:\/\/terrasdebasto.pt\/wp-content\/uploads\/2024\/08\/22-1-150x118.jpg 150w, https:\/\/terrasdebasto.pt\/wp-content\/uploads\/2024\/08\/22-1-696x546.jpg 696w, https:\/\/terrasdebasto.pt\/wp-content\/uploads\/2024\/08\/22-1-1068x838.jpg 1068w, https:\/\/terrasdebasto.pt\/wp-content\/uploads\/2024\/08\/22-1.jpg 1563w\" sizes=\"auto, (max-width: 1024px) 100vw, 1024px\" \/><\/figure>\n<\/figure>\n","protected":false},"excerpt":{"rendered":"<p>Um \u00abvalor inestim\u00e1vel\u00bb foi aquele que o autarca local atribuiu aos Bombeiros Volunt\u00e1rios de Celorico de Basto na celebra\u00e7\u00e3o dos 98 anos da sua funda\u00e7\u00e3o, a 15 de agosto de 1926. Jos\u00e9 Peixoto Lima relevou, assim, o contributo dos \u201csoldados da paz\u201d para o bem-estar dos celoricenses, sublinhando que a corpora\u00e7\u00e3o deve ser apoiada e [&hellip;]<\/p>\n","protected":false},"author":7,"featured_media":1432,"comment_status":"open","ping_status":"open","sticky":false,"template":"","format":"standard","meta":{"footnotes":""},"categories":[13],"tags":[],"class_list":{"0":"post-1418","1":"post","2":"type-post","3":"status-publish","4":"format-standard","5":"has-post-thumbnail","7":"category-celorico-de-basto"},"yoast_head":"<!-- This site is optimized with the Yoast SEO plugin v25.7 - https:\/\/yoast.com\/wordpress\/plugins\/seo\/ -->\n<title>Bombeiros de Celorico celebraram 98 anos - Jornal Terras de Basto<\/title>\n<meta name=\"description\" content=\"Um \u00abvalor inestim\u00e1vel\u00bb foi aquele que o autarca local atribuiu aos Bombeiros Volunt\u00e1rios de Celorico de Basto na celebra\u00e7\u00e3o dos 98 anos da sua funda\u00e7\u00e3o, a 15 de agosto de 1926.\" \/>\n<meta name=\"robots\" content=\"index, follow, max-snippet:-1, max-image-preview:large, max-video-preview:-1\" \/>\n<link rel=\"canonical\" href=\"https:\/\/terrasdebasto.pt\/?p=1418\" \/>\n<meta property=\"og:locale\" content=\"pt_PT\" \/>\n<meta property=\"og:type\" content=\"article\" \/>\n<meta property=\"og:title\" content=\"Bombeiros de Celorico celebraram 98 anos - Jornal Terras de Basto\" \/>\n<meta property=\"og:description\" content=\"Um \u00abvalor inestim\u00e1vel\u00bb foi aquele que o autarca local atribuiu aos Bombeiros Volunt\u00e1rios de Celorico de Basto na celebra\u00e7\u00e3o dos 98 anos da sua funda\u00e7\u00e3o, a 15 de agosto de 1926.\" \/>\n<meta property=\"og:url\" content=\"https:\/\/terrasdebasto.pt\/?p=1418\" \/>\n<meta property=\"og:site_name\" content=\"Jornal Terras de Basto\" \/>\n<meta property=\"article:published_time\" content=\"2024-08-17T17:11:39+00:00\" \/>\n<meta property=\"article:modified_time\" content=\"2024-08-17T17:11:40+00:00\" \/>\n<meta property=\"og:image\" content=\"https:\/\/terrasdebasto.pt\/wp-content\/uploads\/2024\/08\/10-2.jpg\" \/>\n\t<meta property=\"og:image:width\" content=\"1950\" \/>\n\t<meta property=\"og:image:height\" content=\"1073\" \/>\n\t<meta property=\"og:image:type\" content=\"image\/jpeg\" \/>\n<meta name=\"author\" content=\"Jo\u00e3o Paulo Mesquita\" \/>\n<meta name=\"twitter:card\" content=\"summary_large_image\" \/>\n<meta name=\"twitter:label1\" content=\"Escrito por\" \/>\n\t<meta name=\"twitter:data1\" content=\"Jo\u00e3o Paulo Mesquita\" \/>\n\t<meta name=\"twitter:label2\" content=\"Tempo estimado de leitura\" \/>\n\t<meta name=\"twitter:data2\" content=\"4 minutos\" \/>\n<script type=\"application\/ld+json\" class=\"yoast-schema-graph\">{\"@context\":\"https:\/\/schema.org\",\"@graph\":[{\"@type\":\"Article\",\"@id\":\"https:\/\/terrasdebasto.pt\/?p=1418#article\",\"isPartOf\":{\"@id\":\"https:\/\/terrasdebasto.pt\/?p=1418\"},\"author\":{\"name\":\"Jo\u00e3o Paulo Mesquita\",\"@id\":\"https:\/\/terrasdebasto.pt\/#\/schema\/person\/9f6739f5394ac65c802641773b278b84\"},\"headline\":\"Bombeiros de Celorico celebraram 98 anos\",\"datePublished\":\"2024-08-17T17:11:39+00:00\",\"dateModified\":\"2024-08-17T17:11:40+00:00\",\"mainEntityOfPage\":{\"@id\":\"https:\/\/terrasdebasto.pt\/?p=1418\"},\"wordCount\":191,\"commentCount\":0,\"publisher\":{\"@id\":\"https:\/\/terrasdebasto.pt\/#organization\"},\"image\":{\"@id\":\"https:\/\/terrasdebasto.pt\/?p=1418#primaryimage\"},\"thumbnailUrl\":\"https:\/\/terrasdebasto.pt\/wp-content\/uploads\/2024\/08\/10-2.jpg\",\"articleSection\":[\"Celorico de Basto\"],\"inLanguage\":\"pt-PT\",\"potentialAction\":[{\"@type\":\"CommentAction\",\"name\":\"Comment\",\"target\":[\"https:\/\/terrasdebasto.pt\/?p=1418#respond\"]}]},{\"@type\":\"WebPage\",\"@id\":\"https:\/\/terrasdebasto.pt\/?p=1418\",\"url\":\"https:\/\/terrasdebasto.pt\/?p=1418\",\"name\":\"Bombeiros de Celorico celebraram 98 anos - Jornal Terras de Basto\",\"isPartOf\":{\"@id\":\"https:\/\/terrasdebasto.pt\/#website\"},\"primaryImageOfPage\":{\"@id\":\"https:\/\/terrasdebasto.pt\/?p=1418#primaryimage\"},\"image\":{\"@id\":\"https:\/\/terrasdebasto.pt\/?p=1418#primaryimage\"},\"thumbnailUrl\":\"https:\/\/terrasdebasto.pt\/wp-content\/uploads\/2024\/08\/10-2.jpg\",\"datePublished\":\"2024-08-17T17:11:39+00:00\",\"dateModified\":\"2024-08-17T17:11:40+00:00\",\"description\":\"Um \u00abvalor inestim\u00e1vel\u00bb foi aquele que o autarca local atribuiu aos Bombeiros Volunt\u00e1rios de Celorico de Basto na celebra\u00e7\u00e3o dos 98 anos da sua funda\u00e7\u00e3o, a 15 de agosto de 1926.\",\"breadcrumb\":{\"@id\":\"https:\/\/terrasdebasto.pt\/?p=1418#breadcrumb\"},\"inLanguage\":\"pt-PT\",\"potentialAction\":[{\"@type\":\"ReadAction\",\"target\":[\"https:\/\/terrasdebasto.pt\/?p=1418\"]}]},{\"@type\":\"ImageObject\",\"inLanguage\":\"pt-PT\",\"@id\":\"https:\/\/terrasdebasto.pt\/?p=1418#primaryimage\",\"url\":\"https:\/\/terrasdebasto.pt\/wp-content\/uploads\/2024\/08\/10-2.jpg\",\"contentUrl\":\"https:\/\/terrasdebasto.pt\/wp-content\/uploads\/2024\/08\/10-2.jpg\",\"width\":1950,\"height\":1073},{\"@type\":\"BreadcrumbList\",\"@id\":\"https:\/\/terrasdebasto.pt\/?p=1418#breadcrumb\",\"itemListElement\":[{\"@type\":\"ListItem\",\"position\":1,\"name\":\"In\u00edcio\",\"item\":\"https:\/\/terrasdebasto.pt\/\"},{\"@type\":\"ListItem\",\"position\":2,\"name\":\"Bombeiros de Celorico celebraram 98 anos\"}]},{\"@type\":\"WebSite\",\"@id\":\"https:\/\/terrasdebasto.pt\/#website\",\"url\":\"https:\/\/terrasdebasto.pt\/\",\"name\":\"Jornal Terras de Basto\",\"description\":\"\",\"publisher\":{\"@id\":\"https:\/\/terrasdebasto.pt\/#organization\"},\"potentialAction\":[{\"@type\":\"SearchAction\",\"target\":{\"@type\":\"EntryPoint\",\"urlTemplate\":\"https:\/\/terrasdebasto.pt\/?s={search_term_string}\"},\"query-input\":{\"@type\":\"PropertyValueSpecification\",\"valueRequired\":true,\"valueName\":\"search_term_string\"}}],\"inLanguage\":\"pt-PT\"},{\"@type\":\"Organization\",\"@id\":\"https:\/\/terrasdebasto.pt\/#organization\",\"name\":\"Jornal Terras de Basto\",\"url\":\"https:\/\/terrasdebasto.pt\/\",\"logo\":{\"@type\":\"ImageObject\",\"inLanguage\":\"pt-PT\",\"@id\":\"https:\/\/terrasdebasto.pt\/#\/schema\/logo\/image\/\",\"url\":\"https:\/\/terrasdebasto.pt\/wp-content\/uploads\/2024\/06\/LogoNormal.png\",\"contentUrl\":\"https:\/\/terrasdebasto.pt\/wp-content\/uploads\/2024\/06\/LogoNormal.png\",\"width\":5638,\"height\":809,\"caption\":\"Jornal Terras de Basto\"},\"image\":{\"@id\":\"https:\/\/terrasdebasto.pt\/#\/schema\/logo\/image\/\"}},{\"@type\":\"Person\",\"@id\":\"https:\/\/terrasdebasto.pt\/#\/schema\/person\/9f6739f5394ac65c802641773b278b84\",\"name\":\"Jo\u00e3o Paulo Mesquita\",\"image\":{\"@type\":\"ImageObject\",\"inLanguage\":\"pt-PT\",\"@id\":\"https:\/\/terrasdebasto.pt\/#\/schema\/person\/image\/\",\"url\":\"https:\/\/secure.gravatar.com\/avatar\/9bd0f299e6d96336664aab64354168246a3ee3287c47891c50d450e47ed9d7f9?s=96&d=mm&r=g\",\"contentUrl\":\"https:\/\/secure.gravatar.com\/avatar\/9bd0f299e6d96336664aab64354168246a3ee3287c47891c50d450e47ed9d7f9?s=96&d=mm&r=g\",\"caption\":\"Jo\u00e3o Paulo Mesquita\"},\"url\":\"https:\/\/terrasdebasto.pt\/?author=7\"}]}<\/script>\n<!-- \/ Yoast SEO plugin. -->","yoast_head_json":{"title":"Bombeiros de Celorico celebraram 98 anos - Jornal Terras de Basto","description":"Um \u00abvalor inestim\u00e1vel\u00bb foi aquele que o autarca local atribuiu aos Bombeiros Volunt\u00e1rios de Celorico de Basto na celebra\u00e7\u00e3o dos 98 anos da sua funda\u00e7\u00e3o, a 15 de agosto de 1926.","robots":{"index":"index","follow":"follow","max-snippet":"max-snippet:-1","max-image-preview":"max-image-preview:large","max-video-preview":"max-video-preview:-1"},"canonical":"https:\/\/terrasdebasto.pt\/?p=1418","og_locale":"pt_PT","og_type":"article","og_title":"Bombeiros de Celorico celebraram 98 anos - Jornal Terras de Basto","og_description":"Um \u00abvalor inestim\u00e1vel\u00bb foi aquele que o autarca local atribuiu aos Bombeiros Volunt\u00e1rios de Celorico de Basto na celebra\u00e7\u00e3o dos 98 anos da sua funda\u00e7\u00e3o, a 15 de agosto de 1926.","og_url":"https:\/\/terrasdebasto.pt\/?p=1418","og_site_name":"Jornal Terras de Basto","article_published_time":"2024-08-17T17:11:39+00:00","article_modified_time":"2024-08-17T17:11:40+00:00","og_image":[{"width":1950,"height":1073,"url":"https:\/\/terrasdebasto.pt\/wp-content\/uploads\/2024\/08\/10-2.jpg","type":"image\/jpeg"}],"author":"Jo\u00e3o Paulo Mesquita","twitter_card":"summary_large_image","twitter_misc":{"Escrito por":"Jo\u00e3o Paulo Mesquita","Tempo estimado de leitura":"4 minutos"},"schema":{"@context":"https:\/\/schema.org","@graph":[{"@type":"Article","@id":"https:\/\/terrasdebasto.pt\/?p=1418#article","isPartOf":{"@id":"https:\/\/terrasdebasto.pt\/?p=1418"},"author":{"name":"Jo\u00e3o Paulo Mesquita","@id":"https:\/\/terrasdebasto.pt\/#\/schema\/person\/9f6739f5394ac65c802641773b278b84"},"headline":"Bombeiros de Celorico celebraram 98 anos","datePublished":"2024-08-17T17:11:39+00:00","dateModified":"2024-08-17T17:11:40+00:00","mainEntityOfPage":{"@id":"https:\/\/terrasdebasto.pt\/?p=1418"},"wordCount":191,"commentCount":0,"publisher":{"@id":"https:\/\/terrasdebasto.pt\/#organization"},"image":{"@id":"https:\/\/terrasdebasto.pt\/?p=1418#primaryimage"},"thumbnailUrl":"https:\/\/terrasdebasto.pt\/wp-content\/uploads\/2024\/08\/10-2.jpg","articleSection":["Celorico de Basto"],"inLanguage":"pt-PT","potentialAction":[{"@type":"CommentAction","name":"Comment","target":["https:\/\/terrasdebasto.pt\/?p=1418#respond"]}]},{"@type":"WebPage","@id":"https:\/\/terrasdebasto.pt\/?p=1418","url":"https:\/\/terrasdebasto.pt\/?p=1418","name":"Bombeiros de Celorico celebraram 98 anos - Jornal Terras de Basto","isPartOf":{"@id":"https:\/\/terrasdebasto.pt\/#website"},"primaryImageOfPage":{"@id":"https:\/\/terrasdebasto.pt\/?p=1418#primaryimage"},"image":{"@id":"https:\/\/terrasdebasto.pt\/?p=1418#primaryimage"},"thumbnailUrl":"https:\/\/terrasdebasto.pt\/wp-content\/uploads\/2024\/08\/10-2.jpg","datePublished":"2024-08-17T17:11:39+00:00","dateModified":"2024-08-17T17:11:40+00:00","description":"Um \u00abvalor inestim\u00e1vel\u00bb foi aquele que o autarca local atribuiu aos Bombeiros Volunt\u00e1rios de Celorico de Basto na celebra\u00e7\u00e3o dos 98 anos da sua funda\u00e7\u00e3o, a 15 de agosto de 1926.","breadcrumb":{"@id":"https:\/\/terrasdebasto.pt\/?p=1418#breadcrumb"},"inLanguage":"pt-PT","potentialAction":[{"@type":"ReadAction","target":["https:\/\/terrasdebasto.pt\/?p=1418"]}]},{"@type":"ImageObject","inLanguage":"pt-PT","@id":"https:\/\/terrasdebasto.pt\/?p=1418#primaryimage","url":"https:\/\/terrasdebasto.pt\/wp-content\/uploads\/2024\/08\/10-2.jpg","contentUrl":"https:\/\/terrasdebasto.pt\/wp-content\/uploads\/2024\/08\/10-2.jpg","width":1950,"height":1073},{"@type":"BreadcrumbList","@id":"https:\/\/terrasdebasto.pt\/?p=1418#breadcrumb","itemListElement":[{"@type":"ListItem","position":1,"name":"In\u00edcio","item":"https:\/\/terrasdebasto.pt\/"},{"@type":"ListItem","position":2,"name":"Bombeiros de Celorico celebraram 98 anos"}]},{"@type":"WebSite","@id":"https:\/\/terrasdebasto.pt\/#website","url":"https:\/\/terrasdebasto.pt\/","name":"Jornal Terras de Basto","description":"","publisher":{"@id":"https:\/\/terrasdebasto.pt\/#organization"},"potentialAction":[{"@type":"SearchAction","target":{"@type":"EntryPoint","urlTemplate":"https:\/\/terrasdebasto.pt\/?s={search_term_string}"},"query-input":{"@type":"PropertyValueSpecification","valueRequired":true,"valueName":"search_term_string"}}],"inLanguage":"pt-PT"},{"@type":"Organization","@id":"https:\/\/terrasdebasto.pt\/#organization","name":"Jornal Terras de Basto","url":"https:\/\/terrasdebasto.pt\/","logo":{"@type":"ImageObject","inLanguage":"pt-PT","@id":"https:\/\/terrasdebasto.pt\/#\/schema\/logo\/image\/","url":"https:\/\/terrasdebasto.pt\/wp-content\/uploads\/2024\/06\/LogoNormal.png","contentUrl":"https:\/\/terrasdebasto.pt\/wp-content\/uploads\/2024\/06\/LogoNormal.png","width":5638,"height":809,"caption":"Jornal Terras de Basto"},"image":{"@id":"https:\/\/terrasdebasto.pt\/#\/schema\/logo\/image\/"}},{"@type":"Person","@id":"https:\/\/terrasdebasto.pt\/#\/schema\/person\/9f6739f5394ac65c802641773b278b84","name":"Jo\u00e3o Paulo Mesquita","image":{"@type":"ImageObject","inLanguage":"pt-PT","@id":"https:\/\/terrasdebasto.pt\/#\/schema\/person\/image\/","url":"https:\/\/secure.gravatar.com\/avatar\/9bd0f299e6d96336664aab64354168246a3ee3287c47891c50d450e47ed9d7f9?s=96&d=mm&r=g","contentUrl":"https:\/\/secure.gravatar.com\/avatar\/9bd0f299e6d96336664aab64354168246a3ee3287c47891c50d450e47ed9d7f9?s=96&d=mm&r=g","caption":"Jo\u00e3o Paulo Mesquita"},"url":"https:\/\/terrasdebasto.pt\/?author=7"}]}},"_links":{"self":[{"href":"https:\/\/terrasdebasto.pt\/index.php?rest_route=\/wp\/v2\/posts\/1418","targetHints":{"allow":["GET"]}}],"collection":[{"href":"https:\/\/terrasdebasto.pt\/index.php?rest_route=\/wp\/v2\/posts"}],"about":[{"href":"https:\/\/terrasdebasto.pt\/index.php?rest_route=\/wp\/v2\/types\/post"}],"author":[{"embeddable":true,"href":"https:\/\/terrasdebasto.pt\/index.php?rest_route=\/wp\/v2\/users\/7"}],"replies":[{"embeddable":true,"href":"https:\/\/terrasdebasto.pt\/index.php?rest_route=%2Fwp%2Fv2%2Fcomments&post=1418"}],"version-history":[{"count":1,"href":"https:\/\/terrasdebasto.pt\/index.php?rest_route=\/wp\/v2\/posts\/1418\/revisions"}],"predecessor-version":[{"id":1445,"href":"https:\/\/terrasdebasto.pt\/index.php?rest_route=\/wp\/v2\/posts\/1418\/revisions\/1445"}],"wp:featuredmedia":[{"embeddable":true,"href":"https:\/\/terrasdebasto.pt\/index.php?rest_route=\/wp\/v2\/media\/1432"}],"wp:attachment":[{"href":"https:\/\/terrasdebasto.pt\/index.php?rest_route=%2Fwp%2Fv2%2Fmedia&parent=1418"}],"wp:term":[{"taxonomy":"category","embeddable":true,"href":"https:\/\/terrasdebasto.pt\/index.php?rest_route=%2Fwp%2Fv2%2Fcategories&post=1418"},{"taxonomy":"post_tag","embeddable":true,"href":"https:\/\/terrasdebasto.pt\/index.php?rest_route=%2Fwp%2Fv2%2Ftags&post=1418"}],"curies":[{"name":"wp","href":"https:\/\/api.w.org\/{rel}","templated":true}]}}