{"id":139,"date":"2024-06-14T09:47:44","date_gmt":"2024-06-14T09:47:44","guid":{"rendered":"http:\/\/tdi_220_616"},"modified":"2024-06-19T14:36:43","modified_gmt":"2024-06-19T14:36:43","slug":"understanding-music-royalties","status":"publish","type":"post","link":"https:\/\/terrasdebasto.pt\/?p=139","title":{"rendered":"Oficinas art\u00edsticas da Teque"},"content":{"rendered":"<div class=\"html-div xe8uvvx xdj266r x11i5rnm xat24cr x1mh8g0r xexx8yu x4uap5 x18d9i69 xkhd6sd\" dir=\"auto\">\n<div id=\":r2lb:\" class=\"x1iorvi4 x1pi30zi x1l90r2v x1swvt13\" data-ad-comet-preview=\"message\" data-ad-preview=\"message\">\n<div class=\"x78zum5 xdt5ytf xz62fqu x16ldp7u\">\n<div class=\"xu06os2 x1ok221b\">\n<div class=\"x11i5rnm xat24cr x1mh8g0r x1vvkbs xtlvy1s x126k92a\">\n<div dir=\"auto\">Desenho, pintura, escultura, design, mosaico, cer\u00e2mica, azulejaria, gravura, t\u00eaxteis e multidisciplinares. S\u00e3o estas as \u00e1reas que o projeto \u201cTramas\u201d se prop\u00f5e desenvolver nas oficinas art\u00edsticas que vai desenvolver em Cabeceiras de Basto durante o m\u00eas de julho.<\/p>\n<h3 class=\"LC20lb MBeuO DKV0Md\"><\/h3>\n<\/div>\n<\/div>\n<div class=\"x11i5rnm xat24cr x1mh8g0r x1vvkbs xtlvy1s x126k92a\">\n<div dir=\"auto\">O projeto, desenvolvido pela associa\u00e7\u00e3o cultural \u201cTeque\u201d e financiado pela Dire\u00e7\u00e3o-Geral das Artes, prop\u00f5e-se \u2013 explicou V\u00edtor Resende ao Terras de Basto \u2013 incentivar a co-cria\u00e7\u00e3o art\u00edstica atrav\u00e9s de oficinas e instala\u00e7\u00f5es multidisciplinares, enaltecendo e reinterpretando a riqueza dos recursos end\u00f3genos e fomentando a participa\u00e7\u00e3o ativa da comunidade.<\/p>\n<h3 class=\"LC20lb MBeuO DKV0Md\"><\/h3>\n<\/div>\n<\/div>\n<div class=\"x11i5rnm xat24cr x1mh8g0r x1vvkbs xtlvy1s x126k92a\">\n<div dir=\"auto\">As oficinas art\u00edsticas, que se v\u00e3o prolongar em sess\u00f5es di\u00e1rias, em turnos da manh\u00e3 ou da tarde, v\u00e3o decorrer nas instala\u00e7\u00f5es da \u201cTeque\u201d no edif\u00edcio da central de camionagem cabeceirense, onde foram apresentadas este s\u00e1bado (15) aos primeiros inscritos.<\/p>\n<h3 class=\"LC20lb MBeuO DKV0Md\"><\/h3>\n<\/div>\n<\/div>\n<div class=\"x11i5rnm xat24cr x1mh8g0r x1vvkbs xtlvy1s x126k92a\">\n<div dir=\"auto\">\u00abA primeira prioridade s\u00e3o os jovens do ensino secund\u00e1rio que frequentam o Curso de Artes Visuais do Agrupamento de Escolas de Cabeceiras de Basto, em seguida os alunos que terminaram o terceiro ciclo e desejam frequentar o Ensino Art\u00edstico, e depois todos aqueles que querem\u2026 primeiro, \u00e9 preciso querer\u2026\u00bb, explica.<\/p>\n<h3 class=\"LC20lb MBeuO DKV0Md\"><\/h3>\n<\/div>\n<\/div>\n<div class=\"x11i5rnm xat24cr x1mh8g0r x1vvkbs xtlvy1s x126k92a\">\n<div dir=\"auto\">Entre os recursos end\u00f3genos que se prop\u00f5e utilizar, a \u201cTeque\u201d refere a l\u00e3, o linho, a verga, o vime e as cer\u00e2micas, com os quais pretende \u00abfomentar a participa\u00e7\u00e3o ativa da comunidade local, nomeadamente crian\u00e7as em idade escolar e seniores, assim alcan\u00e7ando a cria\u00e7\u00e3o de novos produtos e a participa\u00e7\u00e3o de diferentes interven\u00e7\u00f5es art\u00edsticas\u00bb.<\/p>\n<h3 class=\"LC20lb MBeuO DKV0Md\"><\/h3>\n<\/div>\n<\/div>\n<div class=\"x11i5rnm xat24cr x1mh8g0r x1vvkbs xtlvy1s x126k92a\">\n<div dir=\"auto\">O projeto \u201cTramas\u201d, em sendo bem sucedido em Cabeceiras de Basto, poder\u00e1 ser replicado noutras localidades das Terras de Basto. A \u201cTeque\u201d \u00e9 uma associa\u00e7\u00e3o art\u00edstica sem fins lucrativos, \u00fanica do seu g\u00e9nero nos territ\u00f3rios de Basto, apresentando-se como refer\u00eancia no seu concelho-sede: Celorico de Basto.<\/p>\n<h3 class=\"LC20lb MBeuO DKV0Md\"><\/h3>\n<\/div>\n<\/div>\n<div class=\"x11i5rnm xat24cr x1mh8g0r x1vvkbs xtlvy1s x126k92a\">\n<div dir=\"auto\">\u00abConsideramos que a \u201cTeque\u201d representa uma mais-valia para o desenvolvimento do territ\u00f3rio, nomeadamente na educa\u00e7\u00e3o art\u00edstica, na valoriza\u00e7\u00e3o do patrim\u00f3nio e na sua promo\u00e7\u00e3o, contribuindo fortemente para as din\u00e2micas culturais locais\u00bb, diz V\u00edtor Resende.<\/div>\n<\/div>\n<div class=\"x11i5rnm xat24cr x1mh8g0r x1vvkbs xtlvy1s x126k92a\">\n<div dir=\"auto\">As inscri\u00e7\u00f5es est\u00e3o ainda abertas, podendo ser feitas pelo correio tequegeral@gmail.com, com indica\u00e7\u00e3o do turno preferido.<\/div>\n<\/div>\n<\/div>\n<\/div>\n<\/div>\n<\/div>\n<div id=\":r2lc:\" class=\"html-div xe8uvvx xdj266r x11i5rnm xat24cr x1mh8g0r xexx8yu x4uap5 x18d9i69 xkhd6sd x1n2onr6\">\n<div class=\"html-div xe8uvvx xdj266r x11i5rnm xat24cr x1mh8g0r xexx8yu x4uap5 x18d9i69 xkhd6sd x1n2onr6\">\n<div class=\"html-div xe8uvvx xdj266r x11i5rnm xat24cr x1mh8g0r xexx8yu x4uap5 x18d9i69 xkhd6sd\">\n<div class=\"x1n2onr6\">\n<div class=\"x1n2onr6\"><\/div>\n<\/div>\n<\/div>\n<\/div>\n<\/div>\n","protected":false},"excerpt":{"rendered":"<p>Desenho, pintura, escultura, design, mosaico, cer\u00e2mica, azulejaria, gravura, t\u00eaxteis e multidisciplinares. S\u00e3o estas as \u00e1reas que o projeto \u201cTramas\u201d se prop\u00f5e desenvolver nas oficinas art\u00edsticas que vai desenvolver em Cabeceiras de Basto durante o m\u00eas de julho. O projeto, desenvolvido pela associa\u00e7\u00e3o cultural \u201cTeque\u201d e financiado pela Dire\u00e7\u00e3o-Geral das Artes, prop\u00f5e-se \u2013 explicou V\u00edtor Resende [&hellip;]<\/p>\n","protected":false},"author":2,"featured_media":242,"comment_status":"open","ping_status":"open","sticky":false,"template":"","format":"standard","meta":{"footnotes":""},"categories":[12,7,9],"tags":[],"class_list":{"0":"post-139","1":"post","2":"type-post","3":"status-publish","4":"format-standard","5":"has-post-thumbnail","7":"category-cabeceiras-de-basto","8":"category-cultura","9":"category-terras-de-basto"},"yoast_head":"<!-- This site is optimized with the Yoast SEO plugin v25.7 - https:\/\/yoast.com\/wordpress\/plugins\/seo\/ -->\n<title>Oficinas art\u00edsticas da Teque - Jornal Terras de Basto<\/title>\n<meta name=\"robots\" content=\"index, follow, max-snippet:-1, max-image-preview:large, max-video-preview:-1\" \/>\n<link rel=\"canonical\" href=\"https:\/\/terrasdebasto.pt\/?p=139\" \/>\n<meta property=\"og:locale\" content=\"pt_PT\" \/>\n<meta property=\"og:type\" content=\"article\" \/>\n<meta property=\"og:title\" content=\"Oficinas art\u00edsticas da Teque - Jornal Terras de Basto\" \/>\n<meta property=\"og:description\" content=\"Desenho, pintura, escultura, design, mosaico, cer\u00e2mica, azulejaria, gravura, t\u00eaxteis e multidisciplinares. S\u00e3o estas as \u00e1reas que o projeto \u201cTramas\u201d se prop\u00f5e desenvolver nas oficinas art\u00edsticas que vai desenvolver em Cabeceiras de Basto durante o m\u00eas de julho. O projeto, desenvolvido pela associa\u00e7\u00e3o cultural \u201cTeque\u201d e financiado pela Dire\u00e7\u00e3o-Geral das Artes, prop\u00f5e-se \u2013 explicou V\u00edtor Resende [&hellip;]\" \/>\n<meta property=\"og:url\" content=\"https:\/\/terrasdebasto.pt\/?p=139\" \/>\n<meta property=\"og:site_name\" content=\"Jornal Terras de Basto\" \/>\n<meta property=\"article:published_time\" content=\"2024-06-14T09:47:44+00:00\" \/>\n<meta property=\"article:modified_time\" content=\"2024-06-19T14:36:43+00:00\" \/>\n<meta property=\"og:image\" content=\"https:\/\/terrasdebasto.pt\/wp-content\/uploads\/2024\/06\/448406084_122148941606232145_4514541539916325093_n.jpg\" \/>\n\t<meta property=\"og:image:width\" content=\"2048\" \/>\n\t<meta property=\"og:image:height\" content=\"1365\" \/>\n\t<meta property=\"og:image:type\" content=\"image\/jpeg\" \/>\n<meta name=\"author\" content=\"addjornal\" \/>\n<meta name=\"twitter:card\" content=\"summary_large_image\" \/>\n<meta name=\"twitter:label1\" content=\"Escrito por\" \/>\n\t<meta name=\"twitter:data1\" content=\"addjornal\" \/>\n\t<meta name=\"twitter:label2\" content=\"Tempo estimado de leitura\" \/>\n\t<meta name=\"twitter:data2\" content=\"2 minutos\" \/>\n<script type=\"application\/ld+json\" class=\"yoast-schema-graph\">{\"@context\":\"https:\/\/schema.org\",\"@graph\":[{\"@type\":\"Article\",\"@id\":\"https:\/\/terrasdebasto.pt\/?p=139#article\",\"isPartOf\":{\"@id\":\"https:\/\/terrasdebasto.pt\/?p=139\"},\"author\":{\"name\":\"addjornal\",\"@id\":\"https:\/\/terrasdebasto.pt\/#\/schema\/person\/f149e6885841de810906b698e796ffaf\"},\"headline\":\"Oficinas art\u00edsticas da Teque\",\"datePublished\":\"2024-06-14T09:47:44+00:00\",\"dateModified\":\"2024-06-19T14:36:43+00:00\",\"mainEntityOfPage\":{\"@id\":\"https:\/\/terrasdebasto.pt\/?p=139\"},\"wordCount\":379,\"commentCount\":0,\"publisher\":{\"@id\":\"https:\/\/terrasdebasto.pt\/#organization\"},\"image\":{\"@id\":\"https:\/\/terrasdebasto.pt\/?p=139#primaryimage\"},\"thumbnailUrl\":\"https:\/\/terrasdebasto.pt\/wp-content\/uploads\/2024\/06\/448406084_122148941606232145_4514541539916325093_n.jpg\",\"articleSection\":[\"Cabeceiras de Basto\",\"Cultura\",\"Terras de Basto\"],\"inLanguage\":\"pt-PT\",\"potentialAction\":[{\"@type\":\"CommentAction\",\"name\":\"Comment\",\"target\":[\"https:\/\/terrasdebasto.pt\/?p=139#respond\"]}]},{\"@type\":\"WebPage\",\"@id\":\"https:\/\/terrasdebasto.pt\/?p=139\",\"url\":\"https:\/\/terrasdebasto.pt\/?p=139\",\"name\":\"Oficinas art\u00edsticas da Teque - Jornal Terras de Basto\",\"isPartOf\":{\"@id\":\"https:\/\/terrasdebasto.pt\/#website\"},\"primaryImageOfPage\":{\"@id\":\"https:\/\/terrasdebasto.pt\/?p=139#primaryimage\"},\"image\":{\"@id\":\"https:\/\/terrasdebasto.pt\/?p=139#primaryimage\"},\"thumbnailUrl\":\"https:\/\/terrasdebasto.pt\/wp-content\/uploads\/2024\/06\/448406084_122148941606232145_4514541539916325093_n.jpg\",\"datePublished\":\"2024-06-14T09:47:44+00:00\",\"dateModified\":\"2024-06-19T14:36:43+00:00\",\"breadcrumb\":{\"@id\":\"https:\/\/terrasdebasto.pt\/?p=139#breadcrumb\"},\"inLanguage\":\"pt-PT\",\"potentialAction\":[{\"@type\":\"ReadAction\",\"target\":[\"https:\/\/terrasdebasto.pt\/?p=139\"]}]},{\"@type\":\"ImageObject\",\"inLanguage\":\"pt-PT\",\"@id\":\"https:\/\/terrasdebasto.pt\/?p=139#primaryimage\",\"url\":\"https:\/\/terrasdebasto.pt\/wp-content\/uploads\/2024\/06\/448406084_122148941606232145_4514541539916325093_n.jpg\",\"contentUrl\":\"https:\/\/terrasdebasto.pt\/wp-content\/uploads\/2024\/06\/448406084_122148941606232145_4514541539916325093_n.jpg\",\"width\":2048,\"height\":1365},{\"@type\":\"BreadcrumbList\",\"@id\":\"https:\/\/terrasdebasto.pt\/?p=139#breadcrumb\",\"itemListElement\":[{\"@type\":\"ListItem\",\"position\":1,\"name\":\"In\u00edcio\",\"item\":\"https:\/\/terrasdebasto.pt\/\"},{\"@type\":\"ListItem\",\"position\":2,\"name\":\"Oficinas art\u00edsticas da Teque\"}]},{\"@type\":\"WebSite\",\"@id\":\"https:\/\/terrasdebasto.pt\/#website\",\"url\":\"https:\/\/terrasdebasto.pt\/\",\"name\":\"Jornal Terras de Basto\",\"description\":\"\",\"publisher\":{\"@id\":\"https:\/\/terrasdebasto.pt\/#organization\"},\"potentialAction\":[{\"@type\":\"SearchAction\",\"target\":{\"@type\":\"EntryPoint\",\"urlTemplate\":\"https:\/\/terrasdebasto.pt\/?s={search_term_string}\"},\"query-input\":{\"@type\":\"PropertyValueSpecification\",\"valueRequired\":true,\"valueName\":\"search_term_string\"}}],\"inLanguage\":\"pt-PT\"},{\"@type\":\"Organization\",\"@id\":\"https:\/\/terrasdebasto.pt\/#organization\",\"name\":\"Jornal Terras de Basto\",\"url\":\"https:\/\/terrasdebasto.pt\/\",\"logo\":{\"@type\":\"ImageObject\",\"inLanguage\":\"pt-PT\",\"@id\":\"https:\/\/terrasdebasto.pt\/#\/schema\/logo\/image\/\",\"url\":\"https:\/\/terrasdebasto.pt\/wp-content\/uploads\/2024\/06\/LogoNormal.png\",\"contentUrl\":\"https:\/\/terrasdebasto.pt\/wp-content\/uploads\/2024\/06\/LogoNormal.png\",\"width\":5638,\"height\":809,\"caption\":\"Jornal Terras de Basto\"},\"image\":{\"@id\":\"https:\/\/terrasdebasto.pt\/#\/schema\/logo\/image\/\"}},{\"@type\":\"Person\",\"@id\":\"https:\/\/terrasdebasto.pt\/#\/schema\/person\/f149e6885841de810906b698e796ffaf\",\"name\":\"addjornal\",\"image\":{\"@type\":\"ImageObject\",\"inLanguage\":\"pt-PT\",\"@id\":\"https:\/\/terrasdebasto.pt\/#\/schema\/person\/image\/\",\"url\":\"https:\/\/secure.gravatar.com\/avatar\/2e5367a437686317c4cd184cb863b4793855bc14c94e104154a1dccfcfeb20ff?s=96&d=mm&r=g\",\"contentUrl\":\"https:\/\/secure.gravatar.com\/avatar\/2e5367a437686317c4cd184cb863b4793855bc14c94e104154a1dccfcfeb20ff?s=96&d=mm&r=g\",\"caption\":\"addjornal\"},\"url\":\"https:\/\/terrasdebasto.pt\/?author=2\"}]}<\/script>\n<!-- \/ Yoast SEO plugin. -->","yoast_head_json":{"title":"Oficinas art\u00edsticas da Teque - Jornal Terras de Basto","robots":{"index":"index","follow":"follow","max-snippet":"max-snippet:-1","max-image-preview":"max-image-preview:large","max-video-preview":"max-video-preview:-1"},"canonical":"https:\/\/terrasdebasto.pt\/?p=139","og_locale":"pt_PT","og_type":"article","og_title":"Oficinas art\u00edsticas da Teque - Jornal Terras de Basto","og_description":"Desenho, pintura, escultura, design, mosaico, cer\u00e2mica, azulejaria, gravura, t\u00eaxteis e multidisciplinares. S\u00e3o estas as \u00e1reas que o projeto \u201cTramas\u201d se prop\u00f5e desenvolver nas oficinas art\u00edsticas que vai desenvolver em Cabeceiras de Basto durante o m\u00eas de julho. O projeto, desenvolvido pela associa\u00e7\u00e3o cultural \u201cTeque\u201d e financiado pela Dire\u00e7\u00e3o-Geral das Artes, prop\u00f5e-se \u2013 explicou V\u00edtor Resende [&hellip;]","og_url":"https:\/\/terrasdebasto.pt\/?p=139","og_site_name":"Jornal Terras de Basto","article_published_time":"2024-06-14T09:47:44+00:00","article_modified_time":"2024-06-19T14:36:43+00:00","og_image":[{"width":2048,"height":1365,"url":"https:\/\/terrasdebasto.pt\/wp-content\/uploads\/2024\/06\/448406084_122148941606232145_4514541539916325093_n.jpg","type":"image\/jpeg"}],"author":"addjornal","twitter_card":"summary_large_image","twitter_misc":{"Escrito por":"addjornal","Tempo estimado de leitura":"2 minutos"},"schema":{"@context":"https:\/\/schema.org","@graph":[{"@type":"Article","@id":"https:\/\/terrasdebasto.pt\/?p=139#article","isPartOf":{"@id":"https:\/\/terrasdebasto.pt\/?p=139"},"author":{"name":"addjornal","@id":"https:\/\/terrasdebasto.pt\/#\/schema\/person\/f149e6885841de810906b698e796ffaf"},"headline":"Oficinas art\u00edsticas da Teque","datePublished":"2024-06-14T09:47:44+00:00","dateModified":"2024-06-19T14:36:43+00:00","mainEntityOfPage":{"@id":"https:\/\/terrasdebasto.pt\/?p=139"},"wordCount":379,"commentCount":0,"publisher":{"@id":"https:\/\/terrasdebasto.pt\/#organization"},"image":{"@id":"https:\/\/terrasdebasto.pt\/?p=139#primaryimage"},"thumbnailUrl":"https:\/\/terrasdebasto.pt\/wp-content\/uploads\/2024\/06\/448406084_122148941606232145_4514541539916325093_n.jpg","articleSection":["Cabeceiras de Basto","Cultura","Terras de Basto"],"inLanguage":"pt-PT","potentialAction":[{"@type":"CommentAction","name":"Comment","target":["https:\/\/terrasdebasto.pt\/?p=139#respond"]}]},{"@type":"WebPage","@id":"https:\/\/terrasdebasto.pt\/?p=139","url":"https:\/\/terrasdebasto.pt\/?p=139","name":"Oficinas art\u00edsticas da Teque - Jornal Terras de Basto","isPartOf":{"@id":"https:\/\/terrasdebasto.pt\/#website"},"primaryImageOfPage":{"@id":"https:\/\/terrasdebasto.pt\/?p=139#primaryimage"},"image":{"@id":"https:\/\/terrasdebasto.pt\/?p=139#primaryimage"},"thumbnailUrl":"https:\/\/terrasdebasto.pt\/wp-content\/uploads\/2024\/06\/448406084_122148941606232145_4514541539916325093_n.jpg","datePublished":"2024-06-14T09:47:44+00:00","dateModified":"2024-06-19T14:36:43+00:00","breadcrumb":{"@id":"https:\/\/terrasdebasto.pt\/?p=139#breadcrumb"},"inLanguage":"pt-PT","potentialAction":[{"@type":"ReadAction","target":["https:\/\/terrasdebasto.pt\/?p=139"]}]},{"@type":"ImageObject","inLanguage":"pt-PT","@id":"https:\/\/terrasdebasto.pt\/?p=139#primaryimage","url":"https:\/\/terrasdebasto.pt\/wp-content\/uploads\/2024\/06\/448406084_122148941606232145_4514541539916325093_n.jpg","contentUrl":"https:\/\/terrasdebasto.pt\/wp-content\/uploads\/2024\/06\/448406084_122148941606232145_4514541539916325093_n.jpg","width":2048,"height":1365},{"@type":"BreadcrumbList","@id":"https:\/\/terrasdebasto.pt\/?p=139#breadcrumb","itemListElement":[{"@type":"ListItem","position":1,"name":"In\u00edcio","item":"https:\/\/terrasdebasto.pt\/"},{"@type":"ListItem","position":2,"name":"Oficinas art\u00edsticas da Teque"}]},{"@type":"WebSite","@id":"https:\/\/terrasdebasto.pt\/#website","url":"https:\/\/terrasdebasto.pt\/","name":"Jornal Terras de Basto","description":"","publisher":{"@id":"https:\/\/terrasdebasto.pt\/#organization"},"potentialAction":[{"@type":"SearchAction","target":{"@type":"EntryPoint","urlTemplate":"https:\/\/terrasdebasto.pt\/?s={search_term_string}"},"query-input":{"@type":"PropertyValueSpecification","valueRequired":true,"valueName":"search_term_string"}}],"inLanguage":"pt-PT"},{"@type":"Organization","@id":"https:\/\/terrasdebasto.pt\/#organization","name":"Jornal Terras de Basto","url":"https:\/\/terrasdebasto.pt\/","logo":{"@type":"ImageObject","inLanguage":"pt-PT","@id":"https:\/\/terrasdebasto.pt\/#\/schema\/logo\/image\/","url":"https:\/\/terrasdebasto.pt\/wp-content\/uploads\/2024\/06\/LogoNormal.png","contentUrl":"https:\/\/terrasdebasto.pt\/wp-content\/uploads\/2024\/06\/LogoNormal.png","width":5638,"height":809,"caption":"Jornal Terras de Basto"},"image":{"@id":"https:\/\/terrasdebasto.pt\/#\/schema\/logo\/image\/"}},{"@type":"Person","@id":"https:\/\/terrasdebasto.pt\/#\/schema\/person\/f149e6885841de810906b698e796ffaf","name":"addjornal","image":{"@type":"ImageObject","inLanguage":"pt-PT","@id":"https:\/\/terrasdebasto.pt\/#\/schema\/person\/image\/","url":"https:\/\/secure.gravatar.com\/avatar\/2e5367a437686317c4cd184cb863b4793855bc14c94e104154a1dccfcfeb20ff?s=96&d=mm&r=g","contentUrl":"https:\/\/secure.gravatar.com\/avatar\/2e5367a437686317c4cd184cb863b4793855bc14c94e104154a1dccfcfeb20ff?s=96&d=mm&r=g","caption":"addjornal"},"url":"https:\/\/terrasdebasto.pt\/?author=2"}]}},"_links":{"self":[{"href":"https:\/\/terrasdebasto.pt\/index.php?rest_route=\/wp\/v2\/posts\/139","targetHints":{"allow":["GET"]}}],"collection":[{"href":"https:\/\/terrasdebasto.pt\/index.php?rest_route=\/wp\/v2\/posts"}],"about":[{"href":"https:\/\/terrasdebasto.pt\/index.php?rest_route=\/wp\/v2\/types\/post"}],"author":[{"embeddable":true,"href":"https:\/\/terrasdebasto.pt\/index.php?rest_route=\/wp\/v2\/users\/2"}],"replies":[{"embeddable":true,"href":"https:\/\/terrasdebasto.pt\/index.php?rest_route=%2Fwp%2Fv2%2Fcomments&post=139"}],"version-history":[{"count":4,"href":"https:\/\/terrasdebasto.pt\/index.php?rest_route=\/wp\/v2\/posts\/139\/revisions"}],"predecessor-version":[{"id":245,"href":"https:\/\/terrasdebasto.pt\/index.php?rest_route=\/wp\/v2\/posts\/139\/revisions\/245"}],"wp:featuredmedia":[{"embeddable":true,"href":"https:\/\/terrasdebasto.pt\/index.php?rest_route=\/wp\/v2\/media\/242"}],"wp:attachment":[{"href":"https:\/\/terrasdebasto.pt\/index.php?rest_route=%2Fwp%2Fv2%2Fmedia&parent=139"}],"wp:term":[{"taxonomy":"category","embeddable":true,"href":"https:\/\/terrasdebasto.pt\/index.php?rest_route=%2Fwp%2Fv2%2Fcategories&post=139"},{"taxonomy":"post_tag","embeddable":true,"href":"https:\/\/terrasdebasto.pt\/index.php?rest_route=%2Fwp%2Fv2%2Ftags&post=139"}],"curies":[{"name":"wp","href":"https:\/\/api.w.org\/{rel}","templated":true}]}}