{"id":1326,"date":"2024-08-17T15:56:11","date_gmt":"2024-08-17T15:56:11","guid":{"rendered":"https:\/\/terrasdebasto.pt\/?p=1326"},"modified":"2024-08-17T15:56:11","modified_gmt":"2024-08-17T15:56:11","slug":"bons-vinhos-e-melhor-comida-em-celorico","status":"publish","type":"post","link":"https:\/\/terrasdebasto.pt\/?p=1326","title":{"rendered":"Bons vinhos e melhor comida&#8230; em Celorico"},"content":{"rendered":"\n<p><strong>Promete para este s\u00e1bado (17) mais uma enchente a Feira de Artesanato e Gastronomia de Celorico de Basto, a 25.\u00aa edi\u00e7\u00e3o do certame, a que se junta uma Mostra de Vinhos desta sub-regi\u00e3o demarcada dos vinhos verdes. Bons vinhos, melhor comida e&#8230; todos os vizinhos dos nossos vizinhos.<\/strong><\/p>\n\n\n\n<figure class=\"wp-block-gallery has-nested-images columns-default is-cropped wp-block-gallery-1 is-layout-flex wp-block-gallery-is-layout-flex\">\n<figure class=\"wp-block-image size-large\"><img loading=\"lazy\" decoding=\"async\" width=\"1024\" height=\"683\" data-id=\"1328\" src=\"https:\/\/terrasdebasto.pt\/wp-content\/uploads\/2024\/08\/138-1024x683.jpg\" alt=\"\" class=\"wp-image-1328\" srcset=\"https:\/\/terrasdebasto.pt\/wp-content\/uploads\/2024\/08\/138-1024x683.jpg 1024w, https:\/\/terrasdebasto.pt\/wp-content\/uploads\/2024\/08\/138-300x200.jpg 300w, https:\/\/terrasdebasto.pt\/wp-content\/uploads\/2024\/08\/138-768x512.jpg 768w, https:\/\/terrasdebasto.pt\/wp-content\/uploads\/2024\/08\/138-1536x1024.jpg 1536w, https:\/\/terrasdebasto.pt\/wp-content\/uploads\/2024\/08\/138-150x100.jpg 150w, https:\/\/terrasdebasto.pt\/wp-content\/uploads\/2024\/08\/138-696x464.jpg 696w, https:\/\/terrasdebasto.pt\/wp-content\/uploads\/2024\/08\/138-1068x712.jpg 1068w, https:\/\/terrasdebasto.pt\/wp-content\/uploads\/2024\/08\/138-1920x1280.jpg 1920w, https:\/\/terrasdebasto.pt\/wp-content\/uploads\/2024\/08\/138.jpg 2048w\" sizes=\"auto, (max-width: 1024px) 100vw, 1024px\" \/><\/figure>\n<\/figure>\n\n\n\n<figure class=\"wp-block-gallery has-nested-images columns-default is-cropped wp-block-gallery-2 is-layout-flex wp-block-gallery-is-layout-flex\">\n<figure class=\"wp-block-image size-large\"><img loading=\"lazy\" decoding=\"async\" width=\"1024\" height=\"683\" data-id=\"1372\" src=\"https:\/\/terrasdebasto.pt\/wp-content\/uploads\/2024\/08\/100-4-1024x683.jpg\" alt=\"\" class=\"wp-image-1372\" srcset=\"https:\/\/terrasdebasto.pt\/wp-content\/uploads\/2024\/08\/100-4-1024x683.jpg 1024w, https:\/\/terrasdebasto.pt\/wp-content\/uploads\/2024\/08\/100-4-300x200.jpg 300w, https:\/\/terrasdebasto.pt\/wp-content\/uploads\/2024\/08\/100-4-768x512.jpg 768w, https:\/\/terrasdebasto.pt\/wp-content\/uploads\/2024\/08\/100-4-1536x1024.jpg 1536w, https:\/\/terrasdebasto.pt\/wp-content\/uploads\/2024\/08\/100-4-150x100.jpg 150w, https:\/\/terrasdebasto.pt\/wp-content\/uploads\/2024\/08\/100-4-696x464.jpg 696w, https:\/\/terrasdebasto.pt\/wp-content\/uploads\/2024\/08\/100-4-1068x712.jpg 1068w, https:\/\/terrasdebasto.pt\/wp-content\/uploads\/2024\/08\/100-4-1920x1280.jpg 1920w, https:\/\/terrasdebasto.pt\/wp-content\/uploads\/2024\/08\/100-4.jpg 2048w\" sizes=\"auto, (max-width: 1024px) 100vw, 1024px\" \/><\/figure>\n\n\n\n<figure class=\"wp-block-image size-large\"><img loading=\"lazy\" decoding=\"async\" width=\"1024\" height=\"683\" data-id=\"1374\" src=\"https:\/\/terrasdebasto.pt\/wp-content\/uploads\/2024\/08\/101-4-1024x683.jpg\" alt=\"\" class=\"wp-image-1374\" srcset=\"https:\/\/terrasdebasto.pt\/wp-content\/uploads\/2024\/08\/101-4-1024x683.jpg 1024w, https:\/\/terrasdebasto.pt\/wp-content\/uploads\/2024\/08\/101-4-300x200.jpg 300w, https:\/\/terrasdebasto.pt\/wp-content\/uploads\/2024\/08\/101-4-768x512.jpg 768w, https:\/\/terrasdebasto.pt\/wp-content\/uploads\/2024\/08\/101-4-1536x1024.jpg 1536w, https:\/\/terrasdebasto.pt\/wp-content\/uploads\/2024\/08\/101-4-150x100.jpg 150w, https:\/\/terrasdebasto.pt\/wp-content\/uploads\/2024\/08\/101-4-696x464.jpg 696w, https:\/\/terrasdebasto.pt\/wp-content\/uploads\/2024\/08\/101-4-1068x712.jpg 1068w, https:\/\/terrasdebasto.pt\/wp-content\/uploads\/2024\/08\/101-4-1920x1280.jpg 1920w, https:\/\/terrasdebasto.pt\/wp-content\/uploads\/2024\/08\/101-4.jpg 2048w\" sizes=\"auto, (max-width: 1024px) 100vw, 1024px\" \/><\/figure>\n\n\n\n<figure class=\"wp-block-image size-large\"><img loading=\"lazy\" decoding=\"async\" width=\"1024\" height=\"683\" data-id=\"1376\" src=\"https:\/\/terrasdebasto.pt\/wp-content\/uploads\/2024\/08\/102-4-1024x683.jpg\" alt=\"\" class=\"wp-image-1376\" srcset=\"https:\/\/terrasdebasto.pt\/wp-content\/uploads\/2024\/08\/102-4-1024x683.jpg 1024w, https:\/\/terrasdebasto.pt\/wp-content\/uploads\/2024\/08\/102-4-300x200.jpg 300w, https:\/\/terrasdebasto.pt\/wp-content\/uploads\/2024\/08\/102-4-768x512.jpg 768w, https:\/\/terrasdebasto.pt\/wp-content\/uploads\/2024\/08\/102-4-1536x1024.jpg 1536w, https:\/\/terrasdebasto.pt\/wp-content\/uploads\/2024\/08\/102-4-150x100.jpg 150w, https:\/\/terrasdebasto.pt\/wp-content\/uploads\/2024\/08\/102-4-696x464.jpg 696w, https:\/\/terrasdebasto.pt\/wp-content\/uploads\/2024\/08\/102-4-1068x712.jpg 1068w, https:\/\/terrasdebasto.pt\/wp-content\/uploads\/2024\/08\/102-4-1920x1280.jpg 1920w, https:\/\/terrasdebasto.pt\/wp-content\/uploads\/2024\/08\/102-4.jpg 2048w\" sizes=\"auto, (max-width: 1024px) 100vw, 1024px\" \/><\/figure>\n\n\n\n<figure class=\"wp-block-image size-large\"><img loading=\"lazy\" decoding=\"async\" width=\"1024\" height=\"576\" data-id=\"1375\" src=\"https:\/\/terrasdebasto.pt\/wp-content\/uploads\/2024\/08\/103-4-1024x576.jpg\" alt=\"\" class=\"wp-image-1375\" srcset=\"https:\/\/terrasdebasto.pt\/wp-content\/uploads\/2024\/08\/103-4-1024x576.jpg 1024w, https:\/\/terrasdebasto.pt\/wp-content\/uploads\/2024\/08\/103-4-300x169.jpg 300w, https:\/\/terrasdebasto.pt\/wp-content\/uploads\/2024\/08\/103-4-768x432.jpg 768w, https:\/\/terrasdebasto.pt\/wp-content\/uploads\/2024\/08\/103-4-1536x864.jpg 1536w, https:\/\/terrasdebasto.pt\/wp-content\/uploads\/2024\/08\/103-4-150x84.jpg 150w, https:\/\/terrasdebasto.pt\/wp-content\/uploads\/2024\/08\/103-4-696x392.jpg 696w, https:\/\/terrasdebasto.pt\/wp-content\/uploads\/2024\/08\/103-4-1068x601.jpg 1068w, https:\/\/terrasdebasto.pt\/wp-content\/uploads\/2024\/08\/103-4-1920x1080.jpg 1920w, https:\/\/terrasdebasto.pt\/wp-content\/uploads\/2024\/08\/103-4.jpg 2048w\" sizes=\"auto, (max-width: 1024px) 100vw, 1024px\" \/><figcaption class=\"wp-element-caption\">default<\/figcaption><\/figure>\n\n\n\n<figure class=\"wp-block-image size-large\"><img loading=\"lazy\" decoding=\"async\" width=\"1024\" height=\"683\" data-id=\"1377\" src=\"https:\/\/terrasdebasto.pt\/wp-content\/uploads\/2024\/08\/104-4-1024x683.jpg\" alt=\"\" class=\"wp-image-1377\" srcset=\"https:\/\/terrasdebasto.pt\/wp-content\/uploads\/2024\/08\/104-4-1024x683.jpg 1024w, https:\/\/terrasdebasto.pt\/wp-content\/uploads\/2024\/08\/104-4-300x200.jpg 300w, https:\/\/terrasdebasto.pt\/wp-content\/uploads\/2024\/08\/104-4-768x512.jpg 768w, https:\/\/terrasdebasto.pt\/wp-content\/uploads\/2024\/08\/104-4-1536x1024.jpg 1536w, https:\/\/terrasdebasto.pt\/wp-content\/uploads\/2024\/08\/104-4-150x100.jpg 150w, https:\/\/terrasdebasto.pt\/wp-content\/uploads\/2024\/08\/104-4-696x464.jpg 696w, https:\/\/terrasdebasto.pt\/wp-content\/uploads\/2024\/08\/104-4-1068x712.jpg 1068w, https:\/\/terrasdebasto.pt\/wp-content\/uploads\/2024\/08\/104-4-1920x1280.jpg 1920w, https:\/\/terrasdebasto.pt\/wp-content\/uploads\/2024\/08\/104-4.jpg 2048w\" sizes=\"auto, (max-width: 1024px) 100vw, 1024px\" \/><\/figure>\n\n\n\n<figure class=\"wp-block-image size-large\"><img loading=\"lazy\" decoding=\"async\" width=\"1024\" height=\"683\" data-id=\"1373\" src=\"https:\/\/terrasdebasto.pt\/wp-content\/uploads\/2024\/08\/105-2-1024x683.jpg\" alt=\"\" class=\"wp-image-1373\" srcset=\"https:\/\/terrasdebasto.pt\/wp-content\/uploads\/2024\/08\/105-2-1024x683.jpg 1024w, https:\/\/terrasdebasto.pt\/wp-content\/uploads\/2024\/08\/105-2-300x200.jpg 300w, https:\/\/terrasdebasto.pt\/wp-content\/uploads\/2024\/08\/105-2-768x512.jpg 768w, https:\/\/terrasdebasto.pt\/wp-content\/uploads\/2024\/08\/105-2-1536x1024.jpg 1536w, https:\/\/terrasdebasto.pt\/wp-content\/uploads\/2024\/08\/105-2-150x100.jpg 150w, https:\/\/terrasdebasto.pt\/wp-content\/uploads\/2024\/08\/105-2-696x464.jpg 696w, https:\/\/terrasdebasto.pt\/wp-content\/uploads\/2024\/08\/105-2-1068x712.jpg 1068w, https:\/\/terrasdebasto.pt\/wp-content\/uploads\/2024\/08\/105-2-1920x1280.jpg 1920w, https:\/\/terrasdebasto.pt\/wp-content\/uploads\/2024\/08\/105-2.jpg 2048w\" sizes=\"auto, (max-width: 1024px) 100vw, 1024px\" \/><\/figure>\n<\/figure>\n\n\n\n<figure class=\"wp-block-gallery has-nested-images columns-default is-cropped wp-block-gallery-3 is-layout-flex wp-block-gallery-is-layout-flex\">\n<figure class=\"wp-block-image size-large\"><img loading=\"lazy\" decoding=\"async\" width=\"1024\" height=\"683\" data-id=\"1382\" src=\"https:\/\/terrasdebasto.pt\/wp-content\/uploads\/2024\/08\/106-3-1024x683.jpg\" alt=\"\" class=\"wp-image-1382\" srcset=\"https:\/\/terrasdebasto.pt\/wp-content\/uploads\/2024\/08\/106-3-1024x683.jpg 1024w, https:\/\/terrasdebasto.pt\/wp-content\/uploads\/2024\/08\/106-3-300x200.jpg 300w, https:\/\/terrasdebasto.pt\/wp-content\/uploads\/2024\/08\/106-3-768x512.jpg 768w, https:\/\/terrasdebasto.pt\/wp-content\/uploads\/2024\/08\/106-3-1536x1024.jpg 1536w, https:\/\/terrasdebasto.pt\/wp-content\/uploads\/2024\/08\/106-3-150x100.jpg 150w, https:\/\/terrasdebasto.pt\/wp-content\/uploads\/2024\/08\/106-3-696x464.jpg 696w, https:\/\/terrasdebasto.pt\/wp-content\/uploads\/2024\/08\/106-3-1068x712.jpg 1068w, https:\/\/terrasdebasto.pt\/wp-content\/uploads\/2024\/08\/106-3-1920x1280.jpg 1920w, https:\/\/terrasdebasto.pt\/wp-content\/uploads\/2024\/08\/106-3.jpg 2048w\" sizes=\"auto, (max-width: 1024px) 100vw, 1024px\" \/><\/figure>\n\n\n\n<figure class=\"wp-block-image size-large\"><img loading=\"lazy\" decoding=\"async\" width=\"1024\" height=\"683\" data-id=\"1379\" src=\"https:\/\/terrasdebasto.pt\/wp-content\/uploads\/2024\/08\/107-2-1024x683.jpg\" alt=\"\" class=\"wp-image-1379\" srcset=\"https:\/\/terrasdebasto.pt\/wp-content\/uploads\/2024\/08\/107-2-1024x683.jpg 1024w, https:\/\/terrasdebasto.pt\/wp-content\/uploads\/2024\/08\/107-2-300x200.jpg 300w, https:\/\/terrasdebasto.pt\/wp-content\/uploads\/2024\/08\/107-2-768x512.jpg 768w, https:\/\/terrasdebasto.pt\/wp-content\/uploads\/2024\/08\/107-2-1536x1024.jpg 1536w, https:\/\/terrasdebasto.pt\/wp-content\/uploads\/2024\/08\/107-2-150x100.jpg 150w, https:\/\/terrasdebasto.pt\/wp-content\/uploads\/2024\/08\/107-2-696x464.jpg 696w, https:\/\/terrasdebasto.pt\/wp-content\/uploads\/2024\/08\/107-2-1068x712.jpg 1068w, https:\/\/terrasdebasto.pt\/wp-content\/uploads\/2024\/08\/107-2-1920x1280.jpg 1920w, https:\/\/terrasdebasto.pt\/wp-content\/uploads\/2024\/08\/107-2.jpg 2048w\" sizes=\"auto, (max-width: 1024px) 100vw, 1024px\" \/><\/figure>\n\n\n\n<figure class=\"wp-block-image size-large\"><img loading=\"lazy\" decoding=\"async\" width=\"1024\" height=\"683\" data-id=\"1378\" src=\"https:\/\/terrasdebasto.pt\/wp-content\/uploads\/2024\/08\/108-3-1024x683.jpg\" alt=\"\" class=\"wp-image-1378\" srcset=\"https:\/\/terrasdebasto.pt\/wp-content\/uploads\/2024\/08\/108-3-1024x683.jpg 1024w, https:\/\/terrasdebasto.pt\/wp-content\/uploads\/2024\/08\/108-3-300x200.jpg 300w, https:\/\/terrasdebasto.pt\/wp-content\/uploads\/2024\/08\/108-3-768x512.jpg 768w, https:\/\/terrasdebasto.pt\/wp-content\/uploads\/2024\/08\/108-3-1536x1024.jpg 1536w, https:\/\/terrasdebasto.pt\/wp-content\/uploads\/2024\/08\/108-3-150x100.jpg 150w, https:\/\/terrasdebasto.pt\/wp-content\/uploads\/2024\/08\/108-3-696x464.jpg 696w, https:\/\/terrasdebasto.pt\/wp-content\/uploads\/2024\/08\/108-3-1068x712.jpg 1068w, https:\/\/terrasdebasto.pt\/wp-content\/uploads\/2024\/08\/108-3-1920x1280.jpg 1920w, https:\/\/terrasdebasto.pt\/wp-content\/uploads\/2024\/08\/108-3.jpg 2048w\" sizes=\"auto, (max-width: 1024px) 100vw, 1024px\" \/><\/figure>\n\n\n\n<figure class=\"wp-block-image size-large\"><img loading=\"lazy\" decoding=\"async\" width=\"1024\" height=\"683\" data-id=\"1385\" src=\"https:\/\/terrasdebasto.pt\/wp-content\/uploads\/2024\/08\/109-2-1024x683.jpg\" alt=\"\" class=\"wp-image-1385\" srcset=\"https:\/\/terrasdebasto.pt\/wp-content\/uploads\/2024\/08\/109-2-1024x683.jpg 1024w, https:\/\/terrasdebasto.pt\/wp-content\/uploads\/2024\/08\/109-2-300x200.jpg 300w, https:\/\/terrasdebasto.pt\/wp-content\/uploads\/2024\/08\/109-2-768x512.jpg 768w, https:\/\/terrasdebasto.pt\/wp-content\/uploads\/2024\/08\/109-2-1536x1024.jpg 1536w, https:\/\/terrasdebasto.pt\/wp-content\/uploads\/2024\/08\/109-2-150x100.jpg 150w, https:\/\/terrasdebasto.pt\/wp-content\/uploads\/2024\/08\/109-2-696x464.jpg 696w, https:\/\/terrasdebasto.pt\/wp-content\/uploads\/2024\/08\/109-2-1068x712.jpg 1068w, https:\/\/terrasdebasto.pt\/wp-content\/uploads\/2024\/08\/109-2-1920x1280.jpg 1920w, https:\/\/terrasdebasto.pt\/wp-content\/uploads\/2024\/08\/109-2.jpg 2048w\" sizes=\"auto, (max-width: 1024px) 100vw, 1024px\" \/><\/figure>\n\n\n\n<figure class=\"wp-block-image size-large\"><img loading=\"lazy\" decoding=\"async\" width=\"1024\" height=\"683\" data-id=\"1381\" src=\"https:\/\/terrasdebasto.pt\/wp-content\/uploads\/2024\/08\/111-3-1024x683.jpg\" alt=\"\" class=\"wp-image-1381\" srcset=\"https:\/\/terrasdebasto.pt\/wp-content\/uploads\/2024\/08\/111-3-1024x683.jpg 1024w, https:\/\/terrasdebasto.pt\/wp-content\/uploads\/2024\/08\/111-3-300x200.jpg 300w, https:\/\/terrasdebasto.pt\/wp-content\/uploads\/2024\/08\/111-3-768x512.jpg 768w, https:\/\/terrasdebasto.pt\/wp-content\/uploads\/2024\/08\/111-3-1536x1024.jpg 1536w, https:\/\/terrasdebasto.pt\/wp-content\/uploads\/2024\/08\/111-3-150x100.jpg 150w, https:\/\/terrasdebasto.pt\/wp-content\/uploads\/2024\/08\/111-3-696x464.jpg 696w, https:\/\/terrasdebasto.pt\/wp-content\/uploads\/2024\/08\/111-3-1068x712.jpg 1068w, https:\/\/terrasdebasto.pt\/wp-content\/uploads\/2024\/08\/111-3-1920x1280.jpg 1920w, https:\/\/terrasdebasto.pt\/wp-content\/uploads\/2024\/08\/111-3.jpg 2048w\" sizes=\"auto, (max-width: 1024px) 100vw, 1024px\" \/><\/figure>\n\n\n\n<figure class=\"wp-block-image size-large\"><img loading=\"lazy\" decoding=\"async\" width=\"1024\" height=\"683\" data-id=\"1383\" src=\"https:\/\/terrasdebasto.pt\/wp-content\/uploads\/2024\/08\/112-3-1024x683.jpg\" alt=\"\" class=\"wp-image-1383\" srcset=\"https:\/\/terrasdebasto.pt\/wp-content\/uploads\/2024\/08\/112-3-1024x683.jpg 1024w, https:\/\/terrasdebasto.pt\/wp-content\/uploads\/2024\/08\/112-3-300x200.jpg 300w, https:\/\/terrasdebasto.pt\/wp-content\/uploads\/2024\/08\/112-3-768x512.jpg 768w, https:\/\/terrasdebasto.pt\/wp-content\/uploads\/2024\/08\/112-3-1536x1024.jpg 1536w, https:\/\/terrasdebasto.pt\/wp-content\/uploads\/2024\/08\/112-3-150x100.jpg 150w, https:\/\/terrasdebasto.pt\/wp-content\/uploads\/2024\/08\/112-3-696x464.jpg 696w, https:\/\/terrasdebasto.pt\/wp-content\/uploads\/2024\/08\/112-3-1068x712.jpg 1068w, https:\/\/terrasdebasto.pt\/wp-content\/uploads\/2024\/08\/112-3-1920x1280.jpg 1920w, https:\/\/terrasdebasto.pt\/wp-content\/uploads\/2024\/08\/112-3.jpg 2048w\" sizes=\"auto, (max-width: 1024px) 100vw, 1024px\" \/><\/figure>\n\n\n\n<figure class=\"wp-block-image size-large\"><img loading=\"lazy\" decoding=\"async\" width=\"1024\" height=\"683\" data-id=\"1384\" src=\"https:\/\/terrasdebasto.pt\/wp-content\/uploads\/2024\/08\/113-3-1024x683.jpg\" alt=\"\" class=\"wp-image-1384\" srcset=\"https:\/\/terrasdebasto.pt\/wp-content\/uploads\/2024\/08\/113-3-1024x683.jpg 1024w, https:\/\/terrasdebasto.pt\/wp-content\/uploads\/2024\/08\/113-3-300x200.jpg 300w, https:\/\/terrasdebasto.pt\/wp-content\/uploads\/2024\/08\/113-3-768x512.jpg 768w, https:\/\/terrasdebasto.pt\/wp-content\/uploads\/2024\/08\/113-3-1536x1024.jpg 1536w, https:\/\/terrasdebasto.pt\/wp-content\/uploads\/2024\/08\/113-3-150x100.jpg 150w, https:\/\/terrasdebasto.pt\/wp-content\/uploads\/2024\/08\/113-3-696x464.jpg 696w, https:\/\/terrasdebasto.pt\/wp-content\/uploads\/2024\/08\/113-3-1068x712.jpg 1068w, https:\/\/terrasdebasto.pt\/wp-content\/uploads\/2024\/08\/113-3-1920x1280.jpg 1920w, https:\/\/terrasdebasto.pt\/wp-content\/uploads\/2024\/08\/113-3.jpg 2048w\" sizes=\"auto, (max-width: 1024px) 100vw, 1024px\" \/><\/figure>\n\n\n\n<figure class=\"wp-block-image size-large\"><img loading=\"lazy\" decoding=\"async\" width=\"1024\" height=\"683\" data-id=\"1380\" src=\"https:\/\/terrasdebasto.pt\/wp-content\/uploads\/2024\/08\/114-3-1024x683.jpg\" alt=\"\" class=\"wp-image-1380\" srcset=\"https:\/\/terrasdebasto.pt\/wp-content\/uploads\/2024\/08\/114-3-1024x683.jpg 1024w, https:\/\/terrasdebasto.pt\/wp-content\/uploads\/2024\/08\/114-3-300x200.jpg 300w, https:\/\/terrasdebasto.pt\/wp-content\/uploads\/2024\/08\/114-3-768x512.jpg 768w, https:\/\/terrasdebasto.pt\/wp-content\/uploads\/2024\/08\/114-3-1536x1024.jpg 1536w, https:\/\/terrasdebasto.pt\/wp-content\/uploads\/2024\/08\/114-3-150x100.jpg 150w, https:\/\/terrasdebasto.pt\/wp-content\/uploads\/2024\/08\/114-3-696x464.jpg 696w, https:\/\/terrasdebasto.pt\/wp-content\/uploads\/2024\/08\/114-3-1068x712.jpg 1068w, https:\/\/terrasdebasto.pt\/wp-content\/uploads\/2024\/08\/114-3-1920x1280.jpg 1920w, https:\/\/terrasdebasto.pt\/wp-content\/uploads\/2024\/08\/114-3.jpg 2048w\" sizes=\"auto, (max-width: 1024px) 100vw, 1024px\" \/><\/figure>\n<\/figure>\n\n\n\n<figure class=\"wp-block-gallery has-nested-images columns-default is-cropped wp-block-gallery-4 is-layout-flex wp-block-gallery-is-layout-flex\">\n<figure class=\"wp-block-image size-large\"><img loading=\"lazy\" decoding=\"async\" width=\"1024\" height=\"683\" data-id=\"1392\" src=\"https:\/\/terrasdebasto.pt\/wp-content\/uploads\/2024\/08\/115-3-1024x683.jpg\" alt=\"\" class=\"wp-image-1392\" srcset=\"https:\/\/terrasdebasto.pt\/wp-content\/uploads\/2024\/08\/115-3-1024x683.jpg 1024w, https:\/\/terrasdebasto.pt\/wp-content\/uploads\/2024\/08\/115-3-300x200.jpg 300w, https:\/\/terrasdebasto.pt\/wp-content\/uploads\/2024\/08\/115-3-768x512.jpg 768w, https:\/\/terrasdebasto.pt\/wp-content\/uploads\/2024\/08\/115-3-1536x1024.jpg 1536w, https:\/\/terrasdebasto.pt\/wp-content\/uploads\/2024\/08\/115-3-150x100.jpg 150w, https:\/\/terrasdebasto.pt\/wp-content\/uploads\/2024\/08\/115-3-696x464.jpg 696w, https:\/\/terrasdebasto.pt\/wp-content\/uploads\/2024\/08\/115-3-1068x712.jpg 1068w, https:\/\/terrasdebasto.pt\/wp-content\/uploads\/2024\/08\/115-3-1920x1280.jpg 1920w, https:\/\/terrasdebasto.pt\/wp-content\/uploads\/2024\/08\/115-3.jpg 2048w\" sizes=\"auto, (max-width: 1024px) 100vw, 1024px\" \/><\/figure>\n\n\n\n<figure class=\"wp-block-image size-large\"><img loading=\"lazy\" decoding=\"async\" width=\"1024\" height=\"683\" data-id=\"1388\" src=\"https:\/\/terrasdebasto.pt\/wp-content\/uploads\/2024\/08\/116-3-1024x683.jpg\" alt=\"\" class=\"wp-image-1388\" srcset=\"https:\/\/terrasdebasto.pt\/wp-content\/uploads\/2024\/08\/116-3-1024x683.jpg 1024w, https:\/\/terrasdebasto.pt\/wp-content\/uploads\/2024\/08\/116-3-300x200.jpg 300w, https:\/\/terrasdebasto.pt\/wp-content\/uploads\/2024\/08\/116-3-768x512.jpg 768w, https:\/\/terrasdebasto.pt\/wp-content\/uploads\/2024\/08\/116-3-1536x1024.jpg 1536w, https:\/\/terrasdebasto.pt\/wp-content\/uploads\/2024\/08\/116-3-150x100.jpg 150w, https:\/\/terrasdebasto.pt\/wp-content\/uploads\/2024\/08\/116-3-696x464.jpg 696w, https:\/\/terrasdebasto.pt\/wp-content\/uploads\/2024\/08\/116-3-1068x712.jpg 1068w, https:\/\/terrasdebasto.pt\/wp-content\/uploads\/2024\/08\/116-3-1920x1280.jpg 1920w, https:\/\/terrasdebasto.pt\/wp-content\/uploads\/2024\/08\/116-3.jpg 2048w\" sizes=\"auto, (max-width: 1024px) 100vw, 1024px\" \/><\/figure>\n\n\n\n<figure class=\"wp-block-image size-large\"><img loading=\"lazy\" decoding=\"async\" width=\"1024\" height=\"683\" data-id=\"1391\" src=\"https:\/\/terrasdebasto.pt\/wp-content\/uploads\/2024\/08\/117-2-1024x683.jpg\" alt=\"\" class=\"wp-image-1391\" srcset=\"https:\/\/terrasdebasto.pt\/wp-content\/uploads\/2024\/08\/117-2-1024x683.jpg 1024w, https:\/\/terrasdebasto.pt\/wp-content\/uploads\/2024\/08\/117-2-300x200.jpg 300w, https:\/\/terrasdebasto.pt\/wp-content\/uploads\/2024\/08\/117-2-768x512.jpg 768w, https:\/\/terrasdebasto.pt\/wp-content\/uploads\/2024\/08\/117-2-1536x1024.jpg 1536w, https:\/\/terrasdebasto.pt\/wp-content\/uploads\/2024\/08\/117-2-150x100.jpg 150w, https:\/\/terrasdebasto.pt\/wp-content\/uploads\/2024\/08\/117-2-696x464.jpg 696w, https:\/\/terrasdebasto.pt\/wp-content\/uploads\/2024\/08\/117-2-1068x712.jpg 1068w, https:\/\/terrasdebasto.pt\/wp-content\/uploads\/2024\/08\/117-2-1920x1280.jpg 1920w, https:\/\/terrasdebasto.pt\/wp-content\/uploads\/2024\/08\/117-2.jpg 2048w\" sizes=\"auto, (max-width: 1024px) 100vw, 1024px\" \/><\/figure>\n\n\n\n<figure class=\"wp-block-image size-large\"><img loading=\"lazy\" decoding=\"async\" width=\"1024\" height=\"683\" data-id=\"1386\" src=\"https:\/\/terrasdebasto.pt\/wp-content\/uploads\/2024\/08\/118-2-1024x683.jpg\" alt=\"\" class=\"wp-image-1386\" srcset=\"https:\/\/terrasdebasto.pt\/wp-content\/uploads\/2024\/08\/118-2-1024x683.jpg 1024w, https:\/\/terrasdebasto.pt\/wp-content\/uploads\/2024\/08\/118-2-300x200.jpg 300w, https:\/\/terrasdebasto.pt\/wp-content\/uploads\/2024\/08\/118-2-768x512.jpg 768w, https:\/\/terrasdebasto.pt\/wp-content\/uploads\/2024\/08\/118-2-1536x1024.jpg 1536w, https:\/\/terrasdebasto.pt\/wp-content\/uploads\/2024\/08\/118-2-150x100.jpg 150w, https:\/\/terrasdebasto.pt\/wp-content\/uploads\/2024\/08\/118-2-696x464.jpg 696w, https:\/\/terrasdebasto.pt\/wp-content\/uploads\/2024\/08\/118-2-1068x712.jpg 1068w, https:\/\/terrasdebasto.pt\/wp-content\/uploads\/2024\/08\/118-2-1920x1280.jpg 1920w, https:\/\/terrasdebasto.pt\/wp-content\/uploads\/2024\/08\/118-2.jpg 2048w\" sizes=\"auto, (max-width: 1024px) 100vw, 1024px\" \/><\/figure>\n\n\n\n<figure class=\"wp-block-image size-large\"><img loading=\"lazy\" decoding=\"async\" width=\"683\" height=\"1024\" data-id=\"1390\" src=\"https:\/\/terrasdebasto.pt\/wp-content\/uploads\/2024\/08\/119-2-683x1024.jpg\" alt=\"\" class=\"wp-image-1390\" srcset=\"https:\/\/terrasdebasto.pt\/wp-content\/uploads\/2024\/08\/119-2-683x1024.jpg 683w, https:\/\/terrasdebasto.pt\/wp-content\/uploads\/2024\/08\/119-2-200x300.jpg 200w, https:\/\/terrasdebasto.pt\/wp-content\/uploads\/2024\/08\/119-2-768x1152.jpg 768w, https:\/\/terrasdebasto.pt\/wp-content\/uploads\/2024\/08\/119-2-1024x1536.jpg 1024w, https:\/\/terrasdebasto.pt\/wp-content\/uploads\/2024\/08\/119-2-150x225.jpg 150w, https:\/\/terrasdebasto.pt\/wp-content\/uploads\/2024\/08\/119-2-300x450.jpg 300w, https:\/\/terrasdebasto.pt\/wp-content\/uploads\/2024\/08\/119-2-696x1044.jpg 696w, https:\/\/terrasdebasto.pt\/wp-content\/uploads\/2024\/08\/119-2-1068x1602.jpg 1068w, https:\/\/terrasdebasto.pt\/wp-content\/uploads\/2024\/08\/119-2.jpg 1365w\" sizes=\"auto, (max-width: 683px) 100vw, 683px\" \/><\/figure>\n\n\n\n<figure class=\"wp-block-image size-large\"><img loading=\"lazy\" decoding=\"async\" width=\"1024\" height=\"683\" data-id=\"1387\" src=\"https:\/\/terrasdebasto.pt\/wp-content\/uploads\/2024\/08\/120-2-1024x683.jpg\" alt=\"\" class=\"wp-image-1387\" srcset=\"https:\/\/terrasdebasto.pt\/wp-content\/uploads\/2024\/08\/120-2-1024x683.jpg 1024w, https:\/\/terrasdebasto.pt\/wp-content\/uploads\/2024\/08\/120-2-300x200.jpg 300w, https:\/\/terrasdebasto.pt\/wp-content\/uploads\/2024\/08\/120-2-768x512.jpg 768w, https:\/\/terrasdebasto.pt\/wp-content\/uploads\/2024\/08\/120-2-1536x1024.jpg 1536w, https:\/\/terrasdebasto.pt\/wp-content\/uploads\/2024\/08\/120-2-150x100.jpg 150w, https:\/\/terrasdebasto.pt\/wp-content\/uploads\/2024\/08\/120-2-696x464.jpg 696w, https:\/\/terrasdebasto.pt\/wp-content\/uploads\/2024\/08\/120-2-1068x712.jpg 1068w, https:\/\/terrasdebasto.pt\/wp-content\/uploads\/2024\/08\/120-2-1920x1280.jpg 1920w, https:\/\/terrasdebasto.pt\/wp-content\/uploads\/2024\/08\/120-2.jpg 2048w\" sizes=\"auto, (max-width: 1024px) 100vw, 1024px\" \/><\/figure>\n\n\n\n<figure class=\"wp-block-image size-large\"><img loading=\"lazy\" decoding=\"async\" width=\"1024\" height=\"683\" data-id=\"1389\" src=\"https:\/\/terrasdebasto.pt\/wp-content\/uploads\/2024\/08\/121-1-1024x683.jpg\" alt=\"\" class=\"wp-image-1389\" srcset=\"https:\/\/terrasdebasto.pt\/wp-content\/uploads\/2024\/08\/121-1-1024x683.jpg 1024w, https:\/\/terrasdebasto.pt\/wp-content\/uploads\/2024\/08\/121-1-300x200.jpg 300w, https:\/\/terrasdebasto.pt\/wp-content\/uploads\/2024\/08\/121-1-768x512.jpg 768w, https:\/\/terrasdebasto.pt\/wp-content\/uploads\/2024\/08\/121-1-1536x1024.jpg 1536w, https:\/\/terrasdebasto.pt\/wp-content\/uploads\/2024\/08\/121-1-150x100.jpg 150w, https:\/\/terrasdebasto.pt\/wp-content\/uploads\/2024\/08\/121-1-696x464.jpg 696w, https:\/\/terrasdebasto.pt\/wp-content\/uploads\/2024\/08\/121-1-1068x712.jpg 1068w, https:\/\/terrasdebasto.pt\/wp-content\/uploads\/2024\/08\/121-1-1920x1280.jpg 1920w, https:\/\/terrasdebasto.pt\/wp-content\/uploads\/2024\/08\/121-1.jpg 2048w\" sizes=\"auto, (max-width: 1024px) 100vw, 1024px\" \/><\/figure>\n\n\n\n<figure class=\"wp-block-image size-large\"><img loading=\"lazy\" decoding=\"async\" width=\"1024\" height=\"683\" data-id=\"1393\" src=\"https:\/\/terrasdebasto.pt\/wp-content\/uploads\/2024\/08\/122-1-1024x683.jpg\" alt=\"\" class=\"wp-image-1393\" srcset=\"https:\/\/terrasdebasto.pt\/wp-content\/uploads\/2024\/08\/122-1-1024x683.jpg 1024w, https:\/\/terrasdebasto.pt\/wp-content\/uploads\/2024\/08\/122-1-300x200.jpg 300w, https:\/\/terrasdebasto.pt\/wp-content\/uploads\/2024\/08\/122-1-768x512.jpg 768w, https:\/\/terrasdebasto.pt\/wp-content\/uploads\/2024\/08\/122-1-1536x1024.jpg 1536w, https:\/\/terrasdebasto.pt\/wp-content\/uploads\/2024\/08\/122-1-150x100.jpg 150w, https:\/\/terrasdebasto.pt\/wp-content\/uploads\/2024\/08\/122-1-696x464.jpg 696w, https:\/\/terrasdebasto.pt\/wp-content\/uploads\/2024\/08\/122-1-1068x712.jpg 1068w, https:\/\/terrasdebasto.pt\/wp-content\/uploads\/2024\/08\/122-1-1920x1280.jpg 1920w, https:\/\/terrasdebasto.pt\/wp-content\/uploads\/2024\/08\/122-1.jpg 2048w\" sizes=\"auto, (max-width: 1024px) 100vw, 1024px\" \/><\/figure>\n<\/figure>\n\n\n\n<figure class=\"wp-block-gallery has-nested-images columns-default is-cropped wp-block-gallery-5 is-layout-flex wp-block-gallery-is-layout-flex\">\n<figure class=\"wp-block-image size-large\"><img loading=\"lazy\" decoding=\"async\" width=\"1024\" height=\"683\" data-id=\"1396\" src=\"https:\/\/terrasdebasto.pt\/wp-content\/uploads\/2024\/08\/94-1024x683.jpg\" alt=\"\" class=\"wp-image-1396\" srcset=\"https:\/\/terrasdebasto.pt\/wp-content\/uploads\/2024\/08\/94-1024x683.jpg 1024w, https:\/\/terrasdebasto.pt\/wp-content\/uploads\/2024\/08\/94-300x200.jpg 300w, https:\/\/terrasdebasto.pt\/wp-content\/uploads\/2024\/08\/94-768x512.jpg 768w, https:\/\/terrasdebasto.pt\/wp-content\/uploads\/2024\/08\/94-1536x1024.jpg 1536w, https:\/\/terrasdebasto.pt\/wp-content\/uploads\/2024\/08\/94-150x100.jpg 150w, https:\/\/terrasdebasto.pt\/wp-content\/uploads\/2024\/08\/94-696x464.jpg 696w, https:\/\/terrasdebasto.pt\/wp-content\/uploads\/2024\/08\/94-1068x712.jpg 1068w, https:\/\/terrasdebasto.pt\/wp-content\/uploads\/2024\/08\/94-1920x1280.jpg 1920w, https:\/\/terrasdebasto.pt\/wp-content\/uploads\/2024\/08\/94.jpg 2048w\" sizes=\"auto, (max-width: 1024px) 100vw, 1024px\" \/><\/figure>\n\n\n\n<figure class=\"wp-block-image size-large\"><img loading=\"lazy\" decoding=\"async\" width=\"1024\" height=\"683\" data-id=\"1394\" src=\"https:\/\/terrasdebasto.pt\/wp-content\/uploads\/2024\/08\/95-1024x683.jpg\" alt=\"\" class=\"wp-image-1394\" srcset=\"https:\/\/terrasdebasto.pt\/wp-content\/uploads\/2024\/08\/95-1024x683.jpg 1024w, https:\/\/terrasdebasto.pt\/wp-content\/uploads\/2024\/08\/95-300x200.jpg 300w, https:\/\/terrasdebasto.pt\/wp-content\/uploads\/2024\/08\/95-768x512.jpg 768w, https:\/\/terrasdebasto.pt\/wp-content\/uploads\/2024\/08\/95-1536x1024.jpg 1536w, https:\/\/terrasdebasto.pt\/wp-content\/uploads\/2024\/08\/95-150x100.jpg 150w, https:\/\/terrasdebasto.pt\/wp-content\/uploads\/2024\/08\/95-696x464.jpg 696w, https:\/\/terrasdebasto.pt\/wp-content\/uploads\/2024\/08\/95-1068x712.jpg 1068w, https:\/\/terrasdebasto.pt\/wp-content\/uploads\/2024\/08\/95-1920x1280.jpg 1920w, https:\/\/terrasdebasto.pt\/wp-content\/uploads\/2024\/08\/95.jpg 2048w\" sizes=\"auto, (max-width: 1024px) 100vw, 1024px\" \/><\/figure>\n\n\n\n<figure class=\"wp-block-image size-large\"><img loading=\"lazy\" decoding=\"async\" width=\"1024\" height=\"683\" data-id=\"1395\" src=\"https:\/\/terrasdebasto.pt\/wp-content\/uploads\/2024\/08\/96-1024x683.jpg\" alt=\"\" class=\"wp-image-1395\" srcset=\"https:\/\/terrasdebasto.pt\/wp-content\/uploads\/2024\/08\/96-1024x683.jpg 1024w, https:\/\/terrasdebasto.pt\/wp-content\/uploads\/2024\/08\/96-300x200.jpg 300w, https:\/\/terrasdebasto.pt\/wp-content\/uploads\/2024\/08\/96-768x512.jpg 768w, https:\/\/terrasdebasto.pt\/wp-content\/uploads\/2024\/08\/96-1536x1024.jpg 1536w, https:\/\/terrasdebasto.pt\/wp-content\/uploads\/2024\/08\/96-150x100.jpg 150w, https:\/\/terrasdebasto.pt\/wp-content\/uploads\/2024\/08\/96-696x464.jpg 696w, https:\/\/terrasdebasto.pt\/wp-content\/uploads\/2024\/08\/96-1068x712.jpg 1068w, https:\/\/terrasdebasto.pt\/wp-content\/uploads\/2024\/08\/96-1920x1280.jpg 1920w, https:\/\/terrasdebasto.pt\/wp-content\/uploads\/2024\/08\/96.jpg 2048w\" sizes=\"auto, (max-width: 1024px) 100vw, 1024px\" \/><\/figure>\n\n\n\n<figure class=\"wp-block-image size-large\"><img loading=\"lazy\" decoding=\"async\" width=\"1024\" height=\"683\" data-id=\"1398\" src=\"https:\/\/terrasdebasto.pt\/wp-content\/uploads\/2024\/08\/97-1-1024x683.jpg\" alt=\"\" class=\"wp-image-1398\" srcset=\"https:\/\/terrasdebasto.pt\/wp-content\/uploads\/2024\/08\/97-1-1024x683.jpg 1024w, https:\/\/terrasdebasto.pt\/wp-content\/uploads\/2024\/08\/97-1-300x200.jpg 300w, https:\/\/terrasdebasto.pt\/wp-content\/uploads\/2024\/08\/97-1-768x512.jpg 768w, https:\/\/terrasdebasto.pt\/wp-content\/uploads\/2024\/08\/97-1-1536x1024.jpg 1536w, https:\/\/terrasdebasto.pt\/wp-content\/uploads\/2024\/08\/97-1-150x100.jpg 150w, https:\/\/terrasdebasto.pt\/wp-content\/uploads\/2024\/08\/97-1-696x464.jpg 696w, https:\/\/terrasdebasto.pt\/wp-content\/uploads\/2024\/08\/97-1-1068x712.jpg 1068w, https:\/\/terrasdebasto.pt\/wp-content\/uploads\/2024\/08\/97-1-1920x1280.jpg 1920w, https:\/\/terrasdebasto.pt\/wp-content\/uploads\/2024\/08\/97-1.jpg 2048w\" sizes=\"auto, (max-width: 1024px) 100vw, 1024px\" \/><\/figure>\n\n\n\n<figure class=\"wp-block-image size-large\"><img loading=\"lazy\" decoding=\"async\" width=\"1024\" height=\"683\" data-id=\"1397\" src=\"https:\/\/terrasdebasto.pt\/wp-content\/uploads\/2024\/08\/98-2-1024x683.jpg\" alt=\"\" class=\"wp-image-1397\" srcset=\"https:\/\/terrasdebasto.pt\/wp-content\/uploads\/2024\/08\/98-2-1024x683.jpg 1024w, https:\/\/terrasdebasto.pt\/wp-content\/uploads\/2024\/08\/98-2-300x200.jpg 300w, https:\/\/terrasdebasto.pt\/wp-content\/uploads\/2024\/08\/98-2-768x512.jpg 768w, https:\/\/terrasdebasto.pt\/wp-content\/uploads\/2024\/08\/98-2-1536x1024.jpg 1536w, https:\/\/terrasdebasto.pt\/wp-content\/uploads\/2024\/08\/98-2-150x100.jpg 150w, https:\/\/terrasdebasto.pt\/wp-content\/uploads\/2024\/08\/98-2-696x464.jpg 696w, https:\/\/terrasdebasto.pt\/wp-content\/uploads\/2024\/08\/98-2-1068x712.jpg 1068w, https:\/\/terrasdebasto.pt\/wp-content\/uploads\/2024\/08\/98-2-1920x1280.jpg 1920w, https:\/\/terrasdebasto.pt\/wp-content\/uploads\/2024\/08\/98-2.jpg 2048w\" sizes=\"auto, (max-width: 1024px) 100vw, 1024px\" \/><\/figure>\n<\/figure>\n\n\n\n<figure class=\"wp-block-gallery has-nested-images columns-default is-cropped wp-block-gallery-6 is-layout-flex wp-block-gallery-is-layout-flex\">\n<figure class=\"wp-block-image size-large\"><img loading=\"lazy\" decoding=\"async\" width=\"683\" height=\"1024\" data-id=\"1403\" src=\"https:\/\/terrasdebasto.pt\/wp-content\/uploads\/2024\/08\/123-1-683x1024.jpg\" alt=\"\" class=\"wp-image-1403\" srcset=\"https:\/\/terrasdebasto.pt\/wp-content\/uploads\/2024\/08\/123-1-683x1024.jpg 683w, https:\/\/terrasdebasto.pt\/wp-content\/uploads\/2024\/08\/123-1-200x300.jpg 200w, https:\/\/terrasdebasto.pt\/wp-content\/uploads\/2024\/08\/123-1-768x1152.jpg 768w, https:\/\/terrasdebasto.pt\/wp-content\/uploads\/2024\/08\/123-1-1024x1536.jpg 1024w, https:\/\/terrasdebasto.pt\/wp-content\/uploads\/2024\/08\/123-1-150x225.jpg 150w, https:\/\/terrasdebasto.pt\/wp-content\/uploads\/2024\/08\/123-1-300x450.jpg 300w, https:\/\/terrasdebasto.pt\/wp-content\/uploads\/2024\/08\/123-1-696x1044.jpg 696w, https:\/\/terrasdebasto.pt\/wp-content\/uploads\/2024\/08\/123-1-1068x1602.jpg 1068w, https:\/\/terrasdebasto.pt\/wp-content\/uploads\/2024\/08\/123-1.jpg 1365w\" sizes=\"auto, (max-width: 683px) 100vw, 683px\" \/><\/figure>\n\n\n\n<figure class=\"wp-block-image size-large\"><img loading=\"lazy\" decoding=\"async\" width=\"683\" height=\"1024\" data-id=\"1399\" src=\"https:\/\/terrasdebasto.pt\/wp-content\/uploads\/2024\/08\/124-1-683x1024.jpg\" alt=\"\" class=\"wp-image-1399\" srcset=\"https:\/\/terrasdebasto.pt\/wp-content\/uploads\/2024\/08\/124-1-683x1024.jpg 683w, https:\/\/terrasdebasto.pt\/wp-content\/uploads\/2024\/08\/124-1-200x300.jpg 200w, https:\/\/terrasdebasto.pt\/wp-content\/uploads\/2024\/08\/124-1-768x1152.jpg 768w, https:\/\/terrasdebasto.pt\/wp-content\/uploads\/2024\/08\/124-1-1024x1536.jpg 1024w, https:\/\/terrasdebasto.pt\/wp-content\/uploads\/2024\/08\/124-1-150x225.jpg 150w, https:\/\/terrasdebasto.pt\/wp-content\/uploads\/2024\/08\/124-1-300x450.jpg 300w, https:\/\/terrasdebasto.pt\/wp-content\/uploads\/2024\/08\/124-1-696x1044.jpg 696w, https:\/\/terrasdebasto.pt\/wp-content\/uploads\/2024\/08\/124-1-1068x1602.jpg 1068w, https:\/\/terrasdebasto.pt\/wp-content\/uploads\/2024\/08\/124-1.jpg 1365w\" sizes=\"auto, (max-width: 683px) 100vw, 683px\" \/><\/figure>\n\n\n\n<figure class=\"wp-block-image size-large\"><img loading=\"lazy\" decoding=\"async\" width=\"705\" height=\"1024\" data-id=\"1400\" src=\"https:\/\/terrasdebasto.pt\/wp-content\/uploads\/2024\/08\/125-1-705x1024.jpg\" alt=\"\" class=\"wp-image-1400\" srcset=\"https:\/\/terrasdebasto.pt\/wp-content\/uploads\/2024\/08\/125-1-705x1024.jpg 705w, https:\/\/terrasdebasto.pt\/wp-content\/uploads\/2024\/08\/125-1-206x300.jpg 206w, https:\/\/terrasdebasto.pt\/wp-content\/uploads\/2024\/08\/125-1-768x1116.jpg 768w, https:\/\/terrasdebasto.pt\/wp-content\/uploads\/2024\/08\/125-1-1057x1536.jpg 1057w, https:\/\/terrasdebasto.pt\/wp-content\/uploads\/2024\/08\/125-1-150x218.jpg 150w, https:\/\/terrasdebasto.pt\/wp-content\/uploads\/2024\/08\/125-1-300x436.jpg 300w, https:\/\/terrasdebasto.pt\/wp-content\/uploads\/2024\/08\/125-1-696x1012.jpg 696w, https:\/\/terrasdebasto.pt\/wp-content\/uploads\/2024\/08\/125-1-1068x1552.jpg 1068w, https:\/\/terrasdebasto.pt\/wp-content\/uploads\/2024\/08\/125-1.jpg 1409w\" sizes=\"auto, (max-width: 705px) 100vw, 705px\" \/><\/figure>\n\n\n\n<figure class=\"wp-block-image size-large\"><img loading=\"lazy\" decoding=\"async\" width=\"683\" height=\"1024\" data-id=\"1416\" src=\"https:\/\/terrasdebasto.pt\/wp-content\/uploads\/2024\/08\/126-1-683x1024.jpg\" alt=\"\" class=\"wp-image-1416\" srcset=\"https:\/\/terrasdebasto.pt\/wp-content\/uploads\/2024\/08\/126-1-683x1024.jpg 683w, https:\/\/terrasdebasto.pt\/wp-content\/uploads\/2024\/08\/126-1-200x300.jpg 200w, https:\/\/terrasdebasto.pt\/wp-content\/uploads\/2024\/08\/126-1-768x1152.jpg 768w, https:\/\/terrasdebasto.pt\/wp-content\/uploads\/2024\/08\/126-1-1024x1536.jpg 1024w, https:\/\/terrasdebasto.pt\/wp-content\/uploads\/2024\/08\/126-1-150x225.jpg 150w, https:\/\/terrasdebasto.pt\/wp-content\/uploads\/2024\/08\/126-1-300x450.jpg 300w, https:\/\/terrasdebasto.pt\/wp-content\/uploads\/2024\/08\/126-1-696x1044.jpg 696w, https:\/\/terrasdebasto.pt\/wp-content\/uploads\/2024\/08\/126-1-1068x1602.jpg 1068w, https:\/\/terrasdebasto.pt\/wp-content\/uploads\/2024\/08\/126-1.jpg 1365w\" sizes=\"auto, (max-width: 683px) 100vw, 683px\" \/><\/figure>\n\n\n\n<figure class=\"wp-block-image size-large\"><img loading=\"lazy\" decoding=\"async\" width=\"1024\" height=\"683\" data-id=\"1413\" src=\"https:\/\/terrasdebasto.pt\/wp-content\/uploads\/2024\/08\/127-1-1024x683.jpg\" alt=\"\" class=\"wp-image-1413\" srcset=\"https:\/\/terrasdebasto.pt\/wp-content\/uploads\/2024\/08\/127-1-1024x683.jpg 1024w, https:\/\/terrasdebasto.pt\/wp-content\/uploads\/2024\/08\/127-1-300x200.jpg 300w, https:\/\/terrasdebasto.pt\/wp-content\/uploads\/2024\/08\/127-1-768x512.jpg 768w, https:\/\/terrasdebasto.pt\/wp-content\/uploads\/2024\/08\/127-1-1536x1024.jpg 1536w, https:\/\/terrasdebasto.pt\/wp-content\/uploads\/2024\/08\/127-1-150x100.jpg 150w, https:\/\/terrasdebasto.pt\/wp-content\/uploads\/2024\/08\/127-1-696x464.jpg 696w, https:\/\/terrasdebasto.pt\/wp-content\/uploads\/2024\/08\/127-1-1068x712.jpg 1068w, https:\/\/terrasdebasto.pt\/wp-content\/uploads\/2024\/08\/127-1-1920x1280.jpg 1920w, https:\/\/terrasdebasto.pt\/wp-content\/uploads\/2024\/08\/127-1.jpg 2048w\" sizes=\"auto, (max-width: 1024px) 100vw, 1024px\" \/><\/figure>\n\n\n\n<figure class=\"wp-block-image size-large\"><img loading=\"lazy\" decoding=\"async\" width=\"683\" height=\"1024\" data-id=\"1406\" src=\"https:\/\/terrasdebasto.pt\/wp-content\/uploads\/2024\/08\/128-1-683x1024.jpg\" alt=\"\" class=\"wp-image-1406\" srcset=\"https:\/\/terrasdebasto.pt\/wp-content\/uploads\/2024\/08\/128-1-683x1024.jpg 683w, https:\/\/terrasdebasto.pt\/wp-content\/uploads\/2024\/08\/128-1-200x300.jpg 200w, https:\/\/terrasdebasto.pt\/wp-content\/uploads\/2024\/08\/128-1-768x1152.jpg 768w, https:\/\/terrasdebasto.pt\/wp-content\/uploads\/2024\/08\/128-1-1024x1536.jpg 1024w, https:\/\/terrasdebasto.pt\/wp-content\/uploads\/2024\/08\/128-1-150x225.jpg 150w, https:\/\/terrasdebasto.pt\/wp-content\/uploads\/2024\/08\/128-1-300x450.jpg 300w, https:\/\/terrasdebasto.pt\/wp-content\/uploads\/2024\/08\/128-1-696x1044.jpg 696w, https:\/\/terrasdebasto.pt\/wp-content\/uploads\/2024\/08\/128-1-1068x1602.jpg 1068w, https:\/\/terrasdebasto.pt\/wp-content\/uploads\/2024\/08\/128-1.jpg 1365w\" sizes=\"auto, (max-width: 683px) 100vw, 683px\" \/><\/figure>\n\n\n\n<figure class=\"wp-block-image size-large\"><img loading=\"lazy\" decoding=\"async\" width=\"683\" height=\"1024\" data-id=\"1402\" src=\"https:\/\/terrasdebasto.pt\/wp-content\/uploads\/2024\/08\/129-1-683x1024.jpg\" alt=\"\" class=\"wp-image-1402\" srcset=\"https:\/\/terrasdebasto.pt\/wp-content\/uploads\/2024\/08\/129-1-683x1024.jpg 683w, https:\/\/terrasdebasto.pt\/wp-content\/uploads\/2024\/08\/129-1-200x300.jpg 200w, https:\/\/terrasdebasto.pt\/wp-content\/uploads\/2024\/08\/129-1-768x1152.jpg 768w, https:\/\/terrasdebasto.pt\/wp-content\/uploads\/2024\/08\/129-1-1024x1536.jpg 1024w, https:\/\/terrasdebasto.pt\/wp-content\/uploads\/2024\/08\/129-1-150x225.jpg 150w, https:\/\/terrasdebasto.pt\/wp-content\/uploads\/2024\/08\/129-1-300x450.jpg 300w, https:\/\/terrasdebasto.pt\/wp-content\/uploads\/2024\/08\/129-1-696x1044.jpg 696w, https:\/\/terrasdebasto.pt\/wp-content\/uploads\/2024\/08\/129-1-1068x1602.jpg 1068w, https:\/\/terrasdebasto.pt\/wp-content\/uploads\/2024\/08\/129-1.jpg 1365w\" sizes=\"auto, (max-width: 683px) 100vw, 683px\" \/><\/figure>\n\n\n\n<figure class=\"wp-block-image size-large\"><img loading=\"lazy\" decoding=\"async\" width=\"683\" height=\"1024\" data-id=\"1405\" src=\"https:\/\/terrasdebasto.pt\/wp-content\/uploads\/2024\/08\/130-1-683x1024.jpg\" alt=\"\" class=\"wp-image-1405\" srcset=\"https:\/\/terrasdebasto.pt\/wp-content\/uploads\/2024\/08\/130-1-683x1024.jpg 683w, https:\/\/terrasdebasto.pt\/wp-content\/uploads\/2024\/08\/130-1-200x300.jpg 200w, https:\/\/terrasdebasto.pt\/wp-content\/uploads\/2024\/08\/130-1-768x1152.jpg 768w, https:\/\/terrasdebasto.pt\/wp-content\/uploads\/2024\/08\/130-1-1024x1536.jpg 1024w, https:\/\/terrasdebasto.pt\/wp-content\/uploads\/2024\/08\/130-1-150x225.jpg 150w, https:\/\/terrasdebasto.pt\/wp-content\/uploads\/2024\/08\/130-1-300x450.jpg 300w, https:\/\/terrasdebasto.pt\/wp-content\/uploads\/2024\/08\/130-1-696x1044.jpg 696w, https:\/\/terrasdebasto.pt\/wp-content\/uploads\/2024\/08\/130-1-1068x1602.jpg 1068w, https:\/\/terrasdebasto.pt\/wp-content\/uploads\/2024\/08\/130-1.jpg 1365w\" sizes=\"auto, (max-width: 683px) 100vw, 683px\" \/><\/figure>\n\n\n\n<figure class=\"wp-block-image size-large\"><img loading=\"lazy\" decoding=\"async\" width=\"683\" height=\"1024\" data-id=\"1408\" src=\"https:\/\/terrasdebasto.pt\/wp-content\/uploads\/2024\/08\/131-1-683x1024.jpg\" alt=\"\" class=\"wp-image-1408\" srcset=\"https:\/\/terrasdebasto.pt\/wp-content\/uploads\/2024\/08\/131-1-683x1024.jpg 683w, https:\/\/terrasdebasto.pt\/wp-content\/uploads\/2024\/08\/131-1-200x300.jpg 200w, https:\/\/terrasdebasto.pt\/wp-content\/uploads\/2024\/08\/131-1-768x1152.jpg 768w, https:\/\/terrasdebasto.pt\/wp-content\/uploads\/2024\/08\/131-1-1024x1536.jpg 1024w, https:\/\/terrasdebasto.pt\/wp-content\/uploads\/2024\/08\/131-1-150x225.jpg 150w, https:\/\/terrasdebasto.pt\/wp-content\/uploads\/2024\/08\/131-1-300x450.jpg 300w, https:\/\/terrasdebasto.pt\/wp-content\/uploads\/2024\/08\/131-1-696x1044.jpg 696w, https:\/\/terrasdebasto.pt\/wp-content\/uploads\/2024\/08\/131-1-1068x1602.jpg 1068w, https:\/\/terrasdebasto.pt\/wp-content\/uploads\/2024\/08\/131-1.jpg 1365w\" sizes=\"auto, (max-width: 683px) 100vw, 683px\" \/><\/figure>\n\n\n\n<figure class=\"wp-block-image size-large\"><img loading=\"lazy\" decoding=\"async\" width=\"1024\" height=\"683\" data-id=\"1407\" src=\"https:\/\/terrasdebasto.pt\/wp-content\/uploads\/2024\/08\/132-1-1024x683.jpg\" alt=\"\" class=\"wp-image-1407\" srcset=\"https:\/\/terrasdebasto.pt\/wp-content\/uploads\/2024\/08\/132-1-1024x683.jpg 1024w, https:\/\/terrasdebasto.pt\/wp-content\/uploads\/2024\/08\/132-1-300x200.jpg 300w, https:\/\/terrasdebasto.pt\/wp-content\/uploads\/2024\/08\/132-1-768x512.jpg 768w, https:\/\/terrasdebasto.pt\/wp-content\/uploads\/2024\/08\/132-1-1536x1024.jpg 1536w, https:\/\/terrasdebasto.pt\/wp-content\/uploads\/2024\/08\/132-1-150x100.jpg 150w, https:\/\/terrasdebasto.pt\/wp-content\/uploads\/2024\/08\/132-1-696x464.jpg 696w, https:\/\/terrasdebasto.pt\/wp-content\/uploads\/2024\/08\/132-1-1068x712.jpg 1068w, https:\/\/terrasdebasto.pt\/wp-content\/uploads\/2024\/08\/132-1-1920x1280.jpg 1920w, https:\/\/terrasdebasto.pt\/wp-content\/uploads\/2024\/08\/132-1.jpg 2048w\" sizes=\"auto, (max-width: 1024px) 100vw, 1024px\" \/><\/figure>\n\n\n\n<figure class=\"wp-block-image size-large\"><img loading=\"lazy\" decoding=\"async\" width=\"1024\" height=\"683\" data-id=\"1401\" src=\"https:\/\/terrasdebasto.pt\/wp-content\/uploads\/2024\/08\/133-1-1024x683.jpg\" alt=\"\" class=\"wp-image-1401\" srcset=\"https:\/\/terrasdebasto.pt\/wp-content\/uploads\/2024\/08\/133-1-1024x683.jpg 1024w, https:\/\/terrasdebasto.pt\/wp-content\/uploads\/2024\/08\/133-1-300x200.jpg 300w, https:\/\/terrasdebasto.pt\/wp-content\/uploads\/2024\/08\/133-1-768x512.jpg 768w, https:\/\/terrasdebasto.pt\/wp-content\/uploads\/2024\/08\/133-1-1536x1024.jpg 1536w, https:\/\/terrasdebasto.pt\/wp-content\/uploads\/2024\/08\/133-1-150x100.jpg 150w, https:\/\/terrasdebasto.pt\/wp-content\/uploads\/2024\/08\/133-1-696x464.jpg 696w, https:\/\/terrasdebasto.pt\/wp-content\/uploads\/2024\/08\/133-1-1068x712.jpg 1068w, https:\/\/terrasdebasto.pt\/wp-content\/uploads\/2024\/08\/133-1-1920x1280.jpg 1920w, https:\/\/terrasdebasto.pt\/wp-content\/uploads\/2024\/08\/133-1.jpg 2048w\" sizes=\"auto, (max-width: 1024px) 100vw, 1024px\" \/><\/figure>\n\n\n\n<figure class=\"wp-block-image size-large\"><img loading=\"lazy\" decoding=\"async\" width=\"683\" height=\"1024\" data-id=\"1409\" src=\"https:\/\/terrasdebasto.pt\/wp-content\/uploads\/2024\/08\/135-1-683x1024.jpg\" alt=\"\" class=\"wp-image-1409\" srcset=\"https:\/\/terrasdebasto.pt\/wp-content\/uploads\/2024\/08\/135-1-683x1024.jpg 683w, https:\/\/terrasdebasto.pt\/wp-content\/uploads\/2024\/08\/135-1-200x300.jpg 200w, https:\/\/terrasdebasto.pt\/wp-content\/uploads\/2024\/08\/135-1-768x1152.jpg 768w, https:\/\/terrasdebasto.pt\/wp-content\/uploads\/2024\/08\/135-1-1024x1536.jpg 1024w, https:\/\/terrasdebasto.pt\/wp-content\/uploads\/2024\/08\/135-1-150x225.jpg 150w, https:\/\/terrasdebasto.pt\/wp-content\/uploads\/2024\/08\/135-1-300x450.jpg 300w, https:\/\/terrasdebasto.pt\/wp-content\/uploads\/2024\/08\/135-1-696x1044.jpg 696w, https:\/\/terrasdebasto.pt\/wp-content\/uploads\/2024\/08\/135-1-1068x1602.jpg 1068w, https:\/\/terrasdebasto.pt\/wp-content\/uploads\/2024\/08\/135-1.jpg 1365w\" sizes=\"auto, (max-width: 683px) 100vw, 683px\" \/><\/figure>\n\n\n\n<figure class=\"wp-block-image size-large\"><img loading=\"lazy\" decoding=\"async\" width=\"1024\" height=\"683\" data-id=\"1410\" src=\"https:\/\/terrasdebasto.pt\/wp-content\/uploads\/2024\/08\/136-1-1024x683.jpg\" alt=\"\" class=\"wp-image-1410\" srcset=\"https:\/\/terrasdebasto.pt\/wp-content\/uploads\/2024\/08\/136-1-1024x683.jpg 1024w, https:\/\/terrasdebasto.pt\/wp-content\/uploads\/2024\/08\/136-1-300x200.jpg 300w, https:\/\/terrasdebasto.pt\/wp-content\/uploads\/2024\/08\/136-1-768x512.jpg 768w, https:\/\/terrasdebasto.pt\/wp-content\/uploads\/2024\/08\/136-1-1536x1024.jpg 1536w, https:\/\/terrasdebasto.pt\/wp-content\/uploads\/2024\/08\/136-1-150x100.jpg 150w, https:\/\/terrasdebasto.pt\/wp-content\/uploads\/2024\/08\/136-1-696x464.jpg 696w, https:\/\/terrasdebasto.pt\/wp-content\/uploads\/2024\/08\/136-1-1068x712.jpg 1068w, https:\/\/terrasdebasto.pt\/wp-content\/uploads\/2024\/08\/136-1-1920x1280.jpg 1920w, https:\/\/terrasdebasto.pt\/wp-content\/uploads\/2024\/08\/136-1.jpg 2048w\" sizes=\"auto, (max-width: 1024px) 100vw, 1024px\" \/><\/figure>\n\n\n\n<figure class=\"wp-block-image size-large\"><img loading=\"lazy\" decoding=\"async\" width=\"1024\" height=\"683\" data-id=\"1415\" src=\"https:\/\/terrasdebasto.pt\/wp-content\/uploads\/2024\/08\/137-1-1024x683.jpg\" alt=\"\" class=\"wp-image-1415\" srcset=\"https:\/\/terrasdebasto.pt\/wp-content\/uploads\/2024\/08\/137-1-1024x683.jpg 1024w, https:\/\/terrasdebasto.pt\/wp-content\/uploads\/2024\/08\/137-1-300x200.jpg 300w, https:\/\/terrasdebasto.pt\/wp-content\/uploads\/2024\/08\/137-1-768x512.jpg 768w, https:\/\/terrasdebasto.pt\/wp-content\/uploads\/2024\/08\/137-1-1536x1024.jpg 1536w, https:\/\/terrasdebasto.pt\/wp-content\/uploads\/2024\/08\/137-1-150x100.jpg 150w, https:\/\/terrasdebasto.pt\/wp-content\/uploads\/2024\/08\/137-1-696x464.jpg 696w, https:\/\/terrasdebasto.pt\/wp-content\/uploads\/2024\/08\/137-1-1068x712.jpg 1068w, https:\/\/terrasdebasto.pt\/wp-content\/uploads\/2024\/08\/137-1-1920x1280.jpg 1920w, https:\/\/terrasdebasto.pt\/wp-content\/uploads\/2024\/08\/137-1.jpg 2048w\" sizes=\"auto, (max-width: 1024px) 100vw, 1024px\" \/><\/figure>\n\n\n\n<figure class=\"wp-block-image size-large\"><img loading=\"lazy\" decoding=\"async\" width=\"1024\" height=\"683\" data-id=\"1411\" src=\"https:\/\/terrasdebasto.pt\/wp-content\/uploads\/2024\/08\/139-1-1024x683.jpg\" alt=\"\" class=\"wp-image-1411\" srcset=\"https:\/\/terrasdebasto.pt\/wp-content\/uploads\/2024\/08\/139-1-1024x683.jpg 1024w, https:\/\/terrasdebasto.pt\/wp-content\/uploads\/2024\/08\/139-1-300x200.jpg 300w, https:\/\/terrasdebasto.pt\/wp-content\/uploads\/2024\/08\/139-1-768x512.jpg 768w, https:\/\/terrasdebasto.pt\/wp-content\/uploads\/2024\/08\/139-1-1536x1024.jpg 1536w, https:\/\/terrasdebasto.pt\/wp-content\/uploads\/2024\/08\/139-1-150x100.jpg 150w, https:\/\/terrasdebasto.pt\/wp-content\/uploads\/2024\/08\/139-1-696x464.jpg 696w, https:\/\/terrasdebasto.pt\/wp-content\/uploads\/2024\/08\/139-1-1068x712.jpg 1068w, https:\/\/terrasdebasto.pt\/wp-content\/uploads\/2024\/08\/139-1-1920x1280.jpg 1920w, https:\/\/terrasdebasto.pt\/wp-content\/uploads\/2024\/08\/139-1.jpg 2048w\" sizes=\"auto, (max-width: 1024px) 100vw, 1024px\" \/><\/figure>\n\n\n\n<figure class=\"wp-block-image size-large\"><img loading=\"lazy\" decoding=\"async\" width=\"683\" height=\"1024\" data-id=\"1404\" src=\"https:\/\/terrasdebasto.pt\/wp-content\/uploads\/2024\/08\/140-1-683x1024.jpg\" alt=\"\" class=\"wp-image-1404\" srcset=\"https:\/\/terrasdebasto.pt\/wp-content\/uploads\/2024\/08\/140-1-683x1024.jpg 683w, https:\/\/terrasdebasto.pt\/wp-content\/uploads\/2024\/08\/140-1-200x300.jpg 200w, https:\/\/terrasdebasto.pt\/wp-content\/uploads\/2024\/08\/140-1-768x1152.jpg 768w, https:\/\/terrasdebasto.pt\/wp-content\/uploads\/2024\/08\/140-1-1024x1536.jpg 1024w, https:\/\/terrasdebasto.pt\/wp-content\/uploads\/2024\/08\/140-1-150x225.jpg 150w, https:\/\/terrasdebasto.pt\/wp-content\/uploads\/2024\/08\/140-1-300x450.jpg 300w, https:\/\/terrasdebasto.pt\/wp-content\/uploads\/2024\/08\/140-1-696x1044.jpg 696w, https:\/\/terrasdebasto.pt\/wp-content\/uploads\/2024\/08\/140-1-1068x1602.jpg 1068w, https:\/\/terrasdebasto.pt\/wp-content\/uploads\/2024\/08\/140-1.jpg 1365w\" sizes=\"auto, (max-width: 683px) 100vw, 683px\" \/><\/figure>\n\n\n\n<figure class=\"wp-block-image size-large\"><img loading=\"lazy\" decoding=\"async\" width=\"683\" height=\"1024\" data-id=\"1412\" src=\"https:\/\/terrasdebasto.pt\/wp-content\/uploads\/2024\/08\/141-1-683x1024.jpg\" alt=\"\" class=\"wp-image-1412\" srcset=\"https:\/\/terrasdebasto.pt\/wp-content\/uploads\/2024\/08\/141-1-683x1024.jpg 683w, https:\/\/terrasdebasto.pt\/wp-content\/uploads\/2024\/08\/141-1-200x300.jpg 200w, https:\/\/terrasdebasto.pt\/wp-content\/uploads\/2024\/08\/141-1-768x1152.jpg 768w, https:\/\/terrasdebasto.pt\/wp-content\/uploads\/2024\/08\/141-1-1024x1536.jpg 1024w, https:\/\/terrasdebasto.pt\/wp-content\/uploads\/2024\/08\/141-1-150x225.jpg 150w, https:\/\/terrasdebasto.pt\/wp-content\/uploads\/2024\/08\/141-1-300x450.jpg 300w, https:\/\/terrasdebasto.pt\/wp-content\/uploads\/2024\/08\/141-1-696x1044.jpg 696w, https:\/\/terrasdebasto.pt\/wp-content\/uploads\/2024\/08\/141-1-1068x1602.jpg 1068w, https:\/\/terrasdebasto.pt\/wp-content\/uploads\/2024\/08\/141-1.jpg 1365w\" sizes=\"auto, (max-width: 683px) 100vw, 683px\" \/><\/figure>\n<\/figure>\n","protected":false},"excerpt":{"rendered":"<p>Promete para este s\u00e1bado (17) mais uma enchente a Feira de Artesanato e Gastronomia de Celorico de Basto, a 25.\u00aa edi\u00e7\u00e3o do certame, a que se junta uma Mostra de Vinhos desta sub-regi\u00e3o demarcada dos vinhos verdes. Bons vinhos, melhor comida e&#8230; todos os vizinhos dos nossos vizinhos.<\/p>\n","protected":false},"author":7,"featured_media":1327,"comment_status":"open","ping_status":"open","sticky":false,"template":"","format":"standard","meta":{"footnotes":""},"categories":[13,7],"tags":[335],"class_list":{"0":"post-1326","1":"post","2":"type-post","3":"status-publish","4":"format-standard","5":"has-post-thumbnail","7":"category-celorico-de-basto","8":"category-cultura","9":"tag-fag-celorico-de-basto"},"yoast_head":"<!-- This site is optimized with the Yoast SEO plugin v25.7 - https:\/\/yoast.com\/wordpress\/plugins\/seo\/ -->\n<title>Bons vinhos e melhor comida... em Celorico - Jornal Terras de Basto<\/title>\n<meta name=\"robots\" content=\"index, follow, max-snippet:-1, max-image-preview:large, max-video-preview:-1\" \/>\n<link rel=\"canonical\" href=\"https:\/\/terrasdebasto.pt\/?p=1326\" \/>\n<meta property=\"og:locale\" content=\"pt_PT\" \/>\n<meta property=\"og:type\" content=\"article\" \/>\n<meta property=\"og:title\" content=\"Bons vinhos e melhor comida... em Celorico - Jornal Terras de Basto\" \/>\n<meta property=\"og:description\" content=\"Promete para este s\u00e1bado (17) mais uma enchente a Feira de Artesanato e Gastronomia de Celorico de Basto, a 25.\u00aa edi\u00e7\u00e3o do certame, a que se junta uma Mostra de Vinhos desta sub-regi\u00e3o demarcada dos vinhos verdes. Bons vinhos, melhor comida e&#8230; todos os vizinhos dos nossos vizinhos.\" \/>\n<meta property=\"og:url\" content=\"https:\/\/terrasdebasto.pt\/?p=1326\" \/>\n<meta property=\"og:site_name\" content=\"Jornal Terras de Basto\" \/>\n<meta property=\"article:published_time\" content=\"2024-08-17T15:56:11+00:00\" \/>\n<meta property=\"og:image\" content=\"https:\/\/terrasdebasto.pt\/wp-content\/uploads\/2024\/08\/98.jpg\" \/>\n\t<meta property=\"og:image:width\" content=\"2048\" \/>\n\t<meta property=\"og:image:height\" content=\"1365\" \/>\n\t<meta property=\"og:image:type\" content=\"image\/jpeg\" \/>\n<meta name=\"author\" content=\"Jo\u00e3o Paulo Mesquita\" \/>\n<meta name=\"twitter:card\" content=\"summary_large_image\" \/>\n<meta name=\"twitter:label1\" content=\"Escrito por\" \/>\n\t<meta name=\"twitter:data1\" content=\"Jo\u00e3o Paulo Mesquita\" \/>\n\t<meta name=\"twitter:label2\" content=\"Tempo estimado de leitura\" \/>\n\t<meta name=\"twitter:data2\" content=\"10 minutos\" \/>\n<script type=\"application\/ld+json\" class=\"yoast-schema-graph\">{\"@context\":\"https:\/\/schema.org\",\"@graph\":[{\"@type\":\"Article\",\"@id\":\"https:\/\/terrasdebasto.pt\/?p=1326#article\",\"isPartOf\":{\"@id\":\"https:\/\/terrasdebasto.pt\/?p=1326\"},\"author\":{\"name\":\"Jo\u00e3o Paulo Mesquita\",\"@id\":\"https:\/\/terrasdebasto.pt\/#\/schema\/person\/9f6739f5394ac65c802641773b278b84\"},\"headline\":\"Bons vinhos e melhor comida&#8230; em Celorico\",\"datePublished\":\"2024-08-17T15:56:11+00:00\",\"mainEntityOfPage\":{\"@id\":\"https:\/\/terrasdebasto.pt\/?p=1326\"},\"wordCount\":57,\"commentCount\":0,\"publisher\":{\"@id\":\"https:\/\/terrasdebasto.pt\/#organization\"},\"image\":{\"@id\":\"https:\/\/terrasdebasto.pt\/?p=1326#primaryimage\"},\"thumbnailUrl\":\"https:\/\/terrasdebasto.pt\/wp-content\/uploads\/2024\/08\/98.jpg\",\"keywords\":[\"FAG Celorico de Basto\"],\"articleSection\":[\"Celorico de Basto\",\"Cultura\"],\"inLanguage\":\"pt-PT\",\"potentialAction\":[{\"@type\":\"CommentAction\",\"name\":\"Comment\",\"target\":[\"https:\/\/terrasdebasto.pt\/?p=1326#respond\"]}]},{\"@type\":\"WebPage\",\"@id\":\"https:\/\/terrasdebasto.pt\/?p=1326\",\"url\":\"https:\/\/terrasdebasto.pt\/?p=1326\",\"name\":\"Bons vinhos e melhor comida... em Celorico - Jornal Terras de Basto\",\"isPartOf\":{\"@id\":\"https:\/\/terrasdebasto.pt\/#website\"},\"primaryImageOfPage\":{\"@id\":\"https:\/\/terrasdebasto.pt\/?p=1326#primaryimage\"},\"image\":{\"@id\":\"https:\/\/terrasdebasto.pt\/?p=1326#primaryimage\"},\"thumbnailUrl\":\"https:\/\/terrasdebasto.pt\/wp-content\/uploads\/2024\/08\/98.jpg\",\"datePublished\":\"2024-08-17T15:56:11+00:00\",\"breadcrumb\":{\"@id\":\"https:\/\/terrasdebasto.pt\/?p=1326#breadcrumb\"},\"inLanguage\":\"pt-PT\",\"potentialAction\":[{\"@type\":\"ReadAction\",\"target\":[\"https:\/\/terrasdebasto.pt\/?p=1326\"]}]},{\"@type\":\"ImageObject\",\"inLanguage\":\"pt-PT\",\"@id\":\"https:\/\/terrasdebasto.pt\/?p=1326#primaryimage\",\"url\":\"https:\/\/terrasdebasto.pt\/wp-content\/uploads\/2024\/08\/98.jpg\",\"contentUrl\":\"https:\/\/terrasdebasto.pt\/wp-content\/uploads\/2024\/08\/98.jpg\",\"width\":2048,\"height\":1365},{\"@type\":\"BreadcrumbList\",\"@id\":\"https:\/\/terrasdebasto.pt\/?p=1326#breadcrumb\",\"itemListElement\":[{\"@type\":\"ListItem\",\"position\":1,\"name\":\"In\u00edcio\",\"item\":\"https:\/\/terrasdebasto.pt\/\"},{\"@type\":\"ListItem\",\"position\":2,\"name\":\"Bons vinhos e melhor comida&#8230; em Celorico\"}]},{\"@type\":\"WebSite\",\"@id\":\"https:\/\/terrasdebasto.pt\/#website\",\"url\":\"https:\/\/terrasdebasto.pt\/\",\"name\":\"Jornal Terras de Basto\",\"description\":\"\",\"publisher\":{\"@id\":\"https:\/\/terrasdebasto.pt\/#organization\"},\"potentialAction\":[{\"@type\":\"SearchAction\",\"target\":{\"@type\":\"EntryPoint\",\"urlTemplate\":\"https:\/\/terrasdebasto.pt\/?s={search_term_string}\"},\"query-input\":{\"@type\":\"PropertyValueSpecification\",\"valueRequired\":true,\"valueName\":\"search_term_string\"}}],\"inLanguage\":\"pt-PT\"},{\"@type\":\"Organization\",\"@id\":\"https:\/\/terrasdebasto.pt\/#organization\",\"name\":\"Jornal Terras de Basto\",\"url\":\"https:\/\/terrasdebasto.pt\/\",\"logo\":{\"@type\":\"ImageObject\",\"inLanguage\":\"pt-PT\",\"@id\":\"https:\/\/terrasdebasto.pt\/#\/schema\/logo\/image\/\",\"url\":\"https:\/\/terrasdebasto.pt\/wp-content\/uploads\/2024\/06\/LogoNormal.png\",\"contentUrl\":\"https:\/\/terrasdebasto.pt\/wp-content\/uploads\/2024\/06\/LogoNormal.png\",\"width\":5638,\"height\":809,\"caption\":\"Jornal Terras de Basto\"},\"image\":{\"@id\":\"https:\/\/terrasdebasto.pt\/#\/schema\/logo\/image\/\"}},{\"@type\":\"Person\",\"@id\":\"https:\/\/terrasdebasto.pt\/#\/schema\/person\/9f6739f5394ac65c802641773b278b84\",\"name\":\"Jo\u00e3o Paulo Mesquita\",\"image\":{\"@type\":\"ImageObject\",\"inLanguage\":\"pt-PT\",\"@id\":\"https:\/\/terrasdebasto.pt\/#\/schema\/person\/image\/\",\"url\":\"https:\/\/secure.gravatar.com\/avatar\/9bd0f299e6d96336664aab64354168246a3ee3287c47891c50d450e47ed9d7f9?s=96&d=mm&r=g\",\"contentUrl\":\"https:\/\/secure.gravatar.com\/avatar\/9bd0f299e6d96336664aab64354168246a3ee3287c47891c50d450e47ed9d7f9?s=96&d=mm&r=g\",\"caption\":\"Jo\u00e3o Paulo Mesquita\"},\"url\":\"https:\/\/terrasdebasto.pt\/?author=7\"}]}<\/script>\n<!-- \/ Yoast SEO plugin. -->","yoast_head_json":{"title":"Bons vinhos e melhor comida... em Celorico - Jornal Terras de Basto","robots":{"index":"index","follow":"follow","max-snippet":"max-snippet:-1","max-image-preview":"max-image-preview:large","max-video-preview":"max-video-preview:-1"},"canonical":"https:\/\/terrasdebasto.pt\/?p=1326","og_locale":"pt_PT","og_type":"article","og_title":"Bons vinhos e melhor comida... em Celorico - Jornal Terras de Basto","og_description":"Promete para este s\u00e1bado (17) mais uma enchente a Feira de Artesanato e Gastronomia de Celorico de Basto, a 25.\u00aa edi\u00e7\u00e3o do certame, a que se junta uma Mostra de Vinhos desta sub-regi\u00e3o demarcada dos vinhos verdes. Bons vinhos, melhor comida e&#8230; todos os vizinhos dos nossos vizinhos.","og_url":"https:\/\/terrasdebasto.pt\/?p=1326","og_site_name":"Jornal Terras de Basto","article_published_time":"2024-08-17T15:56:11+00:00","og_image":[{"width":2048,"height":1365,"url":"https:\/\/terrasdebasto.pt\/wp-content\/uploads\/2024\/08\/98.jpg","type":"image\/jpeg"}],"author":"Jo\u00e3o Paulo Mesquita","twitter_card":"summary_large_image","twitter_misc":{"Escrito por":"Jo\u00e3o Paulo Mesquita","Tempo estimado de leitura":"10 minutos"},"schema":{"@context":"https:\/\/schema.org","@graph":[{"@type":"Article","@id":"https:\/\/terrasdebasto.pt\/?p=1326#article","isPartOf":{"@id":"https:\/\/terrasdebasto.pt\/?p=1326"},"author":{"name":"Jo\u00e3o Paulo Mesquita","@id":"https:\/\/terrasdebasto.pt\/#\/schema\/person\/9f6739f5394ac65c802641773b278b84"},"headline":"Bons vinhos e melhor comida&#8230; em Celorico","datePublished":"2024-08-17T15:56:11+00:00","mainEntityOfPage":{"@id":"https:\/\/terrasdebasto.pt\/?p=1326"},"wordCount":57,"commentCount":0,"publisher":{"@id":"https:\/\/terrasdebasto.pt\/#organization"},"image":{"@id":"https:\/\/terrasdebasto.pt\/?p=1326#primaryimage"},"thumbnailUrl":"https:\/\/terrasdebasto.pt\/wp-content\/uploads\/2024\/08\/98.jpg","keywords":["FAG Celorico de Basto"],"articleSection":["Celorico de Basto","Cultura"],"inLanguage":"pt-PT","potentialAction":[{"@type":"CommentAction","name":"Comment","target":["https:\/\/terrasdebasto.pt\/?p=1326#respond"]}]},{"@type":"WebPage","@id":"https:\/\/terrasdebasto.pt\/?p=1326","url":"https:\/\/terrasdebasto.pt\/?p=1326","name":"Bons vinhos e melhor comida... em Celorico - Jornal Terras de Basto","isPartOf":{"@id":"https:\/\/terrasdebasto.pt\/#website"},"primaryImageOfPage":{"@id":"https:\/\/terrasdebasto.pt\/?p=1326#primaryimage"},"image":{"@id":"https:\/\/terrasdebasto.pt\/?p=1326#primaryimage"},"thumbnailUrl":"https:\/\/terrasdebasto.pt\/wp-content\/uploads\/2024\/08\/98.jpg","datePublished":"2024-08-17T15:56:11+00:00","breadcrumb":{"@id":"https:\/\/terrasdebasto.pt\/?p=1326#breadcrumb"},"inLanguage":"pt-PT","potentialAction":[{"@type":"ReadAction","target":["https:\/\/terrasdebasto.pt\/?p=1326"]}]},{"@type":"ImageObject","inLanguage":"pt-PT","@id":"https:\/\/terrasdebasto.pt\/?p=1326#primaryimage","url":"https:\/\/terrasdebasto.pt\/wp-content\/uploads\/2024\/08\/98.jpg","contentUrl":"https:\/\/terrasdebasto.pt\/wp-content\/uploads\/2024\/08\/98.jpg","width":2048,"height":1365},{"@type":"BreadcrumbList","@id":"https:\/\/terrasdebasto.pt\/?p=1326#breadcrumb","itemListElement":[{"@type":"ListItem","position":1,"name":"In\u00edcio","item":"https:\/\/terrasdebasto.pt\/"},{"@type":"ListItem","position":2,"name":"Bons vinhos e melhor comida&#8230; em Celorico"}]},{"@type":"WebSite","@id":"https:\/\/terrasdebasto.pt\/#website","url":"https:\/\/terrasdebasto.pt\/","name":"Jornal Terras de Basto","description":"","publisher":{"@id":"https:\/\/terrasdebasto.pt\/#organization"},"potentialAction":[{"@type":"SearchAction","target":{"@type":"EntryPoint","urlTemplate":"https:\/\/terrasdebasto.pt\/?s={search_term_string}"},"query-input":{"@type":"PropertyValueSpecification","valueRequired":true,"valueName":"search_term_string"}}],"inLanguage":"pt-PT"},{"@type":"Organization","@id":"https:\/\/terrasdebasto.pt\/#organization","name":"Jornal Terras de Basto","url":"https:\/\/terrasdebasto.pt\/","logo":{"@type":"ImageObject","inLanguage":"pt-PT","@id":"https:\/\/terrasdebasto.pt\/#\/schema\/logo\/image\/","url":"https:\/\/terrasdebasto.pt\/wp-content\/uploads\/2024\/06\/LogoNormal.png","contentUrl":"https:\/\/terrasdebasto.pt\/wp-content\/uploads\/2024\/06\/LogoNormal.png","width":5638,"height":809,"caption":"Jornal Terras de Basto"},"image":{"@id":"https:\/\/terrasdebasto.pt\/#\/schema\/logo\/image\/"}},{"@type":"Person","@id":"https:\/\/terrasdebasto.pt\/#\/schema\/person\/9f6739f5394ac65c802641773b278b84","name":"Jo\u00e3o Paulo Mesquita","image":{"@type":"ImageObject","inLanguage":"pt-PT","@id":"https:\/\/terrasdebasto.pt\/#\/schema\/person\/image\/","url":"https:\/\/secure.gravatar.com\/avatar\/9bd0f299e6d96336664aab64354168246a3ee3287c47891c50d450e47ed9d7f9?s=96&d=mm&r=g","contentUrl":"https:\/\/secure.gravatar.com\/avatar\/9bd0f299e6d96336664aab64354168246a3ee3287c47891c50d450e47ed9d7f9?s=96&d=mm&r=g","caption":"Jo\u00e3o Paulo Mesquita"},"url":"https:\/\/terrasdebasto.pt\/?author=7"}]}},"_links":{"self":[{"href":"https:\/\/terrasdebasto.pt\/index.php?rest_route=\/wp\/v2\/posts\/1326","targetHints":{"allow":["GET"]}}],"collection":[{"href":"https:\/\/terrasdebasto.pt\/index.php?rest_route=\/wp\/v2\/posts"}],"about":[{"href":"https:\/\/terrasdebasto.pt\/index.php?rest_route=\/wp\/v2\/types\/post"}],"author":[{"embeddable":true,"href":"https:\/\/terrasdebasto.pt\/index.php?rest_route=\/wp\/v2\/users\/7"}],"replies":[{"embeddable":true,"href":"https:\/\/terrasdebasto.pt\/index.php?rest_route=%2Fwp%2Fv2%2Fcomments&post=1326"}],"version-history":[{"count":1,"href":"https:\/\/terrasdebasto.pt\/index.php?rest_route=\/wp\/v2\/posts\/1326\/revisions"}],"predecessor-version":[{"id":1417,"href":"https:\/\/terrasdebasto.pt\/index.php?rest_route=\/wp\/v2\/posts\/1326\/revisions\/1417"}],"wp:featuredmedia":[{"embeddable":true,"href":"https:\/\/terrasdebasto.pt\/index.php?rest_route=\/wp\/v2\/media\/1327"}],"wp:attachment":[{"href":"https:\/\/terrasdebasto.pt\/index.php?rest_route=%2Fwp%2Fv2%2Fmedia&parent=1326"}],"wp:term":[{"taxonomy":"category","embeddable":true,"href":"https:\/\/terrasdebasto.pt\/index.php?rest_route=%2Fwp%2Fv2%2Fcategories&post=1326"},{"taxonomy":"post_tag","embeddable":true,"href":"https:\/\/terrasdebasto.pt\/index.php?rest_route=%2Fwp%2Fv2%2Ftags&post=1326"}],"curies":[{"name":"wp","href":"https:\/\/api.w.org\/{rel}","templated":true}]}}