{"id":1321,"date":"2024-08-17T15:05:17","date_gmt":"2024-08-17T15:05:17","guid":{"rendered":"https:\/\/terrasdebasto.pt\/?p=1321"},"modified":"2024-08-17T15:05:18","modified_gmt":"2024-08-17T15:05:18","slug":"ha-bacalhau-noruegues-em-ribas","status":"publish","type":"post","link":"https:\/\/terrasdebasto.pt\/?p=1321","title":{"rendered":"H\u00e1 bacalhau noruegu\u00eas em Ribas"},"content":{"rendered":"\n<p><strong>O \u201cBacalhau da Noruega On Tour\u201d, que tem o objetivo de mostrar a versatilidade e variedade de receitas que podem ser criadas com o \u201cfiel amigo\u201d, est\u00e1 este s\u00e1bado (17) nas Festas de Santa B\u00e1rbara, em Ribas \u2013 Celorico de Basto. A iniciativa promocional da marca decorre, assim, at\u00e9 \u00e0s 24h00, estando a \u201cfood truck\u201d instalada nas imedia\u00e7\u00f5es da Capela de Santa B\u00e1rbara, a\u00ed servindo pratos como a \u201cbruscheta de bacalhau\u201d, mini past\u00e9is de bacalhau com maionese e alho e salada de bacalhau com laranja.<\/strong><\/p>\n\n\n\n<figure class=\"wp-block-gallery has-nested-images columns-default is-cropped wp-block-gallery-1 is-layout-flex wp-block-gallery-is-layout-flex\">\n<figure class=\"wp-block-image size-large\"><img loading=\"lazy\" decoding=\"async\" width=\"526\" height=\"526\" data-id=\"1324\" src=\"https:\/\/terrasdebasto.pt\/wp-content\/uploads\/2024\/08\/bacalhau-2.jpg\" alt=\"\" class=\"wp-image-1324\" srcset=\"https:\/\/terrasdebasto.pt\/wp-content\/uploads\/2024\/08\/bacalhau-2.jpg 526w, https:\/\/terrasdebasto.pt\/wp-content\/uploads\/2024\/08\/bacalhau-2-300x300.jpg 300w, https:\/\/terrasdebasto.pt\/wp-content\/uploads\/2024\/08\/bacalhau-2-150x150.jpg 150w\" sizes=\"auto, (max-width: 526px) 100vw, 526px\" \/><\/figure>\n<\/figure>\n","protected":false},"excerpt":{"rendered":"<p>O \u201cBacalhau da Noruega On Tour\u201d, que tem o objetivo de mostrar a versatilidade e variedade de receitas que podem ser criadas com o \u201cfiel amigo\u201d, est\u00e1 este s\u00e1bado (17) nas Festas de Santa B\u00e1rbara, em Ribas \u2013 Celorico de Basto. A iniciativa promocional da marca decorre, assim, at\u00e9 \u00e0s 24h00, estando a \u201cfood truck\u201d [&hellip;]<\/p>\n","protected":false},"author":7,"featured_media":1323,"comment_status":"open","ping_status":"open","sticky":false,"template":"","format":"standard","meta":{"footnotes":""},"categories":[13,14],"tags":[333,40,334],"class_list":{"0":"post-1321","1":"post","2":"type-post","3":"status-publish","4":"format-standard","5":"has-post-thumbnail","7":"category-celorico-de-basto","8":"category-gastronomia","9":"tag-bacalhau-da-noruega","10":"tag-celorico-de-basto","11":"tag-ribas"},"yoast_head":"<!-- This site is optimized with the Yoast SEO plugin v25.7 - https:\/\/yoast.com\/wordpress\/plugins\/seo\/ -->\n<title>H\u00e1 bacalhau noruegu\u00eas em Ribas - Jornal Terras de Basto<\/title>\n<meta name=\"robots\" content=\"index, follow, max-snippet:-1, max-image-preview:large, max-video-preview:-1\" \/>\n<link rel=\"canonical\" href=\"https:\/\/terrasdebasto.pt\/?p=1321\" \/>\n<meta property=\"og:locale\" content=\"pt_PT\" \/>\n<meta property=\"og:type\" content=\"article\" \/>\n<meta property=\"og:title\" content=\"H\u00e1 bacalhau noruegu\u00eas em Ribas - Jornal Terras de Basto\" \/>\n<meta property=\"og:description\" content=\"O \u201cBacalhau da Noruega On Tour\u201d, que tem o objetivo de mostrar a versatilidade e variedade de receitas que podem ser criadas com o \u201cfiel amigo\u201d, est\u00e1 este s\u00e1bado (17) nas Festas de Santa B\u00e1rbara, em Ribas \u2013 Celorico de Basto. A iniciativa promocional da marca decorre, assim, at\u00e9 \u00e0s 24h00, estando a \u201cfood truck\u201d [&hellip;]\" \/>\n<meta property=\"og:url\" content=\"https:\/\/terrasdebasto.pt\/?p=1321\" \/>\n<meta property=\"og:site_name\" content=\"Jornal Terras de Basto\" \/>\n<meta property=\"article:published_time\" content=\"2024-08-17T15:05:17+00:00\" \/>\n<meta property=\"article:modified_time\" content=\"2024-08-17T15:05:18+00:00\" \/>\n<meta property=\"og:image\" content=\"https:\/\/terrasdebasto.pt\/wp-content\/uploads\/2024\/08\/BACALHAU-1.jpeg\" \/>\n\t<meta property=\"og:image:width\" content=\"828\" \/>\n\t<meta property=\"og:image:height\" content=\"834\" \/>\n\t<meta property=\"og:image:type\" content=\"image\/jpeg\" \/>\n<meta name=\"author\" content=\"Jo\u00e3o Paulo Mesquita\" \/>\n<meta name=\"twitter:card\" content=\"summary_large_image\" \/>\n<meta name=\"twitter:label1\" content=\"Escrito por\" \/>\n\t<meta name=\"twitter:data1\" content=\"Jo\u00e3o Paulo Mesquita\" \/>\n\t<meta name=\"twitter:label2\" content=\"Tempo estimado de leitura\" \/>\n\t<meta name=\"twitter:data2\" content=\"1 minuto\" \/>\n<script type=\"application\/ld+json\" class=\"yoast-schema-graph\">{\"@context\":\"https:\/\/schema.org\",\"@graph\":[{\"@type\":\"Article\",\"@id\":\"https:\/\/terrasdebasto.pt\/?p=1321#article\",\"isPartOf\":{\"@id\":\"https:\/\/terrasdebasto.pt\/?p=1321\"},\"author\":{\"name\":\"Jo\u00e3o Paulo Mesquita\",\"@id\":\"https:\/\/terrasdebasto.pt\/#\/schema\/person\/9f6739f5394ac65c802641773b278b84\"},\"headline\":\"H\u00e1 bacalhau noruegu\u00eas em Ribas\",\"datePublished\":\"2024-08-17T15:05:17+00:00\",\"dateModified\":\"2024-08-17T15:05:18+00:00\",\"mainEntityOfPage\":{\"@id\":\"https:\/\/terrasdebasto.pt\/?p=1321\"},\"wordCount\":94,\"commentCount\":0,\"publisher\":{\"@id\":\"https:\/\/terrasdebasto.pt\/#organization\"},\"image\":{\"@id\":\"https:\/\/terrasdebasto.pt\/?p=1321#primaryimage\"},\"thumbnailUrl\":\"https:\/\/terrasdebasto.pt\/wp-content\/uploads\/2024\/08\/BACALHAU-1.jpeg\",\"keywords\":[\"Bacalhau da Noruega\",\"Celorico de Basto\",\"Ribas\"],\"articleSection\":[\"Celorico de Basto\",\"Gastronomia\"],\"inLanguage\":\"pt-PT\",\"potentialAction\":[{\"@type\":\"CommentAction\",\"name\":\"Comment\",\"target\":[\"https:\/\/terrasdebasto.pt\/?p=1321#respond\"]}]},{\"@type\":\"WebPage\",\"@id\":\"https:\/\/terrasdebasto.pt\/?p=1321\",\"url\":\"https:\/\/terrasdebasto.pt\/?p=1321\",\"name\":\"H\u00e1 bacalhau noruegu\u00eas em Ribas - Jornal Terras de Basto\",\"isPartOf\":{\"@id\":\"https:\/\/terrasdebasto.pt\/#website\"},\"primaryImageOfPage\":{\"@id\":\"https:\/\/terrasdebasto.pt\/?p=1321#primaryimage\"},\"image\":{\"@id\":\"https:\/\/terrasdebasto.pt\/?p=1321#primaryimage\"},\"thumbnailUrl\":\"https:\/\/terrasdebasto.pt\/wp-content\/uploads\/2024\/08\/BACALHAU-1.jpeg\",\"datePublished\":\"2024-08-17T15:05:17+00:00\",\"dateModified\":\"2024-08-17T15:05:18+00:00\",\"breadcrumb\":{\"@id\":\"https:\/\/terrasdebasto.pt\/?p=1321#breadcrumb\"},\"inLanguage\":\"pt-PT\",\"potentialAction\":[{\"@type\":\"ReadAction\",\"target\":[\"https:\/\/terrasdebasto.pt\/?p=1321\"]}]},{\"@type\":\"ImageObject\",\"inLanguage\":\"pt-PT\",\"@id\":\"https:\/\/terrasdebasto.pt\/?p=1321#primaryimage\",\"url\":\"https:\/\/terrasdebasto.pt\/wp-content\/uploads\/2024\/08\/BACALHAU-1.jpeg\",\"contentUrl\":\"https:\/\/terrasdebasto.pt\/wp-content\/uploads\/2024\/08\/BACALHAU-1.jpeg\",\"width\":828,\"height\":834},{\"@type\":\"BreadcrumbList\",\"@id\":\"https:\/\/terrasdebasto.pt\/?p=1321#breadcrumb\",\"itemListElement\":[{\"@type\":\"ListItem\",\"position\":1,\"name\":\"In\u00edcio\",\"item\":\"https:\/\/terrasdebasto.pt\/\"},{\"@type\":\"ListItem\",\"position\":2,\"name\":\"H\u00e1 bacalhau noruegu\u00eas em Ribas\"}]},{\"@type\":\"WebSite\",\"@id\":\"https:\/\/terrasdebasto.pt\/#website\",\"url\":\"https:\/\/terrasdebasto.pt\/\",\"name\":\"Jornal Terras de Basto\",\"description\":\"\",\"publisher\":{\"@id\":\"https:\/\/terrasdebasto.pt\/#organization\"},\"potentialAction\":[{\"@type\":\"SearchAction\",\"target\":{\"@type\":\"EntryPoint\",\"urlTemplate\":\"https:\/\/terrasdebasto.pt\/?s={search_term_string}\"},\"query-input\":{\"@type\":\"PropertyValueSpecification\",\"valueRequired\":true,\"valueName\":\"search_term_string\"}}],\"inLanguage\":\"pt-PT\"},{\"@type\":\"Organization\",\"@id\":\"https:\/\/terrasdebasto.pt\/#organization\",\"name\":\"Jornal Terras de Basto\",\"url\":\"https:\/\/terrasdebasto.pt\/\",\"logo\":{\"@type\":\"ImageObject\",\"inLanguage\":\"pt-PT\",\"@id\":\"https:\/\/terrasdebasto.pt\/#\/schema\/logo\/image\/\",\"url\":\"https:\/\/terrasdebasto.pt\/wp-content\/uploads\/2024\/06\/LogoNormal.png\",\"contentUrl\":\"https:\/\/terrasdebasto.pt\/wp-content\/uploads\/2024\/06\/LogoNormal.png\",\"width\":5638,\"height\":809,\"caption\":\"Jornal Terras de Basto\"},\"image\":{\"@id\":\"https:\/\/terrasdebasto.pt\/#\/schema\/logo\/image\/\"}},{\"@type\":\"Person\",\"@id\":\"https:\/\/terrasdebasto.pt\/#\/schema\/person\/9f6739f5394ac65c802641773b278b84\",\"name\":\"Jo\u00e3o Paulo Mesquita\",\"image\":{\"@type\":\"ImageObject\",\"inLanguage\":\"pt-PT\",\"@id\":\"https:\/\/terrasdebasto.pt\/#\/schema\/person\/image\/\",\"url\":\"https:\/\/secure.gravatar.com\/avatar\/9bd0f299e6d96336664aab64354168246a3ee3287c47891c50d450e47ed9d7f9?s=96&d=mm&r=g\",\"contentUrl\":\"https:\/\/secure.gravatar.com\/avatar\/9bd0f299e6d96336664aab64354168246a3ee3287c47891c50d450e47ed9d7f9?s=96&d=mm&r=g\",\"caption\":\"Jo\u00e3o Paulo Mesquita\"},\"url\":\"https:\/\/terrasdebasto.pt\/?author=7\"}]}<\/script>\n<!-- \/ Yoast SEO plugin. -->","yoast_head_json":{"title":"H\u00e1 bacalhau noruegu\u00eas em Ribas - Jornal Terras de Basto","robots":{"index":"index","follow":"follow","max-snippet":"max-snippet:-1","max-image-preview":"max-image-preview:large","max-video-preview":"max-video-preview:-1"},"canonical":"https:\/\/terrasdebasto.pt\/?p=1321","og_locale":"pt_PT","og_type":"article","og_title":"H\u00e1 bacalhau noruegu\u00eas em Ribas - Jornal Terras de Basto","og_description":"O \u201cBacalhau da Noruega On Tour\u201d, que tem o objetivo de mostrar a versatilidade e variedade de receitas que podem ser criadas com o \u201cfiel amigo\u201d, est\u00e1 este s\u00e1bado (17) nas Festas de Santa B\u00e1rbara, em Ribas \u2013 Celorico de Basto. A iniciativa promocional da marca decorre, assim, at\u00e9 \u00e0s 24h00, estando a \u201cfood truck\u201d [&hellip;]","og_url":"https:\/\/terrasdebasto.pt\/?p=1321","og_site_name":"Jornal Terras de Basto","article_published_time":"2024-08-17T15:05:17+00:00","article_modified_time":"2024-08-17T15:05:18+00:00","og_image":[{"width":828,"height":834,"url":"https:\/\/terrasdebasto.pt\/wp-content\/uploads\/2024\/08\/BACALHAU-1.jpeg","type":"image\/jpeg"}],"author":"Jo\u00e3o Paulo Mesquita","twitter_card":"summary_large_image","twitter_misc":{"Escrito por":"Jo\u00e3o Paulo Mesquita","Tempo estimado de leitura":"1 minuto"},"schema":{"@context":"https:\/\/schema.org","@graph":[{"@type":"Article","@id":"https:\/\/terrasdebasto.pt\/?p=1321#article","isPartOf":{"@id":"https:\/\/terrasdebasto.pt\/?p=1321"},"author":{"name":"Jo\u00e3o Paulo Mesquita","@id":"https:\/\/terrasdebasto.pt\/#\/schema\/person\/9f6739f5394ac65c802641773b278b84"},"headline":"H\u00e1 bacalhau noruegu\u00eas em Ribas","datePublished":"2024-08-17T15:05:17+00:00","dateModified":"2024-08-17T15:05:18+00:00","mainEntityOfPage":{"@id":"https:\/\/terrasdebasto.pt\/?p=1321"},"wordCount":94,"commentCount":0,"publisher":{"@id":"https:\/\/terrasdebasto.pt\/#organization"},"image":{"@id":"https:\/\/terrasdebasto.pt\/?p=1321#primaryimage"},"thumbnailUrl":"https:\/\/terrasdebasto.pt\/wp-content\/uploads\/2024\/08\/BACALHAU-1.jpeg","keywords":["Bacalhau da Noruega","Celorico de Basto","Ribas"],"articleSection":["Celorico de Basto","Gastronomia"],"inLanguage":"pt-PT","potentialAction":[{"@type":"CommentAction","name":"Comment","target":["https:\/\/terrasdebasto.pt\/?p=1321#respond"]}]},{"@type":"WebPage","@id":"https:\/\/terrasdebasto.pt\/?p=1321","url":"https:\/\/terrasdebasto.pt\/?p=1321","name":"H\u00e1 bacalhau noruegu\u00eas em Ribas - Jornal Terras de Basto","isPartOf":{"@id":"https:\/\/terrasdebasto.pt\/#website"},"primaryImageOfPage":{"@id":"https:\/\/terrasdebasto.pt\/?p=1321#primaryimage"},"image":{"@id":"https:\/\/terrasdebasto.pt\/?p=1321#primaryimage"},"thumbnailUrl":"https:\/\/terrasdebasto.pt\/wp-content\/uploads\/2024\/08\/BACALHAU-1.jpeg","datePublished":"2024-08-17T15:05:17+00:00","dateModified":"2024-08-17T15:05:18+00:00","breadcrumb":{"@id":"https:\/\/terrasdebasto.pt\/?p=1321#breadcrumb"},"inLanguage":"pt-PT","potentialAction":[{"@type":"ReadAction","target":["https:\/\/terrasdebasto.pt\/?p=1321"]}]},{"@type":"ImageObject","inLanguage":"pt-PT","@id":"https:\/\/terrasdebasto.pt\/?p=1321#primaryimage","url":"https:\/\/terrasdebasto.pt\/wp-content\/uploads\/2024\/08\/BACALHAU-1.jpeg","contentUrl":"https:\/\/terrasdebasto.pt\/wp-content\/uploads\/2024\/08\/BACALHAU-1.jpeg","width":828,"height":834},{"@type":"BreadcrumbList","@id":"https:\/\/terrasdebasto.pt\/?p=1321#breadcrumb","itemListElement":[{"@type":"ListItem","position":1,"name":"In\u00edcio","item":"https:\/\/terrasdebasto.pt\/"},{"@type":"ListItem","position":2,"name":"H\u00e1 bacalhau noruegu\u00eas em Ribas"}]},{"@type":"WebSite","@id":"https:\/\/terrasdebasto.pt\/#website","url":"https:\/\/terrasdebasto.pt\/","name":"Jornal Terras de Basto","description":"","publisher":{"@id":"https:\/\/terrasdebasto.pt\/#organization"},"potentialAction":[{"@type":"SearchAction","target":{"@type":"EntryPoint","urlTemplate":"https:\/\/terrasdebasto.pt\/?s={search_term_string}"},"query-input":{"@type":"PropertyValueSpecification","valueRequired":true,"valueName":"search_term_string"}}],"inLanguage":"pt-PT"},{"@type":"Organization","@id":"https:\/\/terrasdebasto.pt\/#organization","name":"Jornal Terras de Basto","url":"https:\/\/terrasdebasto.pt\/","logo":{"@type":"ImageObject","inLanguage":"pt-PT","@id":"https:\/\/terrasdebasto.pt\/#\/schema\/logo\/image\/","url":"https:\/\/terrasdebasto.pt\/wp-content\/uploads\/2024\/06\/LogoNormal.png","contentUrl":"https:\/\/terrasdebasto.pt\/wp-content\/uploads\/2024\/06\/LogoNormal.png","width":5638,"height":809,"caption":"Jornal Terras de Basto"},"image":{"@id":"https:\/\/terrasdebasto.pt\/#\/schema\/logo\/image\/"}},{"@type":"Person","@id":"https:\/\/terrasdebasto.pt\/#\/schema\/person\/9f6739f5394ac65c802641773b278b84","name":"Jo\u00e3o Paulo Mesquita","image":{"@type":"ImageObject","inLanguage":"pt-PT","@id":"https:\/\/terrasdebasto.pt\/#\/schema\/person\/image\/","url":"https:\/\/secure.gravatar.com\/avatar\/9bd0f299e6d96336664aab64354168246a3ee3287c47891c50d450e47ed9d7f9?s=96&d=mm&r=g","contentUrl":"https:\/\/secure.gravatar.com\/avatar\/9bd0f299e6d96336664aab64354168246a3ee3287c47891c50d450e47ed9d7f9?s=96&d=mm&r=g","caption":"Jo\u00e3o Paulo Mesquita"},"url":"https:\/\/terrasdebasto.pt\/?author=7"}]}},"_links":{"self":[{"href":"https:\/\/terrasdebasto.pt\/index.php?rest_route=\/wp\/v2\/posts\/1321","targetHints":{"allow":["GET"]}}],"collection":[{"href":"https:\/\/terrasdebasto.pt\/index.php?rest_route=\/wp\/v2\/posts"}],"about":[{"href":"https:\/\/terrasdebasto.pt\/index.php?rest_route=\/wp\/v2\/types\/post"}],"author":[{"embeddable":true,"href":"https:\/\/terrasdebasto.pt\/index.php?rest_route=\/wp\/v2\/users\/7"}],"replies":[{"embeddable":true,"href":"https:\/\/terrasdebasto.pt\/index.php?rest_route=%2Fwp%2Fv2%2Fcomments&post=1321"}],"version-history":[{"count":1,"href":"https:\/\/terrasdebasto.pt\/index.php?rest_route=\/wp\/v2\/posts\/1321\/revisions"}],"predecessor-version":[{"id":1325,"href":"https:\/\/terrasdebasto.pt\/index.php?rest_route=\/wp\/v2\/posts\/1321\/revisions\/1325"}],"wp:featuredmedia":[{"embeddable":true,"href":"https:\/\/terrasdebasto.pt\/index.php?rest_route=\/wp\/v2\/media\/1323"}],"wp:attachment":[{"href":"https:\/\/terrasdebasto.pt\/index.php?rest_route=%2Fwp%2Fv2%2Fmedia&parent=1321"}],"wp:term":[{"taxonomy":"category","embeddable":true,"href":"https:\/\/terrasdebasto.pt\/index.php?rest_route=%2Fwp%2Fv2%2Fcategories&post=1321"},{"taxonomy":"post_tag","embeddable":true,"href":"https:\/\/terrasdebasto.pt\/index.php?rest_route=%2Fwp%2Fv2%2Ftags&post=1321"}],"curies":[{"name":"wp","href":"https:\/\/api.w.org\/{rel}","templated":true}]}}