{"id":1318,"date":"2024-08-17T01:17:10","date_gmt":"2024-08-17T01:17:10","guid":{"rendered":"https:\/\/terrasdebasto.pt\/?p=1318"},"modified":"2024-08-17T01:17:11","modified_gmt":"2024-08-17T01:17:11","slug":"raquel-martins-traz-empty-flower-ao-favo-das-artes","status":"publish","type":"post","link":"https:\/\/terrasdebasto.pt\/?p=1318","title":{"rendered":"Raquel Martins traz &#8220;Empty Flower&#8221; ao Favo das Artes"},"content":{"rendered":"\n<p><strong>Raquel Martins, artista e guitarrista de 24 anos, mudou-se para Londres quando tinha apenas 17. Cresceu no Porto, sempre rodeada de jazz e m\u00fasica do Brasil, mas foi s\u00f3 quando descobriu o mundo atual do \u201csoul\u201d, &#8220;hip hop\u201d e de \u201cnu-jazz\u201d que percebeu que podia criar algo novo com todas as sonoridades que tinha vindo a absorver. A jovem guitarrista apresenta-se no Favo das Artes de Mondim de Basto \u00e0s 22h00 de 31 de agosto.<\/strong><\/p>\n\n\n\n<p>Desde que lan\u00e7ou o seu primeiro EP \u201cThe Way\u201d em 2021, Raquel Martins tem vindo a criar um impacto na ind\u00fastria musical do Reino Unido com a sua mistura \u00fanica de \u201clatin infused-alt soul\u201d. Com o apoio de \u201ctastemakers\u201d internacionais, como Giles Peterson, Jamie Cullum e Dan Digs (KCRW) e de r\u00e1dios como a BBC, Jazz FM, Worldwide FM, a jovem portuguesa lan\u00e7ou em fevereiro de 2023 o seu mais recente trabalho, \u201cEmpty Flower\u201d, completamente produzido por si.<\/p>\n\n\n\n<p>\u201cEmpty Flower\u201d \u00e9 um disco vulner\u00e1vel, que aborda temas como identidade, \u201cgender roles\u201d e toca no que \u00e9 ser uma mulher na nossa sociedade. Produzido no seu quarto, Raquel conseguiu criar um mundo s\u00f3nico seu, fora da caixa, com uma narrativa muito pr\u00f3pria e visuais cinem\u00e1ticos a acompanhar.<\/p>\n\n\n\n<p>Influenciada por artistas como Hiatus Kaiyote, Amy Winehouse ou Djavan, a sua m\u00fasica leva os ouvintes numa viagem por temas como desenvolvimento pessoal, prop\u00f3sito e individualidade.<\/p>\n","protected":false},"excerpt":{"rendered":"<p>Raquel Martins, artista e guitarrista de 24 anos, mudou-se para Londres quando tinha apenas 17. Cresceu no Porto, sempre rodeada de jazz e m\u00fasica do Brasil, mas foi s\u00f3 quando descobriu o mundo atual do \u201csoul\u201d, &#8220;hip hop\u201d e de \u201cnu-jazz\u201d que percebeu que podia criar algo novo com todas as sonoridades que tinha vindo [&hellip;]<\/p>\n","protected":false},"author":7,"featured_media":1319,"comment_status":"open","ping_status":"open","sticky":false,"template":"","format":"standard","meta":{"footnotes":""},"categories":[7,16],"tags":[332,235,331],"class_list":{"0":"post-1318","1":"post","2":"type-post","3":"status-publish","4":"format-standard","5":"has-post-thumbnail","7":"category-cultura","8":"category-mondim-de-basto","9":"tag-empty-flower","10":"tag-musica","11":"tag-raquel-martins"},"yoast_head":"<!-- This site is optimized with the Yoast SEO plugin v25.7 - https:\/\/yoast.com\/wordpress\/plugins\/seo\/ -->\n<title>Raquel Martins traz &quot;Empty Flower&quot; ao Favo das Artes - Jornal Terras de Basto<\/title>\n<meta name=\"description\" content=\"Raquel Martins, artista e guitarrista de 24 anos, mudou-se para Londres quando tinha apenas 17. Cresceu no Porto, sempre rodeada de jazz e m\u00fasica do Brasil, mas foi s\u00f3 quando descobriu o mundo atual do \u201csoul\u201d, &quot;hip hop\u201d e de \u201cnu-jazz\u201d que percebeu que podia criar algo novo com todas as sonoridades que tinha vindo a absorver. A jovem guitarrista apresenta-se no Favo das Artes de Mondim de Basto \u00e0s 22h00 de 31 de agosto.\" \/>\n<meta name=\"robots\" content=\"index, follow, max-snippet:-1, max-image-preview:large, max-video-preview:-1\" \/>\n<link rel=\"canonical\" href=\"https:\/\/terrasdebasto.pt\/?p=1318\" \/>\n<meta property=\"og:locale\" content=\"pt_PT\" \/>\n<meta property=\"og:type\" content=\"article\" \/>\n<meta property=\"og:title\" content=\"Raquel Martins traz &quot;Empty Flower&quot; ao Favo das Artes - Jornal Terras de Basto\" \/>\n<meta property=\"og:description\" content=\"Raquel Martins, artista e guitarrista de 24 anos, mudou-se para Londres quando tinha apenas 17. Cresceu no Porto, sempre rodeada de jazz e m\u00fasica do Brasil, mas foi s\u00f3 quando descobriu o mundo atual do \u201csoul\u201d, &quot;hip hop\u201d e de \u201cnu-jazz\u201d que percebeu que podia criar algo novo com todas as sonoridades que tinha vindo a absorver. A jovem guitarrista apresenta-se no Favo das Artes de Mondim de Basto \u00e0s 22h00 de 31 de agosto.\" \/>\n<meta property=\"og:url\" content=\"https:\/\/terrasdebasto.pt\/?p=1318\" \/>\n<meta property=\"og:site_name\" content=\"Jornal Terras de Basto\" \/>\n<meta property=\"article:published_time\" content=\"2024-08-17T01:17:10+00:00\" \/>\n<meta property=\"article:modified_time\" content=\"2024-08-17T01:17:11+00:00\" \/>\n<meta property=\"og:image\" content=\"https:\/\/terrasdebasto.pt\/wp-content\/uploads\/2024\/08\/RAQUEL-MARTINS.jpg\" \/>\n\t<meta property=\"og:image:width\" content=\"1200\" \/>\n\t<meta property=\"og:image:height\" content=\"858\" \/>\n\t<meta property=\"og:image:type\" content=\"image\/jpeg\" \/>\n<meta name=\"author\" content=\"Jo\u00e3o Paulo Mesquita\" \/>\n<meta name=\"twitter:card\" content=\"summary_large_image\" \/>\n<meta name=\"twitter:label1\" content=\"Escrito por\" \/>\n\t<meta name=\"twitter:data1\" content=\"Jo\u00e3o Paulo Mesquita\" \/>\n\t<meta name=\"twitter:label2\" content=\"Tempo estimado de leitura\" \/>\n\t<meta name=\"twitter:data2\" content=\"2 minutos\" \/>\n<script type=\"application\/ld+json\" class=\"yoast-schema-graph\">{\"@context\":\"https:\/\/schema.org\",\"@graph\":[{\"@type\":\"Article\",\"@id\":\"https:\/\/terrasdebasto.pt\/?p=1318#article\",\"isPartOf\":{\"@id\":\"https:\/\/terrasdebasto.pt\/?p=1318\"},\"author\":{\"name\":\"Jo\u00e3o Paulo Mesquita\",\"@id\":\"https:\/\/terrasdebasto.pt\/#\/schema\/person\/9f6739f5394ac65c802641773b278b84\"},\"headline\":\"Raquel Martins traz &#8220;Empty Flower&#8221; ao Favo das Artes\",\"datePublished\":\"2024-08-17T01:17:10+00:00\",\"dateModified\":\"2024-08-17T01:17:11+00:00\",\"mainEntityOfPage\":{\"@id\":\"https:\/\/terrasdebasto.pt\/?p=1318\"},\"wordCount\":240,\"commentCount\":0,\"publisher\":{\"@id\":\"https:\/\/terrasdebasto.pt\/#organization\"},\"image\":{\"@id\":\"https:\/\/terrasdebasto.pt\/?p=1318#primaryimage\"},\"thumbnailUrl\":\"https:\/\/terrasdebasto.pt\/wp-content\/uploads\/2024\/08\/RAQUEL-MARTINS.jpg\",\"keywords\":[\"Empty Flower\",\"M\u00fasica\",\"Raquel Martins\"],\"articleSection\":[\"Cultura\",\"Mondim de Basto\"],\"inLanguage\":\"pt-PT\",\"potentialAction\":[{\"@type\":\"CommentAction\",\"name\":\"Comment\",\"target\":[\"https:\/\/terrasdebasto.pt\/?p=1318#respond\"]}]},{\"@type\":\"WebPage\",\"@id\":\"https:\/\/terrasdebasto.pt\/?p=1318\",\"url\":\"https:\/\/terrasdebasto.pt\/?p=1318\",\"name\":\"Raquel Martins traz \\\"Empty Flower\\\" ao Favo das Artes - Jornal Terras de Basto\",\"isPartOf\":{\"@id\":\"https:\/\/terrasdebasto.pt\/#website\"},\"primaryImageOfPage\":{\"@id\":\"https:\/\/terrasdebasto.pt\/?p=1318#primaryimage\"},\"image\":{\"@id\":\"https:\/\/terrasdebasto.pt\/?p=1318#primaryimage\"},\"thumbnailUrl\":\"https:\/\/terrasdebasto.pt\/wp-content\/uploads\/2024\/08\/RAQUEL-MARTINS.jpg\",\"datePublished\":\"2024-08-17T01:17:10+00:00\",\"dateModified\":\"2024-08-17T01:17:11+00:00\",\"description\":\"Raquel Martins, artista e guitarrista de 24 anos, mudou-se para Londres quando tinha apenas 17. Cresceu no Porto, sempre rodeada de jazz e m\u00fasica do Brasil, mas foi s\u00f3 quando descobriu o mundo atual do \u201csoul\u201d, \\\"hip hop\u201d e de \u201cnu-jazz\u201d que percebeu que podia criar algo novo com todas as sonoridades que tinha vindo a absorver. A jovem guitarrista apresenta-se no Favo das Artes de Mondim de Basto \u00e0s 22h00 de 31 de agosto.\",\"breadcrumb\":{\"@id\":\"https:\/\/terrasdebasto.pt\/?p=1318#breadcrumb\"},\"inLanguage\":\"pt-PT\",\"potentialAction\":[{\"@type\":\"ReadAction\",\"target\":[\"https:\/\/terrasdebasto.pt\/?p=1318\"]}]},{\"@type\":\"ImageObject\",\"inLanguage\":\"pt-PT\",\"@id\":\"https:\/\/terrasdebasto.pt\/?p=1318#primaryimage\",\"url\":\"https:\/\/terrasdebasto.pt\/wp-content\/uploads\/2024\/08\/RAQUEL-MARTINS.jpg\",\"contentUrl\":\"https:\/\/terrasdebasto.pt\/wp-content\/uploads\/2024\/08\/RAQUEL-MARTINS.jpg\",\"width\":1200,\"height\":858},{\"@type\":\"BreadcrumbList\",\"@id\":\"https:\/\/terrasdebasto.pt\/?p=1318#breadcrumb\",\"itemListElement\":[{\"@type\":\"ListItem\",\"position\":1,\"name\":\"In\u00edcio\",\"item\":\"https:\/\/terrasdebasto.pt\/\"},{\"@type\":\"ListItem\",\"position\":2,\"name\":\"Raquel Martins traz &#8220;Empty Flower&#8221; ao Favo das Artes\"}]},{\"@type\":\"WebSite\",\"@id\":\"https:\/\/terrasdebasto.pt\/#website\",\"url\":\"https:\/\/terrasdebasto.pt\/\",\"name\":\"Jornal Terras de Basto\",\"description\":\"\",\"publisher\":{\"@id\":\"https:\/\/terrasdebasto.pt\/#organization\"},\"potentialAction\":[{\"@type\":\"SearchAction\",\"target\":{\"@type\":\"EntryPoint\",\"urlTemplate\":\"https:\/\/terrasdebasto.pt\/?s={search_term_string}\"},\"query-input\":{\"@type\":\"PropertyValueSpecification\",\"valueRequired\":true,\"valueName\":\"search_term_string\"}}],\"inLanguage\":\"pt-PT\"},{\"@type\":\"Organization\",\"@id\":\"https:\/\/terrasdebasto.pt\/#organization\",\"name\":\"Jornal Terras de Basto\",\"url\":\"https:\/\/terrasdebasto.pt\/\",\"logo\":{\"@type\":\"ImageObject\",\"inLanguage\":\"pt-PT\",\"@id\":\"https:\/\/terrasdebasto.pt\/#\/schema\/logo\/image\/\",\"url\":\"https:\/\/terrasdebasto.pt\/wp-content\/uploads\/2024\/06\/LogoNormal.png\",\"contentUrl\":\"https:\/\/terrasdebasto.pt\/wp-content\/uploads\/2024\/06\/LogoNormal.png\",\"width\":5638,\"height\":809,\"caption\":\"Jornal Terras de Basto\"},\"image\":{\"@id\":\"https:\/\/terrasdebasto.pt\/#\/schema\/logo\/image\/\"}},{\"@type\":\"Person\",\"@id\":\"https:\/\/terrasdebasto.pt\/#\/schema\/person\/9f6739f5394ac65c802641773b278b84\",\"name\":\"Jo\u00e3o Paulo Mesquita\",\"image\":{\"@type\":\"ImageObject\",\"inLanguage\":\"pt-PT\",\"@id\":\"https:\/\/terrasdebasto.pt\/#\/schema\/person\/image\/\",\"url\":\"https:\/\/secure.gravatar.com\/avatar\/9bd0f299e6d96336664aab64354168246a3ee3287c47891c50d450e47ed9d7f9?s=96&d=mm&r=g\",\"contentUrl\":\"https:\/\/secure.gravatar.com\/avatar\/9bd0f299e6d96336664aab64354168246a3ee3287c47891c50d450e47ed9d7f9?s=96&d=mm&r=g\",\"caption\":\"Jo\u00e3o Paulo Mesquita\"},\"url\":\"https:\/\/terrasdebasto.pt\/?author=7\"}]}<\/script>\n<!-- \/ Yoast SEO plugin. -->","yoast_head_json":{"title":"Raquel Martins traz \"Empty Flower\" ao Favo das Artes - Jornal Terras de Basto","description":"Raquel Martins, artista e guitarrista de 24 anos, mudou-se para Londres quando tinha apenas 17. Cresceu no Porto, sempre rodeada de jazz e m\u00fasica do Brasil, mas foi s\u00f3 quando descobriu o mundo atual do \u201csoul\u201d, \"hip hop\u201d e de \u201cnu-jazz\u201d que percebeu que podia criar algo novo com todas as sonoridades que tinha vindo a absorver. A jovem guitarrista apresenta-se no Favo das Artes de Mondim de Basto \u00e0s 22h00 de 31 de agosto.","robots":{"index":"index","follow":"follow","max-snippet":"max-snippet:-1","max-image-preview":"max-image-preview:large","max-video-preview":"max-video-preview:-1"},"canonical":"https:\/\/terrasdebasto.pt\/?p=1318","og_locale":"pt_PT","og_type":"article","og_title":"Raquel Martins traz \"Empty Flower\" ao Favo das Artes - Jornal Terras de Basto","og_description":"Raquel Martins, artista e guitarrista de 24 anos, mudou-se para Londres quando tinha apenas 17. Cresceu no Porto, sempre rodeada de jazz e m\u00fasica do Brasil, mas foi s\u00f3 quando descobriu o mundo atual do \u201csoul\u201d, \"hip hop\u201d e de \u201cnu-jazz\u201d que percebeu que podia criar algo novo com todas as sonoridades que tinha vindo a absorver. A jovem guitarrista apresenta-se no Favo das Artes de Mondim de Basto \u00e0s 22h00 de 31 de agosto.","og_url":"https:\/\/terrasdebasto.pt\/?p=1318","og_site_name":"Jornal Terras de Basto","article_published_time":"2024-08-17T01:17:10+00:00","article_modified_time":"2024-08-17T01:17:11+00:00","og_image":[{"width":1200,"height":858,"url":"https:\/\/terrasdebasto.pt\/wp-content\/uploads\/2024\/08\/RAQUEL-MARTINS.jpg","type":"image\/jpeg"}],"author":"Jo\u00e3o Paulo Mesquita","twitter_card":"summary_large_image","twitter_misc":{"Escrito por":"Jo\u00e3o Paulo Mesquita","Tempo estimado de leitura":"2 minutos"},"schema":{"@context":"https:\/\/schema.org","@graph":[{"@type":"Article","@id":"https:\/\/terrasdebasto.pt\/?p=1318#article","isPartOf":{"@id":"https:\/\/terrasdebasto.pt\/?p=1318"},"author":{"name":"Jo\u00e3o Paulo Mesquita","@id":"https:\/\/terrasdebasto.pt\/#\/schema\/person\/9f6739f5394ac65c802641773b278b84"},"headline":"Raquel Martins traz &#8220;Empty Flower&#8221; ao Favo das Artes","datePublished":"2024-08-17T01:17:10+00:00","dateModified":"2024-08-17T01:17:11+00:00","mainEntityOfPage":{"@id":"https:\/\/terrasdebasto.pt\/?p=1318"},"wordCount":240,"commentCount":0,"publisher":{"@id":"https:\/\/terrasdebasto.pt\/#organization"},"image":{"@id":"https:\/\/terrasdebasto.pt\/?p=1318#primaryimage"},"thumbnailUrl":"https:\/\/terrasdebasto.pt\/wp-content\/uploads\/2024\/08\/RAQUEL-MARTINS.jpg","keywords":["Empty Flower","M\u00fasica","Raquel Martins"],"articleSection":["Cultura","Mondim de Basto"],"inLanguage":"pt-PT","potentialAction":[{"@type":"CommentAction","name":"Comment","target":["https:\/\/terrasdebasto.pt\/?p=1318#respond"]}]},{"@type":"WebPage","@id":"https:\/\/terrasdebasto.pt\/?p=1318","url":"https:\/\/terrasdebasto.pt\/?p=1318","name":"Raquel Martins traz \"Empty Flower\" ao Favo das Artes - Jornal Terras de Basto","isPartOf":{"@id":"https:\/\/terrasdebasto.pt\/#website"},"primaryImageOfPage":{"@id":"https:\/\/terrasdebasto.pt\/?p=1318#primaryimage"},"image":{"@id":"https:\/\/terrasdebasto.pt\/?p=1318#primaryimage"},"thumbnailUrl":"https:\/\/terrasdebasto.pt\/wp-content\/uploads\/2024\/08\/RAQUEL-MARTINS.jpg","datePublished":"2024-08-17T01:17:10+00:00","dateModified":"2024-08-17T01:17:11+00:00","description":"Raquel Martins, artista e guitarrista de 24 anos, mudou-se para Londres quando tinha apenas 17. Cresceu no Porto, sempre rodeada de jazz e m\u00fasica do Brasil, mas foi s\u00f3 quando descobriu o mundo atual do \u201csoul\u201d, \"hip hop\u201d e de \u201cnu-jazz\u201d que percebeu que podia criar algo novo com todas as sonoridades que tinha vindo a absorver. A jovem guitarrista apresenta-se no Favo das Artes de Mondim de Basto \u00e0s 22h00 de 31 de agosto.","breadcrumb":{"@id":"https:\/\/terrasdebasto.pt\/?p=1318#breadcrumb"},"inLanguage":"pt-PT","potentialAction":[{"@type":"ReadAction","target":["https:\/\/terrasdebasto.pt\/?p=1318"]}]},{"@type":"ImageObject","inLanguage":"pt-PT","@id":"https:\/\/terrasdebasto.pt\/?p=1318#primaryimage","url":"https:\/\/terrasdebasto.pt\/wp-content\/uploads\/2024\/08\/RAQUEL-MARTINS.jpg","contentUrl":"https:\/\/terrasdebasto.pt\/wp-content\/uploads\/2024\/08\/RAQUEL-MARTINS.jpg","width":1200,"height":858},{"@type":"BreadcrumbList","@id":"https:\/\/terrasdebasto.pt\/?p=1318#breadcrumb","itemListElement":[{"@type":"ListItem","position":1,"name":"In\u00edcio","item":"https:\/\/terrasdebasto.pt\/"},{"@type":"ListItem","position":2,"name":"Raquel Martins traz &#8220;Empty Flower&#8221; ao Favo das Artes"}]},{"@type":"WebSite","@id":"https:\/\/terrasdebasto.pt\/#website","url":"https:\/\/terrasdebasto.pt\/","name":"Jornal Terras de Basto","description":"","publisher":{"@id":"https:\/\/terrasdebasto.pt\/#organization"},"potentialAction":[{"@type":"SearchAction","target":{"@type":"EntryPoint","urlTemplate":"https:\/\/terrasdebasto.pt\/?s={search_term_string}"},"query-input":{"@type":"PropertyValueSpecification","valueRequired":true,"valueName":"search_term_string"}}],"inLanguage":"pt-PT"},{"@type":"Organization","@id":"https:\/\/terrasdebasto.pt\/#organization","name":"Jornal Terras de Basto","url":"https:\/\/terrasdebasto.pt\/","logo":{"@type":"ImageObject","inLanguage":"pt-PT","@id":"https:\/\/terrasdebasto.pt\/#\/schema\/logo\/image\/","url":"https:\/\/terrasdebasto.pt\/wp-content\/uploads\/2024\/06\/LogoNormal.png","contentUrl":"https:\/\/terrasdebasto.pt\/wp-content\/uploads\/2024\/06\/LogoNormal.png","width":5638,"height":809,"caption":"Jornal Terras de Basto"},"image":{"@id":"https:\/\/terrasdebasto.pt\/#\/schema\/logo\/image\/"}},{"@type":"Person","@id":"https:\/\/terrasdebasto.pt\/#\/schema\/person\/9f6739f5394ac65c802641773b278b84","name":"Jo\u00e3o Paulo Mesquita","image":{"@type":"ImageObject","inLanguage":"pt-PT","@id":"https:\/\/terrasdebasto.pt\/#\/schema\/person\/image\/","url":"https:\/\/secure.gravatar.com\/avatar\/9bd0f299e6d96336664aab64354168246a3ee3287c47891c50d450e47ed9d7f9?s=96&d=mm&r=g","contentUrl":"https:\/\/secure.gravatar.com\/avatar\/9bd0f299e6d96336664aab64354168246a3ee3287c47891c50d450e47ed9d7f9?s=96&d=mm&r=g","caption":"Jo\u00e3o Paulo Mesquita"},"url":"https:\/\/terrasdebasto.pt\/?author=7"}]}},"_links":{"self":[{"href":"https:\/\/terrasdebasto.pt\/index.php?rest_route=\/wp\/v2\/posts\/1318","targetHints":{"allow":["GET"]}}],"collection":[{"href":"https:\/\/terrasdebasto.pt\/index.php?rest_route=\/wp\/v2\/posts"}],"about":[{"href":"https:\/\/terrasdebasto.pt\/index.php?rest_route=\/wp\/v2\/types\/post"}],"author":[{"embeddable":true,"href":"https:\/\/terrasdebasto.pt\/index.php?rest_route=\/wp\/v2\/users\/7"}],"replies":[{"embeddable":true,"href":"https:\/\/terrasdebasto.pt\/index.php?rest_route=%2Fwp%2Fv2%2Fcomments&post=1318"}],"version-history":[{"count":1,"href":"https:\/\/terrasdebasto.pt\/index.php?rest_route=\/wp\/v2\/posts\/1318\/revisions"}],"predecessor-version":[{"id":1320,"href":"https:\/\/terrasdebasto.pt\/index.php?rest_route=\/wp\/v2\/posts\/1318\/revisions\/1320"}],"wp:featuredmedia":[{"embeddable":true,"href":"https:\/\/terrasdebasto.pt\/index.php?rest_route=\/wp\/v2\/media\/1319"}],"wp:attachment":[{"href":"https:\/\/terrasdebasto.pt\/index.php?rest_route=%2Fwp%2Fv2%2Fmedia&parent=1318"}],"wp:term":[{"taxonomy":"category","embeddable":true,"href":"https:\/\/terrasdebasto.pt\/index.php?rest_route=%2Fwp%2Fv2%2Fcategories&post=1318"},{"taxonomy":"post_tag","embeddable":true,"href":"https:\/\/terrasdebasto.pt\/index.php?rest_route=%2Fwp%2Fv2%2Ftags&post=1318"}],"curies":[{"name":"wp","href":"https:\/\/api.w.org\/{rel}","templated":true}]}}