{"id":1315,"date":"2024-08-17T00:56:38","date_gmt":"2024-08-17T00:56:38","guid":{"rendered":"https:\/\/terrasdebasto.pt\/?p=1315"},"modified":"2024-08-17T00:56:39","modified_gmt":"2024-08-17T00:56:39","slug":"socialistas-de-mondim-discordam-do-local-para-recolha-de-animais","status":"publish","type":"post","link":"https:\/\/terrasdebasto.pt\/?p=1315","title":{"rendered":"Socialistas de Mondim discordam do local para recolha de animais"},"content":{"rendered":"\n<p><\/p>\n\n\n\n<p><strong>Os socialistas de Mondim de Basto discordam da escolha do local feita pelo presidente da C\u00e2mara Municipal para instalar um Centro de Recolha Oficial de Animais de Companhia, um processo decidido por despacho de Bruno Ferreira e posteriormente levado \u00e0 verea\u00e7\u00e3o para ratifica\u00e7\u00e3o, processo que teve o voto contr\u00e1rio dos vereadores do PS.<\/strong><\/p>\n\n\n\n<p>\u00abA localiza\u00e7\u00e3o escolhida n\u00e3o se adequa aos tempos que vivemos, revela aus\u00eancia de planeamento, numa decis\u00e3o completamente descabida e, por isso, apesar de estarmos perante uma decis\u00e3o consumada, vot\u00e1mos contra a ratifica\u00e7\u00e3o, apelando \u00e0 revis\u00e3o desta inconceb\u00edvel localiza\u00e7\u00e3o\u00bb, dizem Paulo Mota e Nuno Leal.<\/p>\n\n\n\n<p>Em causa \u2013 dizem em comunicado \u2013 est\u00e1 a constru\u00e7\u00e3o do novo equipamento em \u201cEspa\u00e7o Florestal de Produ\u00e7\u00e3o e Estrutura Ecol\u00f3gica Municipal\u201d, a que se junta o facto de, para chegar ao local, ser necess\u00e1rio percorrer \u00abquase 1,5 quil\u00f3metros por um caminho florestal, s\u00f3 acess\u00edvel a viaturas todo-o-terreno\u00bb.<\/p>\n\n\n\n<p>&nbsp;O local em causa \u2013 sublinham \u2013 n\u00e3o \u00e9 servido por qualquer infraestrutura de abastecimento de \u00e1gua, saneamento ou energia.<\/p>\n\n\n\n<p>Neste processo, os socialistas lembram tamb\u00e9m que as associa\u00e7\u00f5es que desenvolvem atividade para a promo\u00e7\u00e3o do bem-estar animal \u00abn\u00e3o foram ouvidas sobre a escolha do local\u00bb.<\/p>\n\n\n\n<p>\u00abImporta referir que um Centro de Recolha Oficial \u00e9 um espa\u00e7o que vai al\u00e9m do comum canil; al\u00e9m dos espa\u00e7os para alojar animais (c\u00e3es e gatos), ter\u00e1 uma sala de tratamentos e esteriliza\u00e7\u00e3o, servi\u00e7os prestados pelo veterin\u00e1rio municipal, e um parque de exerc\u00edcio para os animais\u00bb, lembram.<\/p>\n\n\n\n<p>Este equipamento e os servi\u00e7os que se prop\u00f5e prestar vai exigir um acompanhamento di\u00e1rio dos servi\u00e7os da autarquia, devendo \u2013 na opini\u00e3o dos socialistas \u2013 ser facilmente acess\u00edvel aos in\u00fameros volunt\u00e1rios que contribuem para a causa do bem-estar animal, bem como a qualquer cidad\u00e3o que pretenda adotar um animal.<\/p>\n\n\n\n<p>\u00abTodos os concelhos vizinhos que j\u00e1 disp\u00f5em de CRO conseguiram localiza\u00e7\u00f5es que conciliam a acessibilidade e alguma dist\u00e2ncia relativamente a zonas habitacionais<a>. A localiza\u00e7\u00e3o escolhida no nosso concelho n\u00e3o se adequa aos tempos que vivemos, revela aus\u00eancia de planeamento, numa decis\u00e3o completamente descabida, e por isso, apesar de estarem perante uma decis\u00e3o consumada, os vereadores do PS votaram contra a ratifica\u00e7\u00e3o e apelaram ao executivo para rever esta inconceb\u00edvel localiza\u00e7\u00e3o\u00bb, explicitam.<\/a> [Reda\u00e7\u00e3o].<\/p>\n","protected":false},"excerpt":{"rendered":"<p>Os socialistas de Mondim de Basto discordam da escolha do local feita pelo presidente da C\u00e2mara Municipal para instalar um Centro de Recolha Oficial de Animais de Companhia, um processo decidido por despacho de Bruno Ferreira e posteriormente levado \u00e0 verea\u00e7\u00e3o para ratifica\u00e7\u00e3o, processo que teve o voto contr\u00e1rio dos vereadores do PS. \u00abA localiza\u00e7\u00e3o [&hellip;]<\/p>\n","protected":false},"author":7,"featured_media":1316,"comment_status":"open","ping_status":"open","sticky":false,"template":"","format":"standard","meta":{"footnotes":""},"categories":[16],"tags":[330,85],"class_list":{"0":"post-1315","1":"post","2":"type-post","3":"status-publish","4":"format-standard","5":"has-post-thumbnail","7":"category-mondim-de-basto","8":"tag-centro-de-recolha-de-animais","9":"tag-mondim-de-basto"},"yoast_head":"<!-- This site is optimized with the Yoast SEO plugin v25.7 - https:\/\/yoast.com\/wordpress\/plugins\/seo\/ -->\n<title>Socialistas de Mondim discordam do local para recolha de animais - Jornal Terras de Basto<\/title>\n<meta name=\"description\" content=\"Os socialistas de Mondim de Basto discordam da escolha do local feita pelo presidente da C\u00e2mara Municipal para instalar um Centro de Recolha Oficial de Animais de Companhia, um processo decidido por despacho de Bruno Ferreira e posteriormente levado \u00e0 verea\u00e7\u00e3o para ratifica\u00e7\u00e3o, processo que teve o voto contr\u00e1rio dos vereadores do PS.\" \/>\n<meta name=\"robots\" content=\"index, follow, max-snippet:-1, max-image-preview:large, max-video-preview:-1\" \/>\n<link rel=\"canonical\" href=\"https:\/\/terrasdebasto.pt\/?p=1315\" \/>\n<meta property=\"og:locale\" content=\"pt_PT\" \/>\n<meta property=\"og:type\" content=\"article\" \/>\n<meta property=\"og:title\" content=\"Socialistas de Mondim discordam do local para recolha de animais - Jornal Terras de Basto\" \/>\n<meta property=\"og:description\" content=\"Os socialistas de Mondim de Basto discordam da escolha do local feita pelo presidente da C\u00e2mara Municipal para instalar um Centro de Recolha Oficial de Animais de Companhia, um processo decidido por despacho de Bruno Ferreira e posteriormente levado \u00e0 verea\u00e7\u00e3o para ratifica\u00e7\u00e3o, processo que teve o voto contr\u00e1rio dos vereadores do PS.\" \/>\n<meta property=\"og:url\" content=\"https:\/\/terrasdebasto.pt\/?p=1315\" \/>\n<meta property=\"og:site_name\" content=\"Jornal Terras de Basto\" \/>\n<meta property=\"article:published_time\" content=\"2024-08-17T00:56:38+00:00\" \/>\n<meta property=\"article:modified_time\" content=\"2024-08-17T00:56:39+00:00\" \/>\n<meta property=\"og:image\" content=\"https:\/\/terrasdebasto.pt\/wp-content\/uploads\/2024\/08\/CRO-MONDIM.jpg\" \/>\n\t<meta property=\"og:image:width\" content=\"931\" \/>\n\t<meta property=\"og:image:height\" content=\"753\" \/>\n\t<meta property=\"og:image:type\" content=\"image\/jpeg\" \/>\n<meta name=\"author\" content=\"Jo\u00e3o Paulo Mesquita\" \/>\n<meta name=\"twitter:card\" content=\"summary_large_image\" \/>\n<meta name=\"twitter:label1\" content=\"Escrito por\" \/>\n\t<meta name=\"twitter:data1\" content=\"Jo\u00e3o Paulo Mesquita\" \/>\n\t<meta name=\"twitter:label2\" content=\"Tempo estimado de leitura\" \/>\n\t<meta name=\"twitter:data2\" content=\"3 minutos\" \/>\n<script type=\"application\/ld+json\" class=\"yoast-schema-graph\">{\"@context\":\"https:\/\/schema.org\",\"@graph\":[{\"@type\":\"Article\",\"@id\":\"https:\/\/terrasdebasto.pt\/?p=1315#article\",\"isPartOf\":{\"@id\":\"https:\/\/terrasdebasto.pt\/?p=1315\"},\"author\":{\"name\":\"Jo\u00e3o Paulo Mesquita\",\"@id\":\"https:\/\/terrasdebasto.pt\/#\/schema\/person\/9f6739f5394ac65c802641773b278b84\"},\"headline\":\"Socialistas de Mondim discordam do local para recolha de animais\",\"datePublished\":\"2024-08-17T00:56:38+00:00\",\"dateModified\":\"2024-08-17T00:56:39+00:00\",\"mainEntityOfPage\":{\"@id\":\"https:\/\/terrasdebasto.pt\/?p=1315\"},\"wordCount\":415,\"commentCount\":0,\"publisher\":{\"@id\":\"https:\/\/terrasdebasto.pt\/#organization\"},\"image\":{\"@id\":\"https:\/\/terrasdebasto.pt\/?p=1315#primaryimage\"},\"thumbnailUrl\":\"https:\/\/terrasdebasto.pt\/wp-content\/uploads\/2024\/08\/CRO-MONDIM.jpg\",\"keywords\":[\"Centro de Recolha de Animais\",\"Mondim de Basto\"],\"articleSection\":[\"Mondim de Basto\"],\"inLanguage\":\"pt-PT\",\"potentialAction\":[{\"@type\":\"CommentAction\",\"name\":\"Comment\",\"target\":[\"https:\/\/terrasdebasto.pt\/?p=1315#respond\"]}]},{\"@type\":\"WebPage\",\"@id\":\"https:\/\/terrasdebasto.pt\/?p=1315\",\"url\":\"https:\/\/terrasdebasto.pt\/?p=1315\",\"name\":\"Socialistas de Mondim discordam do local para recolha de animais - Jornal Terras de Basto\",\"isPartOf\":{\"@id\":\"https:\/\/terrasdebasto.pt\/#website\"},\"primaryImageOfPage\":{\"@id\":\"https:\/\/terrasdebasto.pt\/?p=1315#primaryimage\"},\"image\":{\"@id\":\"https:\/\/terrasdebasto.pt\/?p=1315#primaryimage\"},\"thumbnailUrl\":\"https:\/\/terrasdebasto.pt\/wp-content\/uploads\/2024\/08\/CRO-MONDIM.jpg\",\"datePublished\":\"2024-08-17T00:56:38+00:00\",\"dateModified\":\"2024-08-17T00:56:39+00:00\",\"description\":\"Os socialistas de Mondim de Basto discordam da escolha do local feita pelo presidente da C\u00e2mara Municipal para instalar um Centro de Recolha Oficial de Animais de Companhia, um processo decidido por despacho de Bruno Ferreira e posteriormente levado \u00e0 verea\u00e7\u00e3o para ratifica\u00e7\u00e3o, processo que teve o voto contr\u00e1rio dos vereadores do PS.\",\"breadcrumb\":{\"@id\":\"https:\/\/terrasdebasto.pt\/?p=1315#breadcrumb\"},\"inLanguage\":\"pt-PT\",\"potentialAction\":[{\"@type\":\"ReadAction\",\"target\":[\"https:\/\/terrasdebasto.pt\/?p=1315\"]}]},{\"@type\":\"ImageObject\",\"inLanguage\":\"pt-PT\",\"@id\":\"https:\/\/terrasdebasto.pt\/?p=1315#primaryimage\",\"url\":\"https:\/\/terrasdebasto.pt\/wp-content\/uploads\/2024\/08\/CRO-MONDIM.jpg\",\"contentUrl\":\"https:\/\/terrasdebasto.pt\/wp-content\/uploads\/2024\/08\/CRO-MONDIM.jpg\",\"width\":931,\"height\":753},{\"@type\":\"BreadcrumbList\",\"@id\":\"https:\/\/terrasdebasto.pt\/?p=1315#breadcrumb\",\"itemListElement\":[{\"@type\":\"ListItem\",\"position\":1,\"name\":\"In\u00edcio\",\"item\":\"https:\/\/terrasdebasto.pt\/\"},{\"@type\":\"ListItem\",\"position\":2,\"name\":\"Socialistas de Mondim discordam do local para recolha de animais\"}]},{\"@type\":\"WebSite\",\"@id\":\"https:\/\/terrasdebasto.pt\/#website\",\"url\":\"https:\/\/terrasdebasto.pt\/\",\"name\":\"Jornal Terras de Basto\",\"description\":\"\",\"publisher\":{\"@id\":\"https:\/\/terrasdebasto.pt\/#organization\"},\"potentialAction\":[{\"@type\":\"SearchAction\",\"target\":{\"@type\":\"EntryPoint\",\"urlTemplate\":\"https:\/\/terrasdebasto.pt\/?s={search_term_string}\"},\"query-input\":{\"@type\":\"PropertyValueSpecification\",\"valueRequired\":true,\"valueName\":\"search_term_string\"}}],\"inLanguage\":\"pt-PT\"},{\"@type\":\"Organization\",\"@id\":\"https:\/\/terrasdebasto.pt\/#organization\",\"name\":\"Jornal Terras de Basto\",\"url\":\"https:\/\/terrasdebasto.pt\/\",\"logo\":{\"@type\":\"ImageObject\",\"inLanguage\":\"pt-PT\",\"@id\":\"https:\/\/terrasdebasto.pt\/#\/schema\/logo\/image\/\",\"url\":\"https:\/\/terrasdebasto.pt\/wp-content\/uploads\/2024\/06\/LogoNormal.png\",\"contentUrl\":\"https:\/\/terrasdebasto.pt\/wp-content\/uploads\/2024\/06\/LogoNormal.png\",\"width\":5638,\"height\":809,\"caption\":\"Jornal Terras de Basto\"},\"image\":{\"@id\":\"https:\/\/terrasdebasto.pt\/#\/schema\/logo\/image\/\"}},{\"@type\":\"Person\",\"@id\":\"https:\/\/terrasdebasto.pt\/#\/schema\/person\/9f6739f5394ac65c802641773b278b84\",\"name\":\"Jo\u00e3o Paulo Mesquita\",\"image\":{\"@type\":\"ImageObject\",\"inLanguage\":\"pt-PT\",\"@id\":\"https:\/\/terrasdebasto.pt\/#\/schema\/person\/image\/\",\"url\":\"https:\/\/secure.gravatar.com\/avatar\/9bd0f299e6d96336664aab64354168246a3ee3287c47891c50d450e47ed9d7f9?s=96&d=mm&r=g\",\"contentUrl\":\"https:\/\/secure.gravatar.com\/avatar\/9bd0f299e6d96336664aab64354168246a3ee3287c47891c50d450e47ed9d7f9?s=96&d=mm&r=g\",\"caption\":\"Jo\u00e3o Paulo Mesquita\"},\"url\":\"https:\/\/terrasdebasto.pt\/?author=7\"}]}<\/script>\n<!-- \/ Yoast SEO plugin. -->","yoast_head_json":{"title":"Socialistas de Mondim discordam do local para recolha de animais - Jornal Terras de Basto","description":"Os socialistas de Mondim de Basto discordam da escolha do local feita pelo presidente da C\u00e2mara Municipal para instalar um Centro de Recolha Oficial de Animais de Companhia, um processo decidido por despacho de Bruno Ferreira e posteriormente levado \u00e0 verea\u00e7\u00e3o para ratifica\u00e7\u00e3o, processo que teve o voto contr\u00e1rio dos vereadores do PS.","robots":{"index":"index","follow":"follow","max-snippet":"max-snippet:-1","max-image-preview":"max-image-preview:large","max-video-preview":"max-video-preview:-1"},"canonical":"https:\/\/terrasdebasto.pt\/?p=1315","og_locale":"pt_PT","og_type":"article","og_title":"Socialistas de Mondim discordam do local para recolha de animais - Jornal Terras de Basto","og_description":"Os socialistas de Mondim de Basto discordam da escolha do local feita pelo presidente da C\u00e2mara Municipal para instalar um Centro de Recolha Oficial de Animais de Companhia, um processo decidido por despacho de Bruno Ferreira e posteriormente levado \u00e0 verea\u00e7\u00e3o para ratifica\u00e7\u00e3o, processo que teve o voto contr\u00e1rio dos vereadores do PS.","og_url":"https:\/\/terrasdebasto.pt\/?p=1315","og_site_name":"Jornal Terras de Basto","article_published_time":"2024-08-17T00:56:38+00:00","article_modified_time":"2024-08-17T00:56:39+00:00","og_image":[{"width":931,"height":753,"url":"https:\/\/terrasdebasto.pt\/wp-content\/uploads\/2024\/08\/CRO-MONDIM.jpg","type":"image\/jpeg"}],"author":"Jo\u00e3o Paulo Mesquita","twitter_card":"summary_large_image","twitter_misc":{"Escrito por":"Jo\u00e3o Paulo Mesquita","Tempo estimado de leitura":"3 minutos"},"schema":{"@context":"https:\/\/schema.org","@graph":[{"@type":"Article","@id":"https:\/\/terrasdebasto.pt\/?p=1315#article","isPartOf":{"@id":"https:\/\/terrasdebasto.pt\/?p=1315"},"author":{"name":"Jo\u00e3o Paulo Mesquita","@id":"https:\/\/terrasdebasto.pt\/#\/schema\/person\/9f6739f5394ac65c802641773b278b84"},"headline":"Socialistas de Mondim discordam do local para recolha de animais","datePublished":"2024-08-17T00:56:38+00:00","dateModified":"2024-08-17T00:56:39+00:00","mainEntityOfPage":{"@id":"https:\/\/terrasdebasto.pt\/?p=1315"},"wordCount":415,"commentCount":0,"publisher":{"@id":"https:\/\/terrasdebasto.pt\/#organization"},"image":{"@id":"https:\/\/terrasdebasto.pt\/?p=1315#primaryimage"},"thumbnailUrl":"https:\/\/terrasdebasto.pt\/wp-content\/uploads\/2024\/08\/CRO-MONDIM.jpg","keywords":["Centro de Recolha de Animais","Mondim de Basto"],"articleSection":["Mondim de Basto"],"inLanguage":"pt-PT","potentialAction":[{"@type":"CommentAction","name":"Comment","target":["https:\/\/terrasdebasto.pt\/?p=1315#respond"]}]},{"@type":"WebPage","@id":"https:\/\/terrasdebasto.pt\/?p=1315","url":"https:\/\/terrasdebasto.pt\/?p=1315","name":"Socialistas de Mondim discordam do local para recolha de animais - Jornal Terras de Basto","isPartOf":{"@id":"https:\/\/terrasdebasto.pt\/#website"},"primaryImageOfPage":{"@id":"https:\/\/terrasdebasto.pt\/?p=1315#primaryimage"},"image":{"@id":"https:\/\/terrasdebasto.pt\/?p=1315#primaryimage"},"thumbnailUrl":"https:\/\/terrasdebasto.pt\/wp-content\/uploads\/2024\/08\/CRO-MONDIM.jpg","datePublished":"2024-08-17T00:56:38+00:00","dateModified":"2024-08-17T00:56:39+00:00","description":"Os socialistas de Mondim de Basto discordam da escolha do local feita pelo presidente da C\u00e2mara Municipal para instalar um Centro de Recolha Oficial de Animais de Companhia, um processo decidido por despacho de Bruno Ferreira e posteriormente levado \u00e0 verea\u00e7\u00e3o para ratifica\u00e7\u00e3o, processo que teve o voto contr\u00e1rio dos vereadores do PS.","breadcrumb":{"@id":"https:\/\/terrasdebasto.pt\/?p=1315#breadcrumb"},"inLanguage":"pt-PT","potentialAction":[{"@type":"ReadAction","target":["https:\/\/terrasdebasto.pt\/?p=1315"]}]},{"@type":"ImageObject","inLanguage":"pt-PT","@id":"https:\/\/terrasdebasto.pt\/?p=1315#primaryimage","url":"https:\/\/terrasdebasto.pt\/wp-content\/uploads\/2024\/08\/CRO-MONDIM.jpg","contentUrl":"https:\/\/terrasdebasto.pt\/wp-content\/uploads\/2024\/08\/CRO-MONDIM.jpg","width":931,"height":753},{"@type":"BreadcrumbList","@id":"https:\/\/terrasdebasto.pt\/?p=1315#breadcrumb","itemListElement":[{"@type":"ListItem","position":1,"name":"In\u00edcio","item":"https:\/\/terrasdebasto.pt\/"},{"@type":"ListItem","position":2,"name":"Socialistas de Mondim discordam do local para recolha de animais"}]},{"@type":"WebSite","@id":"https:\/\/terrasdebasto.pt\/#website","url":"https:\/\/terrasdebasto.pt\/","name":"Jornal Terras de Basto","description":"","publisher":{"@id":"https:\/\/terrasdebasto.pt\/#organization"},"potentialAction":[{"@type":"SearchAction","target":{"@type":"EntryPoint","urlTemplate":"https:\/\/terrasdebasto.pt\/?s={search_term_string}"},"query-input":{"@type":"PropertyValueSpecification","valueRequired":true,"valueName":"search_term_string"}}],"inLanguage":"pt-PT"},{"@type":"Organization","@id":"https:\/\/terrasdebasto.pt\/#organization","name":"Jornal Terras de Basto","url":"https:\/\/terrasdebasto.pt\/","logo":{"@type":"ImageObject","inLanguage":"pt-PT","@id":"https:\/\/terrasdebasto.pt\/#\/schema\/logo\/image\/","url":"https:\/\/terrasdebasto.pt\/wp-content\/uploads\/2024\/06\/LogoNormal.png","contentUrl":"https:\/\/terrasdebasto.pt\/wp-content\/uploads\/2024\/06\/LogoNormal.png","width":5638,"height":809,"caption":"Jornal Terras de Basto"},"image":{"@id":"https:\/\/terrasdebasto.pt\/#\/schema\/logo\/image\/"}},{"@type":"Person","@id":"https:\/\/terrasdebasto.pt\/#\/schema\/person\/9f6739f5394ac65c802641773b278b84","name":"Jo\u00e3o Paulo Mesquita","image":{"@type":"ImageObject","inLanguage":"pt-PT","@id":"https:\/\/terrasdebasto.pt\/#\/schema\/person\/image\/","url":"https:\/\/secure.gravatar.com\/avatar\/9bd0f299e6d96336664aab64354168246a3ee3287c47891c50d450e47ed9d7f9?s=96&d=mm&r=g","contentUrl":"https:\/\/secure.gravatar.com\/avatar\/9bd0f299e6d96336664aab64354168246a3ee3287c47891c50d450e47ed9d7f9?s=96&d=mm&r=g","caption":"Jo\u00e3o Paulo Mesquita"},"url":"https:\/\/terrasdebasto.pt\/?author=7"}]}},"_links":{"self":[{"href":"https:\/\/terrasdebasto.pt\/index.php?rest_route=\/wp\/v2\/posts\/1315","targetHints":{"allow":["GET"]}}],"collection":[{"href":"https:\/\/terrasdebasto.pt\/index.php?rest_route=\/wp\/v2\/posts"}],"about":[{"href":"https:\/\/terrasdebasto.pt\/index.php?rest_route=\/wp\/v2\/types\/post"}],"author":[{"embeddable":true,"href":"https:\/\/terrasdebasto.pt\/index.php?rest_route=\/wp\/v2\/users\/7"}],"replies":[{"embeddable":true,"href":"https:\/\/terrasdebasto.pt\/index.php?rest_route=%2Fwp%2Fv2%2Fcomments&post=1315"}],"version-history":[{"count":1,"href":"https:\/\/terrasdebasto.pt\/index.php?rest_route=\/wp\/v2\/posts\/1315\/revisions"}],"predecessor-version":[{"id":1317,"href":"https:\/\/terrasdebasto.pt\/index.php?rest_route=\/wp\/v2\/posts\/1315\/revisions\/1317"}],"wp:featuredmedia":[{"embeddable":true,"href":"https:\/\/terrasdebasto.pt\/index.php?rest_route=\/wp\/v2\/media\/1316"}],"wp:attachment":[{"href":"https:\/\/terrasdebasto.pt\/index.php?rest_route=%2Fwp%2Fv2%2Fmedia&parent=1315"}],"wp:term":[{"taxonomy":"category","embeddable":true,"href":"https:\/\/terrasdebasto.pt\/index.php?rest_route=%2Fwp%2Fv2%2Fcategories&post=1315"},{"taxonomy":"post_tag","embeddable":true,"href":"https:\/\/terrasdebasto.pt\/index.php?rest_route=%2Fwp%2Fv2%2Ftags&post=1315"}],"curies":[{"name":"wp","href":"https:\/\/api.w.org\/{rel}","templated":true}]}}