{"id":131,"date":"2024-06-14T09:47:44","date_gmt":"2024-06-14T09:47:44","guid":{"rendered":"http:\/\/tdi_216_9c2"},"modified":"2024-06-19T14:21:30","modified_gmt":"2024-06-19T14:21:30","slug":"exposing-fake-celebrity-philanthropy","status":"publish","type":"post","link":"https:\/\/terrasdebasto.pt\/?p=131","title":{"rendered":"Autarca de Mondim foi visitar comunidade em Diekirch"},"content":{"rendered":"<h3>\u00a0<\/h3>\n<p><span class=\"x193iq5w xeuugli x13faqbe x1vvkbs x1xmvt09 x1lliihq x1s928wv xhkezso x1gmr53x x1cpjm7i x1fgarty x1943h6x xudqn12 x3x7a5m x6prxxf xvq8zen xo1l8bm xzsf02u x1yc453h\" dir=\"auto\">A rela\u00e7\u00e3o de amizade do concelho de Mondim de Basto com a vila de Diekirch, no Luxemburgo, tem uma hist\u00f3ria que deve ser respeitada e valorizada, diz o presidente da autarquia mondinense, Bruno Ferreira, que visitou este fim-de-semana a comunidade portuguesa residente naquela localidade.<\/span><\/p>\n<p><span class=\"x193iq5w xeuugli x13faqbe x1vvkbs x1xmvt09 x1lliihq x1s928wv xhkezso x1gmr53x x1cpjm7i x1fgarty x1943h6x xudqn12 x3x7a5m x6prxxf xvq8zen xo1l8bm xzsf02u x1yc453h\" dir=\"auto\">Sublinha o autarca, a este prop\u00f3sito, que a comunidade mondinense, presente em todo o mundo, \u00abmerece o nosso respeito e considera\u00e7\u00e3o\u00bb, raz\u00e3o porque o munic\u00edpio est\u00e1 \u00absempre de bra\u00e7os abertos para os receber\u00bb. \u00abSomos todos mondinenses\u00bb, recorda.<\/span><\/p>\n<p><span class=\"x193iq5w xeuugli x13faqbe x1vvkbs x1xmvt09 x1lliihq x1s928wv xhkezso x1gmr53x x1cpjm7i x1fgarty x1943h6x xudqn12 x3x7a5m x6prxxf xvq8zen xo1l8bm xzsf02u x1yc453h\" dir=\"auto\">Na Comuna de Diekirch, Bruno Ferreira participei em \u00abdois momentos importantes\u00bb para a comunidade mondinense ali residente: dia 15, a inaugura\u00e7\u00e3o de uma escultura em granito amarelo de Mondim, um banco que ir\u00e1 perpetuar a presen\u00e7a de Mondim de Basto nos jardins de Diekirch; dia 16, numa iniciativa da \u201cAssocia\u00e7\u00e3o dos Amigos Mondinenses\u201d, que este ano contou com a presen\u00e7a e participa\u00e7\u00e3o do Grupo de Concertinas \u201cAmigos de Mondim\u201d.<\/span><\/p>\n<p>\u00a0<\/p>\n\n\n<center><iframe loading=\"lazy\" src=\"https:\/\/www.facebook.com\/plugins\/post.php?href=https%3A%2F%2Fwww.facebook.com%2Fpermalink.php%3Fstory_fbid%3D122149095638232145%26id%3D61556964370491&#038;show_text=true&#038;width=500\" width=\"500\" height=\"250\" style=\"border:none;overflow:hidden\" scrolling=\"no\" frameborder=\"0\" allowfullscreen=\"true\" allow=\"autoplay; clipboard-write; encrypted-media; picture-in-picture; web-share\"><\/iframe>\n","protected":false},"excerpt":{"rendered":"<p>\u00a0 A rela\u00e7\u00e3o de amizade do concelho de Mondim de Basto com a vila de Diekirch, no Luxemburgo, tem uma hist\u00f3ria que deve ser respeitada e valorizada, diz o presidente da autarquia mondinense, Bruno Ferreira, que visitou este fim-de-semana a comunidade portuguesa residente naquela localidade. Sublinha o autarca, a este prop\u00f3sito, que a comunidade mondinense, [&hellip;]<\/p>\n","protected":false},"author":2,"featured_media":232,"comment_status":"open","ping_status":"open","sticky":false,"template":"","format":"standard","meta":{"footnotes":""},"categories":[7,16],"tags":[],"class_list":{"0":"post-131","1":"post","2":"type-post","3":"status-publish","4":"format-standard","5":"has-post-thumbnail","7":"category-cultura","8":"category-mondim-de-basto"},"yoast_head":"<!-- This site is optimized with the Yoast SEO plugin v25.7 - https:\/\/yoast.com\/wordpress\/plugins\/seo\/ -->\n<title>Autarca de Mondim foi visitar comunidade em Diekirch - Jornal Terras de Basto<\/title>\n<meta name=\"robots\" content=\"index, follow, max-snippet:-1, max-image-preview:large, max-video-preview:-1\" \/>\n<link rel=\"canonical\" href=\"https:\/\/terrasdebasto.pt\/?p=131\" \/>\n<meta property=\"og:locale\" content=\"pt_PT\" \/>\n<meta property=\"og:type\" content=\"article\" \/>\n<meta property=\"og:title\" content=\"Autarca de Mondim foi visitar comunidade em Diekirch - Jornal Terras de Basto\" \/>\n<meta property=\"og:description\" content=\"\u00a0 A rela\u00e7\u00e3o de amizade do concelho de Mondim de Basto com a vila de Diekirch, no Luxemburgo, tem uma hist\u00f3ria que deve ser respeitada e valorizada, diz o presidente da autarquia mondinense, Bruno Ferreira, que visitou este fim-de-semana a comunidade portuguesa residente naquela localidade. Sublinha o autarca, a este prop\u00f3sito, que a comunidade mondinense, [&hellip;]\" \/>\n<meta property=\"og:url\" content=\"https:\/\/terrasdebasto.pt\/?p=131\" \/>\n<meta property=\"og:site_name\" content=\"Jornal Terras de Basto\" \/>\n<meta property=\"article:published_time\" content=\"2024-06-14T09:47:44+00:00\" \/>\n<meta property=\"article:modified_time\" content=\"2024-06-19T14:21:30+00:00\" \/>\n<meta property=\"og:image\" content=\"https:\/\/terrasdebasto.pt\/wp-content\/uploads\/2024\/06\/448549337_122149095836232145_3590862858345581442_n.jpg\" \/>\n\t<meta property=\"og:image:width\" content=\"1508\" \/>\n\t<meta property=\"og:image:height\" content=\"1087\" \/>\n\t<meta property=\"og:image:type\" content=\"image\/jpeg\" \/>\n<meta name=\"author\" content=\"addjornal\" \/>\n<meta name=\"twitter:card\" content=\"summary_large_image\" \/>\n<meta name=\"twitter:label1\" content=\"Escrito por\" \/>\n\t<meta name=\"twitter:data1\" content=\"addjornal\" \/>\n\t<meta name=\"twitter:label2\" content=\"Tempo estimado de leitura\" \/>\n\t<meta name=\"twitter:data2\" content=\"1 minuto\" \/>\n<script type=\"application\/ld+json\" class=\"yoast-schema-graph\">{\"@context\":\"https:\/\/schema.org\",\"@graph\":[{\"@type\":\"Article\",\"@id\":\"https:\/\/terrasdebasto.pt\/?p=131#article\",\"isPartOf\":{\"@id\":\"https:\/\/terrasdebasto.pt\/?p=131\"},\"author\":{\"name\":\"addjornal\",\"@id\":\"https:\/\/terrasdebasto.pt\/#\/schema\/person\/f149e6885841de810906b698e796ffaf\"},\"headline\":\"Autarca de Mondim foi visitar comunidade em Diekirch\",\"datePublished\":\"2024-06-14T09:47:44+00:00\",\"dateModified\":\"2024-06-19T14:21:30+00:00\",\"mainEntityOfPage\":{\"@id\":\"https:\/\/terrasdebasto.pt\/?p=131\"},\"wordCount\":168,\"commentCount\":0,\"publisher\":{\"@id\":\"https:\/\/terrasdebasto.pt\/#organization\"},\"image\":{\"@id\":\"https:\/\/terrasdebasto.pt\/?p=131#primaryimage\"},\"thumbnailUrl\":\"https:\/\/terrasdebasto.pt\/wp-content\/uploads\/2024\/06\/448549337_122149095836232145_3590862858345581442_n.jpg\",\"articleSection\":[\"Cultura\",\"Mondim de Basto\"],\"inLanguage\":\"pt-PT\",\"potentialAction\":[{\"@type\":\"CommentAction\",\"name\":\"Comment\",\"target\":[\"https:\/\/terrasdebasto.pt\/?p=131#respond\"]}]},{\"@type\":\"WebPage\",\"@id\":\"https:\/\/terrasdebasto.pt\/?p=131\",\"url\":\"https:\/\/terrasdebasto.pt\/?p=131\",\"name\":\"Autarca de Mondim foi visitar comunidade em Diekirch - Jornal Terras de Basto\",\"isPartOf\":{\"@id\":\"https:\/\/terrasdebasto.pt\/#website\"},\"primaryImageOfPage\":{\"@id\":\"https:\/\/terrasdebasto.pt\/?p=131#primaryimage\"},\"image\":{\"@id\":\"https:\/\/terrasdebasto.pt\/?p=131#primaryimage\"},\"thumbnailUrl\":\"https:\/\/terrasdebasto.pt\/wp-content\/uploads\/2024\/06\/448549337_122149095836232145_3590862858345581442_n.jpg\",\"datePublished\":\"2024-06-14T09:47:44+00:00\",\"dateModified\":\"2024-06-19T14:21:30+00:00\",\"breadcrumb\":{\"@id\":\"https:\/\/terrasdebasto.pt\/?p=131#breadcrumb\"},\"inLanguage\":\"pt-PT\",\"potentialAction\":[{\"@type\":\"ReadAction\",\"target\":[\"https:\/\/terrasdebasto.pt\/?p=131\"]}]},{\"@type\":\"ImageObject\",\"inLanguage\":\"pt-PT\",\"@id\":\"https:\/\/terrasdebasto.pt\/?p=131#primaryimage\",\"url\":\"https:\/\/terrasdebasto.pt\/wp-content\/uploads\/2024\/06\/448549337_122149095836232145_3590862858345581442_n.jpg\",\"contentUrl\":\"https:\/\/terrasdebasto.pt\/wp-content\/uploads\/2024\/06\/448549337_122149095836232145_3590862858345581442_n.jpg\",\"width\":1508,\"height\":1087},{\"@type\":\"BreadcrumbList\",\"@id\":\"https:\/\/terrasdebasto.pt\/?p=131#breadcrumb\",\"itemListElement\":[{\"@type\":\"ListItem\",\"position\":1,\"name\":\"In\u00edcio\",\"item\":\"https:\/\/terrasdebasto.pt\/\"},{\"@type\":\"ListItem\",\"position\":2,\"name\":\"Autarca de Mondim foi visitar comunidade em Diekirch\"}]},{\"@type\":\"WebSite\",\"@id\":\"https:\/\/terrasdebasto.pt\/#website\",\"url\":\"https:\/\/terrasdebasto.pt\/\",\"name\":\"Jornal Terras de Basto\",\"description\":\"\",\"publisher\":{\"@id\":\"https:\/\/terrasdebasto.pt\/#organization\"},\"potentialAction\":[{\"@type\":\"SearchAction\",\"target\":{\"@type\":\"EntryPoint\",\"urlTemplate\":\"https:\/\/terrasdebasto.pt\/?s={search_term_string}\"},\"query-input\":{\"@type\":\"PropertyValueSpecification\",\"valueRequired\":true,\"valueName\":\"search_term_string\"}}],\"inLanguage\":\"pt-PT\"},{\"@type\":\"Organization\",\"@id\":\"https:\/\/terrasdebasto.pt\/#organization\",\"name\":\"Jornal Terras de Basto\",\"url\":\"https:\/\/terrasdebasto.pt\/\",\"logo\":{\"@type\":\"ImageObject\",\"inLanguage\":\"pt-PT\",\"@id\":\"https:\/\/terrasdebasto.pt\/#\/schema\/logo\/image\/\",\"url\":\"https:\/\/terrasdebasto.pt\/wp-content\/uploads\/2024\/06\/LogoNormal.png\",\"contentUrl\":\"https:\/\/terrasdebasto.pt\/wp-content\/uploads\/2024\/06\/LogoNormal.png\",\"width\":5638,\"height\":809,\"caption\":\"Jornal Terras de Basto\"},\"image\":{\"@id\":\"https:\/\/terrasdebasto.pt\/#\/schema\/logo\/image\/\"}},{\"@type\":\"Person\",\"@id\":\"https:\/\/terrasdebasto.pt\/#\/schema\/person\/f149e6885841de810906b698e796ffaf\",\"name\":\"addjornal\",\"image\":{\"@type\":\"ImageObject\",\"inLanguage\":\"pt-PT\",\"@id\":\"https:\/\/terrasdebasto.pt\/#\/schema\/person\/image\/\",\"url\":\"https:\/\/secure.gravatar.com\/avatar\/2e5367a437686317c4cd184cb863b4793855bc14c94e104154a1dccfcfeb20ff?s=96&d=mm&r=g\",\"contentUrl\":\"https:\/\/secure.gravatar.com\/avatar\/2e5367a437686317c4cd184cb863b4793855bc14c94e104154a1dccfcfeb20ff?s=96&d=mm&r=g\",\"caption\":\"addjornal\"},\"url\":\"https:\/\/terrasdebasto.pt\/?author=2\"}]}<\/script>\n<!-- \/ Yoast SEO plugin. -->","yoast_head_json":{"title":"Autarca de Mondim foi visitar comunidade em Diekirch - Jornal Terras de Basto","robots":{"index":"index","follow":"follow","max-snippet":"max-snippet:-1","max-image-preview":"max-image-preview:large","max-video-preview":"max-video-preview:-1"},"canonical":"https:\/\/terrasdebasto.pt\/?p=131","og_locale":"pt_PT","og_type":"article","og_title":"Autarca de Mondim foi visitar comunidade em Diekirch - Jornal Terras de Basto","og_description":"\u00a0 A rela\u00e7\u00e3o de amizade do concelho de Mondim de Basto com a vila de Diekirch, no Luxemburgo, tem uma hist\u00f3ria que deve ser respeitada e valorizada, diz o presidente da autarquia mondinense, Bruno Ferreira, que visitou este fim-de-semana a comunidade portuguesa residente naquela localidade. Sublinha o autarca, a este prop\u00f3sito, que a comunidade mondinense, [&hellip;]","og_url":"https:\/\/terrasdebasto.pt\/?p=131","og_site_name":"Jornal Terras de Basto","article_published_time":"2024-06-14T09:47:44+00:00","article_modified_time":"2024-06-19T14:21:30+00:00","og_image":[{"width":1508,"height":1087,"url":"https:\/\/terrasdebasto.pt\/wp-content\/uploads\/2024\/06\/448549337_122149095836232145_3590862858345581442_n.jpg","type":"image\/jpeg"}],"author":"addjornal","twitter_card":"summary_large_image","twitter_misc":{"Escrito por":"addjornal","Tempo estimado de leitura":"1 minuto"},"schema":{"@context":"https:\/\/schema.org","@graph":[{"@type":"Article","@id":"https:\/\/terrasdebasto.pt\/?p=131#article","isPartOf":{"@id":"https:\/\/terrasdebasto.pt\/?p=131"},"author":{"name":"addjornal","@id":"https:\/\/terrasdebasto.pt\/#\/schema\/person\/f149e6885841de810906b698e796ffaf"},"headline":"Autarca de Mondim foi visitar comunidade em Diekirch","datePublished":"2024-06-14T09:47:44+00:00","dateModified":"2024-06-19T14:21:30+00:00","mainEntityOfPage":{"@id":"https:\/\/terrasdebasto.pt\/?p=131"},"wordCount":168,"commentCount":0,"publisher":{"@id":"https:\/\/terrasdebasto.pt\/#organization"},"image":{"@id":"https:\/\/terrasdebasto.pt\/?p=131#primaryimage"},"thumbnailUrl":"https:\/\/terrasdebasto.pt\/wp-content\/uploads\/2024\/06\/448549337_122149095836232145_3590862858345581442_n.jpg","articleSection":["Cultura","Mondim de Basto"],"inLanguage":"pt-PT","potentialAction":[{"@type":"CommentAction","name":"Comment","target":["https:\/\/terrasdebasto.pt\/?p=131#respond"]}]},{"@type":"WebPage","@id":"https:\/\/terrasdebasto.pt\/?p=131","url":"https:\/\/terrasdebasto.pt\/?p=131","name":"Autarca de Mondim foi visitar comunidade em Diekirch - Jornal Terras de Basto","isPartOf":{"@id":"https:\/\/terrasdebasto.pt\/#website"},"primaryImageOfPage":{"@id":"https:\/\/terrasdebasto.pt\/?p=131#primaryimage"},"image":{"@id":"https:\/\/terrasdebasto.pt\/?p=131#primaryimage"},"thumbnailUrl":"https:\/\/terrasdebasto.pt\/wp-content\/uploads\/2024\/06\/448549337_122149095836232145_3590862858345581442_n.jpg","datePublished":"2024-06-14T09:47:44+00:00","dateModified":"2024-06-19T14:21:30+00:00","breadcrumb":{"@id":"https:\/\/terrasdebasto.pt\/?p=131#breadcrumb"},"inLanguage":"pt-PT","potentialAction":[{"@type":"ReadAction","target":["https:\/\/terrasdebasto.pt\/?p=131"]}]},{"@type":"ImageObject","inLanguage":"pt-PT","@id":"https:\/\/terrasdebasto.pt\/?p=131#primaryimage","url":"https:\/\/terrasdebasto.pt\/wp-content\/uploads\/2024\/06\/448549337_122149095836232145_3590862858345581442_n.jpg","contentUrl":"https:\/\/terrasdebasto.pt\/wp-content\/uploads\/2024\/06\/448549337_122149095836232145_3590862858345581442_n.jpg","width":1508,"height":1087},{"@type":"BreadcrumbList","@id":"https:\/\/terrasdebasto.pt\/?p=131#breadcrumb","itemListElement":[{"@type":"ListItem","position":1,"name":"In\u00edcio","item":"https:\/\/terrasdebasto.pt\/"},{"@type":"ListItem","position":2,"name":"Autarca de Mondim foi visitar comunidade em Diekirch"}]},{"@type":"WebSite","@id":"https:\/\/terrasdebasto.pt\/#website","url":"https:\/\/terrasdebasto.pt\/","name":"Jornal Terras de Basto","description":"","publisher":{"@id":"https:\/\/terrasdebasto.pt\/#organization"},"potentialAction":[{"@type":"SearchAction","target":{"@type":"EntryPoint","urlTemplate":"https:\/\/terrasdebasto.pt\/?s={search_term_string}"},"query-input":{"@type":"PropertyValueSpecification","valueRequired":true,"valueName":"search_term_string"}}],"inLanguage":"pt-PT"},{"@type":"Organization","@id":"https:\/\/terrasdebasto.pt\/#organization","name":"Jornal Terras de Basto","url":"https:\/\/terrasdebasto.pt\/","logo":{"@type":"ImageObject","inLanguage":"pt-PT","@id":"https:\/\/terrasdebasto.pt\/#\/schema\/logo\/image\/","url":"https:\/\/terrasdebasto.pt\/wp-content\/uploads\/2024\/06\/LogoNormal.png","contentUrl":"https:\/\/terrasdebasto.pt\/wp-content\/uploads\/2024\/06\/LogoNormal.png","width":5638,"height":809,"caption":"Jornal Terras de Basto"},"image":{"@id":"https:\/\/terrasdebasto.pt\/#\/schema\/logo\/image\/"}},{"@type":"Person","@id":"https:\/\/terrasdebasto.pt\/#\/schema\/person\/f149e6885841de810906b698e796ffaf","name":"addjornal","image":{"@type":"ImageObject","inLanguage":"pt-PT","@id":"https:\/\/terrasdebasto.pt\/#\/schema\/person\/image\/","url":"https:\/\/secure.gravatar.com\/avatar\/2e5367a437686317c4cd184cb863b4793855bc14c94e104154a1dccfcfeb20ff?s=96&d=mm&r=g","contentUrl":"https:\/\/secure.gravatar.com\/avatar\/2e5367a437686317c4cd184cb863b4793855bc14c94e104154a1dccfcfeb20ff?s=96&d=mm&r=g","caption":"addjornal"},"url":"https:\/\/terrasdebasto.pt\/?author=2"}]}},"_links":{"self":[{"href":"https:\/\/terrasdebasto.pt\/index.php?rest_route=\/wp\/v2\/posts\/131","targetHints":{"allow":["GET"]}}],"collection":[{"href":"https:\/\/terrasdebasto.pt\/index.php?rest_route=\/wp\/v2\/posts"}],"about":[{"href":"https:\/\/terrasdebasto.pt\/index.php?rest_route=\/wp\/v2\/types\/post"}],"author":[{"embeddable":true,"href":"https:\/\/terrasdebasto.pt\/index.php?rest_route=\/wp\/v2\/users\/2"}],"replies":[{"embeddable":true,"href":"https:\/\/terrasdebasto.pt\/index.php?rest_route=%2Fwp%2Fv2%2Fcomments&post=131"}],"version-history":[{"count":2,"href":"https:\/\/terrasdebasto.pt\/index.php?rest_route=\/wp\/v2\/posts\/131\/revisions"}],"predecessor-version":[{"id":233,"href":"https:\/\/terrasdebasto.pt\/index.php?rest_route=\/wp\/v2\/posts\/131\/revisions\/233"}],"wp:featuredmedia":[{"embeddable":true,"href":"https:\/\/terrasdebasto.pt\/index.php?rest_route=\/wp\/v2\/media\/232"}],"wp:attachment":[{"href":"https:\/\/terrasdebasto.pt\/index.php?rest_route=%2Fwp%2Fv2%2Fmedia&parent=131"}],"wp:term":[{"taxonomy":"category","embeddable":true,"href":"https:\/\/terrasdebasto.pt\/index.php?rest_route=%2Fwp%2Fv2%2Fcategories&post=131"},{"taxonomy":"post_tag","embeddable":true,"href":"https:\/\/terrasdebasto.pt\/index.php?rest_route=%2Fwp%2Fv2%2Ftags&post=131"}],"curies":[{"name":"wp","href":"https:\/\/api.w.org\/{rel}","templated":true}]}}