{"id":1300,"date":"2024-08-16T01:30:01","date_gmt":"2024-08-16T01:30:01","guid":{"rendered":"https:\/\/terrasdebasto.pt\/?p=1300"},"modified":"2024-08-16T01:30:01","modified_gmt":"2024-08-16T01:30:01","slug":"vejam-o-estado-do-parque-de-merendas-de-chacim-diz-coligacao-psd-cds","status":"publish","type":"post","link":"https:\/\/terrasdebasto.pt\/?p=1300","title":{"rendered":"Vejam o estado do parque de merendas de Chacim \u2013 diz coliga\u00e7\u00e3o PSD\/CDS"},"content":{"rendered":"\n<p><strong>A coliga\u00e7\u00e3o \u201cFazer Diferente\u201d na autarquia de Refojos, Outeiro e Painzela veio agora a p\u00fablico denunciar o estado de abandono em que se encontra o Parque de Merendas e Lazer de Chacim.<\/strong><\/p>\n\n\n\n<p>Em publica\u00e7\u00e3o nas suas redes sociais, a que anexa v\u00e1rias fotografias a mostrar o que resta do equipamento em causa, a estrutura pol\u00edtica que junta PSD e CDS diz que este \u00ab\u00e9 mais um perfeito exemplo do que \u00e9 a governa\u00e7\u00e3o socialista, quer na uni\u00e3o de freguesias, quer na c\u00e2mara municipal\u00bb.<\/p>\n\n\n\n<p>\u00abPlaneamento n\u00e3o existe; faz-se uso do dinheiro dos cabeceirenses sem qualquer rigor; nem cuidar das infraestruturas que constroem s\u00e3o capazes de fazer\u00bb, l\u00ea-se na publica\u00e7\u00e3o.<\/p>\n\n\n\n<p>Sociais-democratas e centristas \u2013 liderados por Teresa Mamede, que corporizou a mais recente candidatura nesta autarquia \u2013 lembram que a primeira fase do parque de merendas em causa ficou conclu\u00edda em agosto de 2021, \u00abcuriosamente, no m\u00eas anterior \u00e0s \u00faltimas aut\u00e1rquicas\u00bb.<\/p>\n\n\n\n<p>A C\u00e2mara Municipal de Cabeceiras de Basto, dona da obra, anunciava ent\u00e3o uma segunda fase, para a qual anunciava \u00abum parque infantil, a instala\u00e7\u00e3o da rede de \u00e1gua e a constru\u00e7\u00e3o de uma churrasqueira\u00bb.<\/p>\n\n\n\n<p>\u00abTr\u00eas anos ap\u00f3s a sua constru\u00e7\u00e3o, o Parque de Merendas e Lazer de Chacim est\u00e1 como as fotografias demonstram\u00bb, conclui a coliga\u00e7\u00e3o eleitoral. [Reda\u00e7\u00e3o].<\/p>\n\n\n\n<figure class=\"wp-block-gallery has-nested-images columns-default is-cropped wp-block-gallery-1 is-layout-flex wp-block-gallery-is-layout-flex\">\n<figure class=\"wp-block-image size-large\"><img loading=\"lazy\" decoding=\"async\" width=\"640\" height=\"649\" data-id=\"1302\" src=\"https:\/\/terrasdebasto.pt\/wp-content\/uploads\/2024\/08\/101-2.jpg\" alt=\"\" class=\"wp-image-1302\" srcset=\"https:\/\/terrasdebasto.pt\/wp-content\/uploads\/2024\/08\/101-2.jpg 640w, https:\/\/terrasdebasto.pt\/wp-content\/uploads\/2024\/08\/101-2-296x300.jpg 296w, https:\/\/terrasdebasto.pt\/wp-content\/uploads\/2024\/08\/101-2-150x152.jpg 150w, https:\/\/terrasdebasto.pt\/wp-content\/uploads\/2024\/08\/101-2-300x304.jpg 300w\" sizes=\"auto, (max-width: 640px) 100vw, 640px\" \/><\/figure>\n<\/figure>\n\n\n\n<figure class=\"wp-block-gallery has-nested-images columns-default is-cropped wp-block-gallery-2 is-layout-flex wp-block-gallery-is-layout-flex\">\n<figure class=\"wp-block-image size-large\"><img loading=\"lazy\" decoding=\"async\" width=\"640\" height=\"643\" data-id=\"1303\" src=\"https:\/\/terrasdebasto.pt\/wp-content\/uploads\/2024\/08\/102-2.jpg\" alt=\"\" class=\"wp-image-1303\" srcset=\"https:\/\/terrasdebasto.pt\/wp-content\/uploads\/2024\/08\/102-2.jpg 640w, https:\/\/terrasdebasto.pt\/wp-content\/uploads\/2024\/08\/102-2-300x301.jpg 300w, https:\/\/terrasdebasto.pt\/wp-content\/uploads\/2024\/08\/102-2-150x151.jpg 150w\" sizes=\"auto, (max-width: 640px) 100vw, 640px\" \/><\/figure>\n<\/figure>\n\n\n\n<figure class=\"wp-block-gallery has-nested-images columns-default is-cropped wp-block-gallery-3 is-layout-flex wp-block-gallery-is-layout-flex\">\n<figure class=\"wp-block-image size-large\"><img loading=\"lazy\" decoding=\"async\" width=\"640\" height=\"667\" data-id=\"1304\" src=\"https:\/\/terrasdebasto.pt\/wp-content\/uploads\/2024\/08\/103-2.jpg\" alt=\"\" class=\"wp-image-1304\" srcset=\"https:\/\/terrasdebasto.pt\/wp-content\/uploads\/2024\/08\/103-2.jpg 640w, https:\/\/terrasdebasto.pt\/wp-content\/uploads\/2024\/08\/103-2-288x300.jpg 288w, https:\/\/terrasdebasto.pt\/wp-content\/uploads\/2024\/08\/103-2-150x156.jpg 150w, https:\/\/terrasdebasto.pt\/wp-content\/uploads\/2024\/08\/103-2-300x313.jpg 300w\" sizes=\"auto, (max-width: 640px) 100vw, 640px\" \/><\/figure>\n<\/figure>\n\n\n\n<figure class=\"wp-block-gallery has-nested-images columns-default is-cropped wp-block-gallery-4 is-layout-flex wp-block-gallery-is-layout-flex\">\n<figure class=\"wp-block-image size-large\"><img loading=\"lazy\" decoding=\"async\" width=\"1024\" height=\"590\" data-id=\"1305\" src=\"https:\/\/terrasdebasto.pt\/wp-content\/uploads\/2024\/08\/104-2-1024x590.jpg\" alt=\"\" class=\"wp-image-1305\" srcset=\"https:\/\/terrasdebasto.pt\/wp-content\/uploads\/2024\/08\/104-2-1024x590.jpg 1024w, https:\/\/terrasdebasto.pt\/wp-content\/uploads\/2024\/08\/104-2-300x173.jpg 300w, https:\/\/terrasdebasto.pt\/wp-content\/uploads\/2024\/08\/104-2-768x442.jpg 768w, https:\/\/terrasdebasto.pt\/wp-content\/uploads\/2024\/08\/104-2-150x86.jpg 150w, https:\/\/terrasdebasto.pt\/wp-content\/uploads\/2024\/08\/104-2-696x401.jpg 696w, https:\/\/terrasdebasto.pt\/wp-content\/uploads\/2024\/08\/104-2-1068x615.jpg 1068w, https:\/\/terrasdebasto.pt\/wp-content\/uploads\/2024\/08\/104-2.jpg 1111w\" sizes=\"auto, (max-width: 1024px) 100vw, 1024px\" \/><\/figure>\n<\/figure>\n","protected":false},"excerpt":{"rendered":"<p>A coliga\u00e7\u00e3o \u201cFazer Diferente\u201d na autarquia de Refojos, Outeiro e Painzela veio agora a p\u00fablico denunciar o estado de abandono em que se encontra o Parque de Merendas e Lazer de Chacim. Em publica\u00e7\u00e3o nas suas redes sociais, a que anexa v\u00e1rias fotografias a mostrar o que resta do equipamento em causa, a estrutura pol\u00edtica [&hellip;]<\/p>\n","protected":false},"author":7,"featured_media":1301,"comment_status":"open","ping_status":"open","sticky":false,"template":"","format":"standard","meta":{"footnotes":""},"categories":[12],"tags":[324],"class_list":{"0":"post-1300","1":"post","2":"type-post","3":"status-publish","4":"format-standard","5":"has-post-thumbnail","7":"category-cabeceiras-de-basto","8":"tag-parque-de-merendas-e-de-lazer-de-chacim"},"yoast_head":"<!-- This site is optimized with the Yoast SEO plugin v25.7 - https:\/\/yoast.com\/wordpress\/plugins\/seo\/ -->\n<title>Vejam o estado do parque de merendas de Chacim \u2013 diz coliga\u00e7\u00e3o PSD\/CDS - Jornal Terras de Basto<\/title>\n<meta name=\"description\" content=\"A coliga\u00e7\u00e3o \u201cFazer Diferente\u201d na autarquia de Refojos, Outeiro e Painzela veio agora a p\u00fablico denunciar o estado de abandono em que se encontra o Parque de Merendas e Lazer de Chacim. Em publica\u00e7\u00e3o nas suas redes sociais, a que anexa v\u00e1rias fotografias a mostrar o que resta do equipamento em causa, a estrutura pol\u00edtica que junta PSD e CDS diz que este \u00ab\u00e9 mais um perfeito exemplo do que \u00e9 a governa\u00e7\u00e3o socialista, quer na uni\u00e3o de freguesias, quer na c\u00e2mara municipal\u00bb.\" \/>\n<meta name=\"robots\" content=\"index, follow, max-snippet:-1, max-image-preview:large, max-video-preview:-1\" \/>\n<link rel=\"canonical\" href=\"https:\/\/terrasdebasto.pt\/?p=1300\" \/>\n<meta property=\"og:locale\" content=\"pt_PT\" \/>\n<meta property=\"og:type\" content=\"article\" \/>\n<meta property=\"og:title\" content=\"Vejam o estado do parque de merendas de Chacim \u2013 diz coliga\u00e7\u00e3o PSD\/CDS - Jornal Terras de Basto\" \/>\n<meta property=\"og:description\" content=\"A coliga\u00e7\u00e3o \u201cFazer Diferente\u201d na autarquia de Refojos, Outeiro e Painzela veio agora a p\u00fablico denunciar o estado de abandono em que se encontra o Parque de Merendas e Lazer de Chacim. Em publica\u00e7\u00e3o nas suas redes sociais, a que anexa v\u00e1rias fotografias a mostrar o que resta do equipamento em causa, a estrutura pol\u00edtica que junta PSD e CDS diz que este \u00ab\u00e9 mais um perfeito exemplo do que \u00e9 a governa\u00e7\u00e3o socialista, quer na uni\u00e3o de freguesias, quer na c\u00e2mara municipal\u00bb.\" \/>\n<meta property=\"og:url\" content=\"https:\/\/terrasdebasto.pt\/?p=1300\" \/>\n<meta property=\"og:site_name\" content=\"Jornal Terras de Basto\" \/>\n<meta property=\"article:published_time\" content=\"2024-08-16T01:30:01+00:00\" \/>\n<meta property=\"og:image\" content=\"https:\/\/terrasdebasto.pt\/wp-content\/uploads\/2024\/08\/100-2.jpg\" \/>\n\t<meta property=\"og:image:width\" content=\"640\" \/>\n\t<meta property=\"og:image:height\" content=\"636\" \/>\n\t<meta property=\"og:image:type\" content=\"image\/jpeg\" \/>\n<meta name=\"author\" content=\"Jo\u00e3o Paulo Mesquita\" \/>\n<meta name=\"twitter:card\" content=\"summary_large_image\" \/>\n<meta name=\"twitter:label1\" content=\"Escrito por\" \/>\n\t<meta name=\"twitter:data1\" content=\"Jo\u00e3o Paulo Mesquita\" \/>\n\t<meta name=\"twitter:label2\" content=\"Tempo estimado de leitura\" \/>\n\t<meta name=\"twitter:data2\" content=\"3 minutos\" \/>\n<script type=\"application\/ld+json\" class=\"yoast-schema-graph\">{\"@context\":\"https:\/\/schema.org\",\"@graph\":[{\"@type\":\"Article\",\"@id\":\"https:\/\/terrasdebasto.pt\/?p=1300#article\",\"isPartOf\":{\"@id\":\"https:\/\/terrasdebasto.pt\/?p=1300\"},\"author\":{\"name\":\"Jo\u00e3o Paulo Mesquita\",\"@id\":\"https:\/\/terrasdebasto.pt\/#\/schema\/person\/9f6739f5394ac65c802641773b278b84\"},\"headline\":\"Vejam o estado do parque de merendas de Chacim \u2013 diz coliga\u00e7\u00e3o PSD\/CDS\",\"datePublished\":\"2024-08-16T01:30:01+00:00\",\"mainEntityOfPage\":{\"@id\":\"https:\/\/terrasdebasto.pt\/?p=1300\"},\"wordCount\":240,\"commentCount\":0,\"publisher\":{\"@id\":\"https:\/\/terrasdebasto.pt\/#organization\"},\"image\":{\"@id\":\"https:\/\/terrasdebasto.pt\/?p=1300#primaryimage\"},\"thumbnailUrl\":\"https:\/\/terrasdebasto.pt\/wp-content\/uploads\/2024\/08\/100-2.jpg\",\"keywords\":[\"Parque de Merendas e de Lazer de Chacim\"],\"articleSection\":[\"Cabeceiras de Basto\"],\"inLanguage\":\"pt-PT\",\"potentialAction\":[{\"@type\":\"CommentAction\",\"name\":\"Comment\",\"target\":[\"https:\/\/terrasdebasto.pt\/?p=1300#respond\"]}]},{\"@type\":\"WebPage\",\"@id\":\"https:\/\/terrasdebasto.pt\/?p=1300\",\"url\":\"https:\/\/terrasdebasto.pt\/?p=1300\",\"name\":\"Vejam o estado do parque de merendas de Chacim \u2013 diz coliga\u00e7\u00e3o PSD\/CDS - Jornal Terras de Basto\",\"isPartOf\":{\"@id\":\"https:\/\/terrasdebasto.pt\/#website\"},\"primaryImageOfPage\":{\"@id\":\"https:\/\/terrasdebasto.pt\/?p=1300#primaryimage\"},\"image\":{\"@id\":\"https:\/\/terrasdebasto.pt\/?p=1300#primaryimage\"},\"thumbnailUrl\":\"https:\/\/terrasdebasto.pt\/wp-content\/uploads\/2024\/08\/100-2.jpg\",\"datePublished\":\"2024-08-16T01:30:01+00:00\",\"description\":\"A coliga\u00e7\u00e3o \u201cFazer Diferente\u201d na autarquia de Refojos, Outeiro e Painzela veio agora a p\u00fablico denunciar o estado de abandono em que se encontra o Parque de Merendas e Lazer de Chacim. Em publica\u00e7\u00e3o nas suas redes sociais, a que anexa v\u00e1rias fotografias a mostrar o que resta do equipamento em causa, a estrutura pol\u00edtica que junta PSD e CDS diz que este \u00ab\u00e9 mais um perfeito exemplo do que \u00e9 a governa\u00e7\u00e3o socialista, quer na uni\u00e3o de freguesias, quer na c\u00e2mara municipal\u00bb.\",\"breadcrumb\":{\"@id\":\"https:\/\/terrasdebasto.pt\/?p=1300#breadcrumb\"},\"inLanguage\":\"pt-PT\",\"potentialAction\":[{\"@type\":\"ReadAction\",\"target\":[\"https:\/\/terrasdebasto.pt\/?p=1300\"]}]},{\"@type\":\"ImageObject\",\"inLanguage\":\"pt-PT\",\"@id\":\"https:\/\/terrasdebasto.pt\/?p=1300#primaryimage\",\"url\":\"https:\/\/terrasdebasto.pt\/wp-content\/uploads\/2024\/08\/100-2.jpg\",\"contentUrl\":\"https:\/\/terrasdebasto.pt\/wp-content\/uploads\/2024\/08\/100-2.jpg\",\"width\":640,\"height\":636},{\"@type\":\"BreadcrumbList\",\"@id\":\"https:\/\/terrasdebasto.pt\/?p=1300#breadcrumb\",\"itemListElement\":[{\"@type\":\"ListItem\",\"position\":1,\"name\":\"In\u00edcio\",\"item\":\"https:\/\/terrasdebasto.pt\/\"},{\"@type\":\"ListItem\",\"position\":2,\"name\":\"Vejam o estado do parque de merendas de Chacim \u2013 diz coliga\u00e7\u00e3o PSD\/CDS\"}]},{\"@type\":\"WebSite\",\"@id\":\"https:\/\/terrasdebasto.pt\/#website\",\"url\":\"https:\/\/terrasdebasto.pt\/\",\"name\":\"Jornal Terras de Basto\",\"description\":\"\",\"publisher\":{\"@id\":\"https:\/\/terrasdebasto.pt\/#organization\"},\"potentialAction\":[{\"@type\":\"SearchAction\",\"target\":{\"@type\":\"EntryPoint\",\"urlTemplate\":\"https:\/\/terrasdebasto.pt\/?s={search_term_string}\"},\"query-input\":{\"@type\":\"PropertyValueSpecification\",\"valueRequired\":true,\"valueName\":\"search_term_string\"}}],\"inLanguage\":\"pt-PT\"},{\"@type\":\"Organization\",\"@id\":\"https:\/\/terrasdebasto.pt\/#organization\",\"name\":\"Jornal Terras de Basto\",\"url\":\"https:\/\/terrasdebasto.pt\/\",\"logo\":{\"@type\":\"ImageObject\",\"inLanguage\":\"pt-PT\",\"@id\":\"https:\/\/terrasdebasto.pt\/#\/schema\/logo\/image\/\",\"url\":\"https:\/\/terrasdebasto.pt\/wp-content\/uploads\/2024\/06\/LogoNormal.png\",\"contentUrl\":\"https:\/\/terrasdebasto.pt\/wp-content\/uploads\/2024\/06\/LogoNormal.png\",\"width\":5638,\"height\":809,\"caption\":\"Jornal Terras de Basto\"},\"image\":{\"@id\":\"https:\/\/terrasdebasto.pt\/#\/schema\/logo\/image\/\"}},{\"@type\":\"Person\",\"@id\":\"https:\/\/terrasdebasto.pt\/#\/schema\/person\/9f6739f5394ac65c802641773b278b84\",\"name\":\"Jo\u00e3o Paulo Mesquita\",\"image\":{\"@type\":\"ImageObject\",\"inLanguage\":\"pt-PT\",\"@id\":\"https:\/\/terrasdebasto.pt\/#\/schema\/person\/image\/\",\"url\":\"https:\/\/secure.gravatar.com\/avatar\/9bd0f299e6d96336664aab64354168246a3ee3287c47891c50d450e47ed9d7f9?s=96&d=mm&r=g\",\"contentUrl\":\"https:\/\/secure.gravatar.com\/avatar\/9bd0f299e6d96336664aab64354168246a3ee3287c47891c50d450e47ed9d7f9?s=96&d=mm&r=g\",\"caption\":\"Jo\u00e3o Paulo Mesquita\"},\"url\":\"https:\/\/terrasdebasto.pt\/?author=7\"}]}<\/script>\n<!-- \/ Yoast SEO plugin. -->","yoast_head_json":{"title":"Vejam o estado do parque de merendas de Chacim \u2013 diz coliga\u00e7\u00e3o PSD\/CDS - Jornal Terras de Basto","description":"A coliga\u00e7\u00e3o \u201cFazer Diferente\u201d na autarquia de Refojos, Outeiro e Painzela veio agora a p\u00fablico denunciar o estado de abandono em que se encontra o Parque de Merendas e Lazer de Chacim. Em publica\u00e7\u00e3o nas suas redes sociais, a que anexa v\u00e1rias fotografias a mostrar o que resta do equipamento em causa, a estrutura pol\u00edtica que junta PSD e CDS diz que este \u00ab\u00e9 mais um perfeito exemplo do que \u00e9 a governa\u00e7\u00e3o socialista, quer na uni\u00e3o de freguesias, quer na c\u00e2mara municipal\u00bb.","robots":{"index":"index","follow":"follow","max-snippet":"max-snippet:-1","max-image-preview":"max-image-preview:large","max-video-preview":"max-video-preview:-1"},"canonical":"https:\/\/terrasdebasto.pt\/?p=1300","og_locale":"pt_PT","og_type":"article","og_title":"Vejam o estado do parque de merendas de Chacim \u2013 diz coliga\u00e7\u00e3o PSD\/CDS - Jornal Terras de Basto","og_description":"A coliga\u00e7\u00e3o \u201cFazer Diferente\u201d na autarquia de Refojos, Outeiro e Painzela veio agora a p\u00fablico denunciar o estado de abandono em que se encontra o Parque de Merendas e Lazer de Chacim. Em publica\u00e7\u00e3o nas suas redes sociais, a que anexa v\u00e1rias fotografias a mostrar o que resta do equipamento em causa, a estrutura pol\u00edtica que junta PSD e CDS diz que este \u00ab\u00e9 mais um perfeito exemplo do que \u00e9 a governa\u00e7\u00e3o socialista, quer na uni\u00e3o de freguesias, quer na c\u00e2mara municipal\u00bb.","og_url":"https:\/\/terrasdebasto.pt\/?p=1300","og_site_name":"Jornal Terras de Basto","article_published_time":"2024-08-16T01:30:01+00:00","og_image":[{"width":640,"height":636,"url":"https:\/\/terrasdebasto.pt\/wp-content\/uploads\/2024\/08\/100-2.jpg","type":"image\/jpeg"}],"author":"Jo\u00e3o Paulo Mesquita","twitter_card":"summary_large_image","twitter_misc":{"Escrito por":"Jo\u00e3o Paulo Mesquita","Tempo estimado de leitura":"3 minutos"},"schema":{"@context":"https:\/\/schema.org","@graph":[{"@type":"Article","@id":"https:\/\/terrasdebasto.pt\/?p=1300#article","isPartOf":{"@id":"https:\/\/terrasdebasto.pt\/?p=1300"},"author":{"name":"Jo\u00e3o Paulo Mesquita","@id":"https:\/\/terrasdebasto.pt\/#\/schema\/person\/9f6739f5394ac65c802641773b278b84"},"headline":"Vejam o estado do parque de merendas de Chacim \u2013 diz coliga\u00e7\u00e3o PSD\/CDS","datePublished":"2024-08-16T01:30:01+00:00","mainEntityOfPage":{"@id":"https:\/\/terrasdebasto.pt\/?p=1300"},"wordCount":240,"commentCount":0,"publisher":{"@id":"https:\/\/terrasdebasto.pt\/#organization"},"image":{"@id":"https:\/\/terrasdebasto.pt\/?p=1300#primaryimage"},"thumbnailUrl":"https:\/\/terrasdebasto.pt\/wp-content\/uploads\/2024\/08\/100-2.jpg","keywords":["Parque de Merendas e de Lazer de Chacim"],"articleSection":["Cabeceiras de Basto"],"inLanguage":"pt-PT","potentialAction":[{"@type":"CommentAction","name":"Comment","target":["https:\/\/terrasdebasto.pt\/?p=1300#respond"]}]},{"@type":"WebPage","@id":"https:\/\/terrasdebasto.pt\/?p=1300","url":"https:\/\/terrasdebasto.pt\/?p=1300","name":"Vejam o estado do parque de merendas de Chacim \u2013 diz coliga\u00e7\u00e3o PSD\/CDS - Jornal Terras de Basto","isPartOf":{"@id":"https:\/\/terrasdebasto.pt\/#website"},"primaryImageOfPage":{"@id":"https:\/\/terrasdebasto.pt\/?p=1300#primaryimage"},"image":{"@id":"https:\/\/terrasdebasto.pt\/?p=1300#primaryimage"},"thumbnailUrl":"https:\/\/terrasdebasto.pt\/wp-content\/uploads\/2024\/08\/100-2.jpg","datePublished":"2024-08-16T01:30:01+00:00","description":"A coliga\u00e7\u00e3o \u201cFazer Diferente\u201d na autarquia de Refojos, Outeiro e Painzela veio agora a p\u00fablico denunciar o estado de abandono em que se encontra o Parque de Merendas e Lazer de Chacim. Em publica\u00e7\u00e3o nas suas redes sociais, a que anexa v\u00e1rias fotografias a mostrar o que resta do equipamento em causa, a estrutura pol\u00edtica que junta PSD e CDS diz que este \u00ab\u00e9 mais um perfeito exemplo do que \u00e9 a governa\u00e7\u00e3o socialista, quer na uni\u00e3o de freguesias, quer na c\u00e2mara municipal\u00bb.","breadcrumb":{"@id":"https:\/\/terrasdebasto.pt\/?p=1300#breadcrumb"},"inLanguage":"pt-PT","potentialAction":[{"@type":"ReadAction","target":["https:\/\/terrasdebasto.pt\/?p=1300"]}]},{"@type":"ImageObject","inLanguage":"pt-PT","@id":"https:\/\/terrasdebasto.pt\/?p=1300#primaryimage","url":"https:\/\/terrasdebasto.pt\/wp-content\/uploads\/2024\/08\/100-2.jpg","contentUrl":"https:\/\/terrasdebasto.pt\/wp-content\/uploads\/2024\/08\/100-2.jpg","width":640,"height":636},{"@type":"BreadcrumbList","@id":"https:\/\/terrasdebasto.pt\/?p=1300#breadcrumb","itemListElement":[{"@type":"ListItem","position":1,"name":"In\u00edcio","item":"https:\/\/terrasdebasto.pt\/"},{"@type":"ListItem","position":2,"name":"Vejam o estado do parque de merendas de Chacim \u2013 diz coliga\u00e7\u00e3o PSD\/CDS"}]},{"@type":"WebSite","@id":"https:\/\/terrasdebasto.pt\/#website","url":"https:\/\/terrasdebasto.pt\/","name":"Jornal Terras de Basto","description":"","publisher":{"@id":"https:\/\/terrasdebasto.pt\/#organization"},"potentialAction":[{"@type":"SearchAction","target":{"@type":"EntryPoint","urlTemplate":"https:\/\/terrasdebasto.pt\/?s={search_term_string}"},"query-input":{"@type":"PropertyValueSpecification","valueRequired":true,"valueName":"search_term_string"}}],"inLanguage":"pt-PT"},{"@type":"Organization","@id":"https:\/\/terrasdebasto.pt\/#organization","name":"Jornal Terras de Basto","url":"https:\/\/terrasdebasto.pt\/","logo":{"@type":"ImageObject","inLanguage":"pt-PT","@id":"https:\/\/terrasdebasto.pt\/#\/schema\/logo\/image\/","url":"https:\/\/terrasdebasto.pt\/wp-content\/uploads\/2024\/06\/LogoNormal.png","contentUrl":"https:\/\/terrasdebasto.pt\/wp-content\/uploads\/2024\/06\/LogoNormal.png","width":5638,"height":809,"caption":"Jornal Terras de Basto"},"image":{"@id":"https:\/\/terrasdebasto.pt\/#\/schema\/logo\/image\/"}},{"@type":"Person","@id":"https:\/\/terrasdebasto.pt\/#\/schema\/person\/9f6739f5394ac65c802641773b278b84","name":"Jo\u00e3o Paulo Mesquita","image":{"@type":"ImageObject","inLanguage":"pt-PT","@id":"https:\/\/terrasdebasto.pt\/#\/schema\/person\/image\/","url":"https:\/\/secure.gravatar.com\/avatar\/9bd0f299e6d96336664aab64354168246a3ee3287c47891c50d450e47ed9d7f9?s=96&d=mm&r=g","contentUrl":"https:\/\/secure.gravatar.com\/avatar\/9bd0f299e6d96336664aab64354168246a3ee3287c47891c50d450e47ed9d7f9?s=96&d=mm&r=g","caption":"Jo\u00e3o Paulo Mesquita"},"url":"https:\/\/terrasdebasto.pt\/?author=7"}]}},"_links":{"self":[{"href":"https:\/\/terrasdebasto.pt\/index.php?rest_route=\/wp\/v2\/posts\/1300","targetHints":{"allow":["GET"]}}],"collection":[{"href":"https:\/\/terrasdebasto.pt\/index.php?rest_route=\/wp\/v2\/posts"}],"about":[{"href":"https:\/\/terrasdebasto.pt\/index.php?rest_route=\/wp\/v2\/types\/post"}],"author":[{"embeddable":true,"href":"https:\/\/terrasdebasto.pt\/index.php?rest_route=\/wp\/v2\/users\/7"}],"replies":[{"embeddable":true,"href":"https:\/\/terrasdebasto.pt\/index.php?rest_route=%2Fwp%2Fv2%2Fcomments&post=1300"}],"version-history":[{"count":1,"href":"https:\/\/terrasdebasto.pt\/index.php?rest_route=\/wp\/v2\/posts\/1300\/revisions"}],"predecessor-version":[{"id":1306,"href":"https:\/\/terrasdebasto.pt\/index.php?rest_route=\/wp\/v2\/posts\/1300\/revisions\/1306"}],"wp:featuredmedia":[{"embeddable":true,"href":"https:\/\/terrasdebasto.pt\/index.php?rest_route=\/wp\/v2\/media\/1301"}],"wp:attachment":[{"href":"https:\/\/terrasdebasto.pt\/index.php?rest_route=%2Fwp%2Fv2%2Fmedia&parent=1300"}],"wp:term":[{"taxonomy":"category","embeddable":true,"href":"https:\/\/terrasdebasto.pt\/index.php?rest_route=%2Fwp%2Fv2%2Fcategories&post=1300"},{"taxonomy":"post_tag","embeddable":true,"href":"https:\/\/terrasdebasto.pt\/index.php?rest_route=%2Fwp%2Fv2%2Ftags&post=1300"}],"curies":[{"name":"wp","href":"https:\/\/api.w.org\/{rel}","templated":true}]}}