{"id":1294,"date":"2024-08-16T00:27:59","date_gmt":"2024-08-16T00:27:59","guid":{"rendered":"https:\/\/terrasdebasto.pt\/?p=1294"},"modified":"2024-08-16T00:27:59","modified_gmt":"2024-08-16T00:27:59","slug":"sapadores-florestais-com-dinheiro-para-equipamento","status":"publish","type":"post","link":"https:\/\/terrasdebasto.pt\/?p=1294","title":{"rendered":"Sapadores florestais com dinheiro para equipamento"},"content":{"rendered":"\n<p><strong>O Governo anunciou esta quinta-feira (15) um refor\u00e7o de 1,5 milh\u00f5es de euros para equipamento de prote\u00e7\u00e3o pessoal dos sapadores florestais, pretendendo com isso garantir maior seguran\u00e7a no combate a inc\u00eandios. Segundo o comunicado do Minist\u00e9rio do Ambiente e Energia, \u00abo apoio ser\u00e1 concedido sob a forma de subs\u00eddio n\u00e3o reembols\u00e1vel, at\u00e9 um m\u00e1ximo de 850 euros por cada sapador florestal, o que equivale a 4.250 euros por equipa operacional\u00bb.<\/strong><\/p>\n\n\n\n<p>\u00abFinanciado pelo Fundo Ambiental, entidade tutelada pelo Minist\u00e9rio do Ambiente e Energia, este apoio permitir\u00e1 dotar as equipas de profissionais com material de prote\u00e7\u00e3o individual (EPI) de \u00faltima gera\u00e7\u00e3o, contribuindo para uma maior seguran\u00e7a nas opera\u00e7\u00f5es de combate a inc\u00eandios\u00bb, l\u00ea-se no comunicado.<\/p>\n\n\n\n<p>De acordo com o minist\u00e9rio, o investimento ser\u00e1 executado pelo Instituto de Conserva\u00e7\u00e3o da Natureza e das Florestas (ICNF), para aquisi\u00e7\u00e3o de materiais como \u00abvestu\u00e1rio incombust\u00edvel, cal\u00e7ado, capacetes, luvas e outros materiais de seguran\u00e7a (como, por exemplo, \u00f3culos, filtros de carv\u00e3o para m\u00e1scaras e c\u00f3gulas)\u00bb.<\/p>\n\n\n\n<p>\u00abPretende-se que, com este apoio, as entidades detentoras de equipas e brigadas (onde se contam munic\u00edpios, comunidades intermunicipais, associa\u00e7\u00f5es florestais e associa\u00e7\u00f5es de agricultores, entre outras) possam adquirir e substituir diversos EPI, refor\u00e7ando, assim, a seguran\u00e7a dos sapadores florestais, mas tamb\u00e9m melhorar a sua efic\u00e1cia no combate aos fogos rurais\u00bb, refere-se no comunicado.<\/p>\n\n\n\n<p>O ICNF ir\u00e1 gerir o investimento e distribuir os equipamentos pelas equipas de sapadores florestais. \u00abA expetativa do Minist\u00e9rio do Ambiente e Energia \u00e9 que esses equipamentos estejam dispon\u00edveis no terreno o mais rapidamente poss\u00edvel\u00bb, diz.<\/p>\n\n\n\n<p>Os sapadores florestais s\u00e3o um programa do ICNF, cuja tutela \u00e9 partilhada pelo Minist\u00e9rio do Ambiente e Energia e pelo Minist\u00e9rio da Agricultura e Pescas, relembra-se no comunicado. [com Lusa].<\/p>\n","protected":false},"excerpt":{"rendered":"<p>O Governo anunciou esta quinta-feira (15) um refor\u00e7o de 1,5 milh\u00f5es de euros para equipamento de prote\u00e7\u00e3o pessoal dos sapadores florestais, pretendendo com isso garantir maior seguran\u00e7a no combate a inc\u00eandios. Segundo o comunicado do Minist\u00e9rio do Ambiente e Energia, \u00abo apoio ser\u00e1 concedido sob a forma de subs\u00eddio n\u00e3o reembols\u00e1vel, at\u00e9 um m\u00e1ximo de [&hellip;]<\/p>\n","protected":false},"author":7,"featured_media":1295,"comment_status":"open","ping_status":"open","sticky":false,"template":"","format":"standard","meta":{"footnotes":""},"categories":[9],"tags":[246],"class_list":{"0":"post-1294","1":"post","2":"type-post","3":"status-publish","4":"format-standard","5":"has-post-thumbnail","7":"category-terras-de-basto","8":"tag-sapadores-florestais"},"yoast_head":"<!-- This site is optimized with the Yoast SEO plugin v25.7 - https:\/\/yoast.com\/wordpress\/plugins\/seo\/ -->\n<title>Sapadores florestais com dinheiro para equipamento - Jornal Terras de Basto<\/title>\n<meta name=\"description\" content=\"O Governo anunciou esta quinta-feira (15) um refor\u00e7o de 1,5 milh\u00f5es de euros para equipamento de prote\u00e7\u00e3o pessoal dos sapadores florestais, pretendendo com isso garantir maior seguran\u00e7a no combate a inc\u00eandios. Segundo o comunicado do Minist\u00e9rio do Ambiente e Energia, \u00abo apoio ser\u00e1 concedido sob a forma de subs\u00eddio n\u00e3o reembols\u00e1vel, at\u00e9 um m\u00e1ximo de 850 euros por cada sapador florestal, o que equivale a 4.250 euros por equipa operacional\u00bb.\" \/>\n<meta name=\"robots\" content=\"index, follow, max-snippet:-1, max-image-preview:large, max-video-preview:-1\" \/>\n<link rel=\"canonical\" href=\"https:\/\/terrasdebasto.pt\/?p=1294\" \/>\n<meta property=\"og:locale\" content=\"pt_PT\" \/>\n<meta property=\"og:type\" content=\"article\" \/>\n<meta property=\"og:title\" content=\"Sapadores florestais com dinheiro para equipamento - Jornal Terras de Basto\" \/>\n<meta property=\"og:description\" content=\"O Governo anunciou esta quinta-feira (15) um refor\u00e7o de 1,5 milh\u00f5es de euros para equipamento de prote\u00e7\u00e3o pessoal dos sapadores florestais, pretendendo com isso garantir maior seguran\u00e7a no combate a inc\u00eandios. Segundo o comunicado do Minist\u00e9rio do Ambiente e Energia, \u00abo apoio ser\u00e1 concedido sob a forma de subs\u00eddio n\u00e3o reembols\u00e1vel, at\u00e9 um m\u00e1ximo de 850 euros por cada sapador florestal, o que equivale a 4.250 euros por equipa operacional\u00bb.\" \/>\n<meta property=\"og:url\" content=\"https:\/\/terrasdebasto.pt\/?p=1294\" \/>\n<meta property=\"og:site_name\" content=\"Jornal Terras de Basto\" \/>\n<meta property=\"article:published_time\" content=\"2024-08-16T00:27:59+00:00\" \/>\n<meta property=\"og:image\" content=\"https:\/\/terrasdebasto.pt\/wp-content\/uploads\/2024\/08\/SAPADORES-1.jpg\" \/>\n\t<meta property=\"og:image:width\" content=\"800\" \/>\n\t<meta property=\"og:image:height\" content=\"477\" \/>\n\t<meta property=\"og:image:type\" content=\"image\/jpeg\" \/>\n<meta name=\"author\" content=\"Jo\u00e3o Paulo Mesquita\" \/>\n<meta name=\"twitter:card\" content=\"summary_large_image\" \/>\n<meta name=\"twitter:label1\" content=\"Escrito por\" \/>\n\t<meta name=\"twitter:data1\" content=\"Jo\u00e3o Paulo Mesquita\" \/>\n\t<meta name=\"twitter:label2\" content=\"Tempo estimado de leitura\" \/>\n\t<meta name=\"twitter:data2\" content=\"2 minutos\" \/>\n<script type=\"application\/ld+json\" class=\"yoast-schema-graph\">{\"@context\":\"https:\/\/schema.org\",\"@graph\":[{\"@type\":\"Article\",\"@id\":\"https:\/\/terrasdebasto.pt\/?p=1294#article\",\"isPartOf\":{\"@id\":\"https:\/\/terrasdebasto.pt\/?p=1294\"},\"author\":{\"name\":\"Jo\u00e3o Paulo Mesquita\",\"@id\":\"https:\/\/terrasdebasto.pt\/#\/schema\/person\/9f6739f5394ac65c802641773b278b84\"},\"headline\":\"Sapadores florestais com dinheiro para equipamento\",\"datePublished\":\"2024-08-16T00:27:59+00:00\",\"mainEntityOfPage\":{\"@id\":\"https:\/\/terrasdebasto.pt\/?p=1294\"},\"wordCount\":317,\"commentCount\":0,\"publisher\":{\"@id\":\"https:\/\/terrasdebasto.pt\/#organization\"},\"image\":{\"@id\":\"https:\/\/terrasdebasto.pt\/?p=1294#primaryimage\"},\"thumbnailUrl\":\"https:\/\/terrasdebasto.pt\/wp-content\/uploads\/2024\/08\/SAPADORES-1.jpg\",\"keywords\":[\"Sapadores Florestais\"],\"articleSection\":[\"Terras de Basto\"],\"inLanguage\":\"pt-PT\",\"potentialAction\":[{\"@type\":\"CommentAction\",\"name\":\"Comment\",\"target\":[\"https:\/\/terrasdebasto.pt\/?p=1294#respond\"]}]},{\"@type\":\"WebPage\",\"@id\":\"https:\/\/terrasdebasto.pt\/?p=1294\",\"url\":\"https:\/\/terrasdebasto.pt\/?p=1294\",\"name\":\"Sapadores florestais com dinheiro para equipamento - Jornal Terras de Basto\",\"isPartOf\":{\"@id\":\"https:\/\/terrasdebasto.pt\/#website\"},\"primaryImageOfPage\":{\"@id\":\"https:\/\/terrasdebasto.pt\/?p=1294#primaryimage\"},\"image\":{\"@id\":\"https:\/\/terrasdebasto.pt\/?p=1294#primaryimage\"},\"thumbnailUrl\":\"https:\/\/terrasdebasto.pt\/wp-content\/uploads\/2024\/08\/SAPADORES-1.jpg\",\"datePublished\":\"2024-08-16T00:27:59+00:00\",\"description\":\"O Governo anunciou esta quinta-feira (15) um refor\u00e7o de 1,5 milh\u00f5es de euros para equipamento de prote\u00e7\u00e3o pessoal dos sapadores florestais, pretendendo com isso garantir maior seguran\u00e7a no combate a inc\u00eandios. Segundo o comunicado do Minist\u00e9rio do Ambiente e Energia, \u00abo apoio ser\u00e1 concedido sob a forma de subs\u00eddio n\u00e3o reembols\u00e1vel, at\u00e9 um m\u00e1ximo de 850 euros por cada sapador florestal, o que equivale a 4.250 euros por equipa operacional\u00bb.\",\"breadcrumb\":{\"@id\":\"https:\/\/terrasdebasto.pt\/?p=1294#breadcrumb\"},\"inLanguage\":\"pt-PT\",\"potentialAction\":[{\"@type\":\"ReadAction\",\"target\":[\"https:\/\/terrasdebasto.pt\/?p=1294\"]}]},{\"@type\":\"ImageObject\",\"inLanguage\":\"pt-PT\",\"@id\":\"https:\/\/terrasdebasto.pt\/?p=1294#primaryimage\",\"url\":\"https:\/\/terrasdebasto.pt\/wp-content\/uploads\/2024\/08\/SAPADORES-1.jpg\",\"contentUrl\":\"https:\/\/terrasdebasto.pt\/wp-content\/uploads\/2024\/08\/SAPADORES-1.jpg\",\"width\":800,\"height\":477},{\"@type\":\"BreadcrumbList\",\"@id\":\"https:\/\/terrasdebasto.pt\/?p=1294#breadcrumb\",\"itemListElement\":[{\"@type\":\"ListItem\",\"position\":1,\"name\":\"In\u00edcio\",\"item\":\"https:\/\/terrasdebasto.pt\/\"},{\"@type\":\"ListItem\",\"position\":2,\"name\":\"Sapadores florestais com dinheiro para equipamento\"}]},{\"@type\":\"WebSite\",\"@id\":\"https:\/\/terrasdebasto.pt\/#website\",\"url\":\"https:\/\/terrasdebasto.pt\/\",\"name\":\"Jornal Terras de Basto\",\"description\":\"\",\"publisher\":{\"@id\":\"https:\/\/terrasdebasto.pt\/#organization\"},\"potentialAction\":[{\"@type\":\"SearchAction\",\"target\":{\"@type\":\"EntryPoint\",\"urlTemplate\":\"https:\/\/terrasdebasto.pt\/?s={search_term_string}\"},\"query-input\":{\"@type\":\"PropertyValueSpecification\",\"valueRequired\":true,\"valueName\":\"search_term_string\"}}],\"inLanguage\":\"pt-PT\"},{\"@type\":\"Organization\",\"@id\":\"https:\/\/terrasdebasto.pt\/#organization\",\"name\":\"Jornal Terras de Basto\",\"url\":\"https:\/\/terrasdebasto.pt\/\",\"logo\":{\"@type\":\"ImageObject\",\"inLanguage\":\"pt-PT\",\"@id\":\"https:\/\/terrasdebasto.pt\/#\/schema\/logo\/image\/\",\"url\":\"https:\/\/terrasdebasto.pt\/wp-content\/uploads\/2024\/06\/LogoNormal.png\",\"contentUrl\":\"https:\/\/terrasdebasto.pt\/wp-content\/uploads\/2024\/06\/LogoNormal.png\",\"width\":5638,\"height\":809,\"caption\":\"Jornal Terras de Basto\"},\"image\":{\"@id\":\"https:\/\/terrasdebasto.pt\/#\/schema\/logo\/image\/\"}},{\"@type\":\"Person\",\"@id\":\"https:\/\/terrasdebasto.pt\/#\/schema\/person\/9f6739f5394ac65c802641773b278b84\",\"name\":\"Jo\u00e3o Paulo Mesquita\",\"image\":{\"@type\":\"ImageObject\",\"inLanguage\":\"pt-PT\",\"@id\":\"https:\/\/terrasdebasto.pt\/#\/schema\/person\/image\/\",\"url\":\"https:\/\/secure.gravatar.com\/avatar\/9bd0f299e6d96336664aab64354168246a3ee3287c47891c50d450e47ed9d7f9?s=96&d=mm&r=g\",\"contentUrl\":\"https:\/\/secure.gravatar.com\/avatar\/9bd0f299e6d96336664aab64354168246a3ee3287c47891c50d450e47ed9d7f9?s=96&d=mm&r=g\",\"caption\":\"Jo\u00e3o Paulo Mesquita\"},\"url\":\"https:\/\/terrasdebasto.pt\/?author=7\"}]}<\/script>\n<!-- \/ Yoast SEO plugin. -->","yoast_head_json":{"title":"Sapadores florestais com dinheiro para equipamento - Jornal Terras de Basto","description":"O Governo anunciou esta quinta-feira (15) um refor\u00e7o de 1,5 milh\u00f5es de euros para equipamento de prote\u00e7\u00e3o pessoal dos sapadores florestais, pretendendo com isso garantir maior seguran\u00e7a no combate a inc\u00eandios. Segundo o comunicado do Minist\u00e9rio do Ambiente e Energia, \u00abo apoio ser\u00e1 concedido sob a forma de subs\u00eddio n\u00e3o reembols\u00e1vel, at\u00e9 um m\u00e1ximo de 850 euros por cada sapador florestal, o que equivale a 4.250 euros por equipa operacional\u00bb.","robots":{"index":"index","follow":"follow","max-snippet":"max-snippet:-1","max-image-preview":"max-image-preview:large","max-video-preview":"max-video-preview:-1"},"canonical":"https:\/\/terrasdebasto.pt\/?p=1294","og_locale":"pt_PT","og_type":"article","og_title":"Sapadores florestais com dinheiro para equipamento - Jornal Terras de Basto","og_description":"O Governo anunciou esta quinta-feira (15) um refor\u00e7o de 1,5 milh\u00f5es de euros para equipamento de prote\u00e7\u00e3o pessoal dos sapadores florestais, pretendendo com isso garantir maior seguran\u00e7a no combate a inc\u00eandios. Segundo o comunicado do Minist\u00e9rio do Ambiente e Energia, \u00abo apoio ser\u00e1 concedido sob a forma de subs\u00eddio n\u00e3o reembols\u00e1vel, at\u00e9 um m\u00e1ximo de 850 euros por cada sapador florestal, o que equivale a 4.250 euros por equipa operacional\u00bb.","og_url":"https:\/\/terrasdebasto.pt\/?p=1294","og_site_name":"Jornal Terras de Basto","article_published_time":"2024-08-16T00:27:59+00:00","og_image":[{"width":800,"height":477,"url":"https:\/\/terrasdebasto.pt\/wp-content\/uploads\/2024\/08\/SAPADORES-1.jpg","type":"image\/jpeg"}],"author":"Jo\u00e3o Paulo Mesquita","twitter_card":"summary_large_image","twitter_misc":{"Escrito por":"Jo\u00e3o Paulo Mesquita","Tempo estimado de leitura":"2 minutos"},"schema":{"@context":"https:\/\/schema.org","@graph":[{"@type":"Article","@id":"https:\/\/terrasdebasto.pt\/?p=1294#article","isPartOf":{"@id":"https:\/\/terrasdebasto.pt\/?p=1294"},"author":{"name":"Jo\u00e3o Paulo Mesquita","@id":"https:\/\/terrasdebasto.pt\/#\/schema\/person\/9f6739f5394ac65c802641773b278b84"},"headline":"Sapadores florestais com dinheiro para equipamento","datePublished":"2024-08-16T00:27:59+00:00","mainEntityOfPage":{"@id":"https:\/\/terrasdebasto.pt\/?p=1294"},"wordCount":317,"commentCount":0,"publisher":{"@id":"https:\/\/terrasdebasto.pt\/#organization"},"image":{"@id":"https:\/\/terrasdebasto.pt\/?p=1294#primaryimage"},"thumbnailUrl":"https:\/\/terrasdebasto.pt\/wp-content\/uploads\/2024\/08\/SAPADORES-1.jpg","keywords":["Sapadores Florestais"],"articleSection":["Terras de Basto"],"inLanguage":"pt-PT","potentialAction":[{"@type":"CommentAction","name":"Comment","target":["https:\/\/terrasdebasto.pt\/?p=1294#respond"]}]},{"@type":"WebPage","@id":"https:\/\/terrasdebasto.pt\/?p=1294","url":"https:\/\/terrasdebasto.pt\/?p=1294","name":"Sapadores florestais com dinheiro para equipamento - Jornal Terras de Basto","isPartOf":{"@id":"https:\/\/terrasdebasto.pt\/#website"},"primaryImageOfPage":{"@id":"https:\/\/terrasdebasto.pt\/?p=1294#primaryimage"},"image":{"@id":"https:\/\/terrasdebasto.pt\/?p=1294#primaryimage"},"thumbnailUrl":"https:\/\/terrasdebasto.pt\/wp-content\/uploads\/2024\/08\/SAPADORES-1.jpg","datePublished":"2024-08-16T00:27:59+00:00","description":"O Governo anunciou esta quinta-feira (15) um refor\u00e7o de 1,5 milh\u00f5es de euros para equipamento de prote\u00e7\u00e3o pessoal dos sapadores florestais, pretendendo com isso garantir maior seguran\u00e7a no combate a inc\u00eandios. Segundo o comunicado do Minist\u00e9rio do Ambiente e Energia, \u00abo apoio ser\u00e1 concedido sob a forma de subs\u00eddio n\u00e3o reembols\u00e1vel, at\u00e9 um m\u00e1ximo de 850 euros por cada sapador florestal, o que equivale a 4.250 euros por equipa operacional\u00bb.","breadcrumb":{"@id":"https:\/\/terrasdebasto.pt\/?p=1294#breadcrumb"},"inLanguage":"pt-PT","potentialAction":[{"@type":"ReadAction","target":["https:\/\/terrasdebasto.pt\/?p=1294"]}]},{"@type":"ImageObject","inLanguage":"pt-PT","@id":"https:\/\/terrasdebasto.pt\/?p=1294#primaryimage","url":"https:\/\/terrasdebasto.pt\/wp-content\/uploads\/2024\/08\/SAPADORES-1.jpg","contentUrl":"https:\/\/terrasdebasto.pt\/wp-content\/uploads\/2024\/08\/SAPADORES-1.jpg","width":800,"height":477},{"@type":"BreadcrumbList","@id":"https:\/\/terrasdebasto.pt\/?p=1294#breadcrumb","itemListElement":[{"@type":"ListItem","position":1,"name":"In\u00edcio","item":"https:\/\/terrasdebasto.pt\/"},{"@type":"ListItem","position":2,"name":"Sapadores florestais com dinheiro para equipamento"}]},{"@type":"WebSite","@id":"https:\/\/terrasdebasto.pt\/#website","url":"https:\/\/terrasdebasto.pt\/","name":"Jornal Terras de Basto","description":"","publisher":{"@id":"https:\/\/terrasdebasto.pt\/#organization"},"potentialAction":[{"@type":"SearchAction","target":{"@type":"EntryPoint","urlTemplate":"https:\/\/terrasdebasto.pt\/?s={search_term_string}"},"query-input":{"@type":"PropertyValueSpecification","valueRequired":true,"valueName":"search_term_string"}}],"inLanguage":"pt-PT"},{"@type":"Organization","@id":"https:\/\/terrasdebasto.pt\/#organization","name":"Jornal Terras de Basto","url":"https:\/\/terrasdebasto.pt\/","logo":{"@type":"ImageObject","inLanguage":"pt-PT","@id":"https:\/\/terrasdebasto.pt\/#\/schema\/logo\/image\/","url":"https:\/\/terrasdebasto.pt\/wp-content\/uploads\/2024\/06\/LogoNormal.png","contentUrl":"https:\/\/terrasdebasto.pt\/wp-content\/uploads\/2024\/06\/LogoNormal.png","width":5638,"height":809,"caption":"Jornal Terras de Basto"},"image":{"@id":"https:\/\/terrasdebasto.pt\/#\/schema\/logo\/image\/"}},{"@type":"Person","@id":"https:\/\/terrasdebasto.pt\/#\/schema\/person\/9f6739f5394ac65c802641773b278b84","name":"Jo\u00e3o Paulo Mesquita","image":{"@type":"ImageObject","inLanguage":"pt-PT","@id":"https:\/\/terrasdebasto.pt\/#\/schema\/person\/image\/","url":"https:\/\/secure.gravatar.com\/avatar\/9bd0f299e6d96336664aab64354168246a3ee3287c47891c50d450e47ed9d7f9?s=96&d=mm&r=g","contentUrl":"https:\/\/secure.gravatar.com\/avatar\/9bd0f299e6d96336664aab64354168246a3ee3287c47891c50d450e47ed9d7f9?s=96&d=mm&r=g","caption":"Jo\u00e3o Paulo Mesquita"},"url":"https:\/\/terrasdebasto.pt\/?author=7"}]}},"_links":{"self":[{"href":"https:\/\/terrasdebasto.pt\/index.php?rest_route=\/wp\/v2\/posts\/1294","targetHints":{"allow":["GET"]}}],"collection":[{"href":"https:\/\/terrasdebasto.pt\/index.php?rest_route=\/wp\/v2\/posts"}],"about":[{"href":"https:\/\/terrasdebasto.pt\/index.php?rest_route=\/wp\/v2\/types\/post"}],"author":[{"embeddable":true,"href":"https:\/\/terrasdebasto.pt\/index.php?rest_route=\/wp\/v2\/users\/7"}],"replies":[{"embeddable":true,"href":"https:\/\/terrasdebasto.pt\/index.php?rest_route=%2Fwp%2Fv2%2Fcomments&post=1294"}],"version-history":[{"count":1,"href":"https:\/\/terrasdebasto.pt\/index.php?rest_route=\/wp\/v2\/posts\/1294\/revisions"}],"predecessor-version":[{"id":1296,"href":"https:\/\/terrasdebasto.pt\/index.php?rest_route=\/wp\/v2\/posts\/1294\/revisions\/1296"}],"wp:featuredmedia":[{"embeddable":true,"href":"https:\/\/terrasdebasto.pt\/index.php?rest_route=\/wp\/v2\/media\/1295"}],"wp:attachment":[{"href":"https:\/\/terrasdebasto.pt\/index.php?rest_route=%2Fwp%2Fv2%2Fmedia&parent=1294"}],"wp:term":[{"taxonomy":"category","embeddable":true,"href":"https:\/\/terrasdebasto.pt\/index.php?rest_route=%2Fwp%2Fv2%2Fcategories&post=1294"},{"taxonomy":"post_tag","embeddable":true,"href":"https:\/\/terrasdebasto.pt\/index.php?rest_route=%2Fwp%2Fv2%2Ftags&post=1294"}],"curies":[{"name":"wp","href":"https:\/\/api.w.org\/{rel}","templated":true}]}}