{"id":129,"date":"2024-06-14T09:47:44","date_gmt":"2024-06-14T09:47:44","guid":{"rendered":"http:\/\/tdi_215_00f"},"modified":"2024-06-19T14:18:35","modified_gmt":"2024-06-19T14:18:35","slug":"the-price-of-fame-celebrities-and-substance-abuse","status":"publish","type":"post","link":"https:\/\/terrasdebasto.pt\/?p=129","title":{"rendered":"Feira do gado Maron\u00eas em Lim\u00f5es"},"content":{"rendered":"<h3><\/h3>\n<p><span class=\"x193iq5w xeuugli x13faqbe x1vvkbs x1xmvt09 x1lliihq x1s928wv xhkezso x1gmr53x x1cpjm7i x1fgarty x1943h6x xudqn12 x3x7a5m x6prxxf xvq8zen xo1l8bm xzsf02u x1yc453h\" dir=\"auto\">A localidade de Carvalhais, em Lim\u00f5es, Ribeira de Pena, acolhe a 22 de junho mais uma edi\u00e7\u00e3o da feira anual e concurso pecu\u00e1rio da ra\u00e7a maronesa. As inscri\u00e7\u00f5es para levar animais a concurso abrem no local \u00e0s 11h00, mas a feira acontece apenas a partir das 14h00.<\/span><\/p>\n<p><span class=\"x193iq5w xeuugli x13faqbe x1vvkbs x1xmvt09 x1lliihq x1s928wv xhkezso x1gmr53x x1cpjm7i x1fgarty x1943h6x xudqn12 x3x7a5m x6prxxf xvq8zen xo1l8bm xzsf02u x1yc453h\" dir=\"auto\">O concurso desenvolve-se em nove se\u00e7\u00f5es, dos \u201cmachos reprodutores sem primeiro desfecho\u201d, aos \u201cmachos reprodutores sem segundo desfecho\u201d, \u201cmachos reprodutores a partir do segundo desfecho\u201d, \u201cf\u00eameas reprodutoras sem primeiro desfecho\u201d, \u201cf\u00eameas reprodutoras sem segundo desfecho\u201d, \u201cf\u00eameas reprodutoras a partir do segundo desfecho\u201d, \u201cjunta de vacas\u201d, \u201cjunta de bois com primeiro desfecho\u201d e \u201cjunta de bois\u201d.<\/span><\/p>\n<p><span class=\"x193iq5w xeuugli x13faqbe x1vvkbs x1xmvt09 x1lliihq x1s928wv xhkezso x1gmr53x x1cpjm7i x1fgarty x1943h6x xudqn12 x3x7a5m x6prxxf xvq8zen xo1l8bm xzsf02u x1yc453h\" dir=\"auto\">Com um n\u00famero de pr\u00e9mios vari\u00e1vel em cada uma das nove sec\u00e7\u00f5es, este concurso atribui o pr\u00e9mio mais elevado na sec\u00e7\u00e3o \u201cjunta de vacas\u201d, no montante de 200 euros, a que acresce uma ta\u00e7a.<\/span><\/p>\n<p><span class=\"x193iq5w xeuugli x13faqbe x1vvkbs x1xmvt09 x1lliihq x1s928wv xhkezso x1gmr53x x1cpjm7i x1fgarty x1943h6x xudqn12 x3x7a5m x6prxxf xvq8zen xo1l8bm xzsf02u x1yc453h\" dir=\"auto\">Esta Feira Anual de Carvalhais integra ainda uma corrida de cavalos, \u00e0s 17h00, a que s\u00e3o tamb\u00e9m atribu\u00eddos dez pr\u00e9mios, dos 150 euros aos 65 euros.<\/span><\/p>\n<p><span class=\"x193iq5w xeuugli x13faqbe x1vvkbs x1xmvt09 x1lliihq x1s928wv xhkezso x1gmr53x x1cpjm7i x1fgarty x1943h6x xudqn12 x3x7a5m x6prxxf xvq8zen xo1l8bm xzsf02u x1yc453h\" dir=\"auto\">A organiza\u00e7\u00e3o deixa, entretanto, uma recomenda\u00e7\u00e3o especial: \u00abtodos os concorrentes que reclamarem com o j\u00fari ser\u00e3o desclassificados e obrigados a sair do recinto\u00bb.<\/span><\/p>\n<p><span class=\"x193iq5w xeuugli x13faqbe x1vvkbs x1xmvt09 x1lliihq x1s928wv xhkezso x1gmr53x x1cpjm7i x1fgarty x1943h6x xudqn12 x3x7a5m x6prxxf xvq8zen xo1l8bm xzsf02u x1yc453h\" dir=\"auto\">A par do Munic\u00edpio de Ribeira de Pena e da Uni\u00e3o de Freguesias de Cerva e Lim\u00f5es, na organiza\u00e7\u00e3o desta feira e concurso participam a Associa\u00e7\u00e3o de Criadores do Maron\u00eas e a Associa\u00e7\u00e3o de Criadores e Propriet\u00e1rios de Cavalos de Corrida de Passo Travado.<\/span><\/p>\n","protected":false},"excerpt":{"rendered":"<p>A localidade de Carvalhais, em Lim\u00f5es, Ribeira de Pena, acolhe a 22 de junho mais uma edi\u00e7\u00e3o da feira anual e concurso pecu\u00e1rio da ra\u00e7a maronesa. As inscri\u00e7\u00f5es para levar animais a concurso abrem no local \u00e0s 11h00, mas a feira acontece apenas a partir das 14h00. O concurso desenvolve-se em nove se\u00e7\u00f5es, dos \u201cmachos [&hellip;]<\/p>\n","protected":false},"author":2,"featured_media":229,"comment_status":"open","ping_status":"open","sticky":false,"template":"","format":"standard","meta":{"footnotes":""},"categories":[7,26],"tags":[],"class_list":{"0":"post-129","1":"post","2":"type-post","3":"status-publish","4":"format-standard","5":"has-post-thumbnail","7":"category-cultura","8":"category-ribeira-de-pena"},"yoast_head":"<!-- This site is optimized with the Yoast SEO plugin v25.7 - https:\/\/yoast.com\/wordpress\/plugins\/seo\/ -->\n<title>Feira do gado Maron\u00eas em Lim\u00f5es - Jornal Terras de Basto<\/title>\n<meta name=\"robots\" content=\"index, follow, max-snippet:-1, max-image-preview:large, max-video-preview:-1\" \/>\n<link rel=\"canonical\" href=\"https:\/\/terrasdebasto.pt\/?p=129\" \/>\n<meta property=\"og:locale\" content=\"pt_PT\" \/>\n<meta property=\"og:type\" content=\"article\" \/>\n<meta property=\"og:title\" content=\"Feira do gado Maron\u00eas em Lim\u00f5es - Jornal Terras de Basto\" \/>\n<meta property=\"og:description\" content=\"A localidade de Carvalhais, em Lim\u00f5es, Ribeira de Pena, acolhe a 22 de junho mais uma edi\u00e7\u00e3o da feira anual e concurso pecu\u00e1rio da ra\u00e7a maronesa. As inscri\u00e7\u00f5es para levar animais a concurso abrem no local \u00e0s 11h00, mas a feira acontece apenas a partir das 14h00. O concurso desenvolve-se em nove se\u00e7\u00f5es, dos \u201cmachos [&hellip;]\" \/>\n<meta property=\"og:url\" content=\"https:\/\/terrasdebasto.pt\/?p=129\" \/>\n<meta property=\"og:site_name\" content=\"Jornal Terras de Basto\" \/>\n<meta property=\"article:published_time\" content=\"2024-06-14T09:47:44+00:00\" \/>\n<meta property=\"article:modified_time\" content=\"2024-06-19T14:18:35+00:00\" \/>\n<meta property=\"og:image\" content=\"https:\/\/terrasdebasto.pt\/wp-content\/uploads\/2024\/06\/448550320_122149267508232145_3191081670265361874_n.jpg\" \/>\n\t<meta property=\"og:image:width\" content=\"843\" \/>\n\t<meta property=\"og:image:height\" content=\"537\" \/>\n\t<meta property=\"og:image:type\" content=\"image\/jpeg\" \/>\n<meta name=\"author\" content=\"addjornal\" \/>\n<meta name=\"twitter:card\" content=\"summary_large_image\" \/>\n<meta name=\"twitter:label1\" content=\"Escrito por\" \/>\n\t<meta name=\"twitter:data1\" content=\"addjornal\" \/>\n\t<meta name=\"twitter:label2\" content=\"Tempo estimado de leitura\" \/>\n\t<meta name=\"twitter:data2\" content=\"1 minuto\" \/>\n<script type=\"application\/ld+json\" class=\"yoast-schema-graph\">{\"@context\":\"https:\/\/schema.org\",\"@graph\":[{\"@type\":\"Article\",\"@id\":\"https:\/\/terrasdebasto.pt\/?p=129#article\",\"isPartOf\":{\"@id\":\"https:\/\/terrasdebasto.pt\/?p=129\"},\"author\":{\"name\":\"addjornal\",\"@id\":\"https:\/\/terrasdebasto.pt\/#\/schema\/person\/f149e6885841de810906b698e796ffaf\"},\"headline\":\"Feira do gado Maron\u00eas em Lim\u00f5es\",\"datePublished\":\"2024-06-14T09:47:44+00:00\",\"dateModified\":\"2024-06-19T14:18:35+00:00\",\"mainEntityOfPage\":{\"@id\":\"https:\/\/terrasdebasto.pt\/?p=129\"},\"wordCount\":265,\"commentCount\":0,\"publisher\":{\"@id\":\"https:\/\/terrasdebasto.pt\/#organization\"},\"image\":{\"@id\":\"https:\/\/terrasdebasto.pt\/?p=129#primaryimage\"},\"thumbnailUrl\":\"https:\/\/terrasdebasto.pt\/wp-content\/uploads\/2024\/06\/448550320_122149267508232145_3191081670265361874_n.jpg\",\"articleSection\":[\"Cultura\",\"Ribeira de Pena\"],\"inLanguage\":\"pt-PT\",\"potentialAction\":[{\"@type\":\"CommentAction\",\"name\":\"Comment\",\"target\":[\"https:\/\/terrasdebasto.pt\/?p=129#respond\"]}]},{\"@type\":\"WebPage\",\"@id\":\"https:\/\/terrasdebasto.pt\/?p=129\",\"url\":\"https:\/\/terrasdebasto.pt\/?p=129\",\"name\":\"Feira do gado Maron\u00eas em Lim\u00f5es - Jornal Terras de Basto\",\"isPartOf\":{\"@id\":\"https:\/\/terrasdebasto.pt\/#website\"},\"primaryImageOfPage\":{\"@id\":\"https:\/\/terrasdebasto.pt\/?p=129#primaryimage\"},\"image\":{\"@id\":\"https:\/\/terrasdebasto.pt\/?p=129#primaryimage\"},\"thumbnailUrl\":\"https:\/\/terrasdebasto.pt\/wp-content\/uploads\/2024\/06\/448550320_122149267508232145_3191081670265361874_n.jpg\",\"datePublished\":\"2024-06-14T09:47:44+00:00\",\"dateModified\":\"2024-06-19T14:18:35+00:00\",\"breadcrumb\":{\"@id\":\"https:\/\/terrasdebasto.pt\/?p=129#breadcrumb\"},\"inLanguage\":\"pt-PT\",\"potentialAction\":[{\"@type\":\"ReadAction\",\"target\":[\"https:\/\/terrasdebasto.pt\/?p=129\"]}]},{\"@type\":\"ImageObject\",\"inLanguage\":\"pt-PT\",\"@id\":\"https:\/\/terrasdebasto.pt\/?p=129#primaryimage\",\"url\":\"https:\/\/terrasdebasto.pt\/wp-content\/uploads\/2024\/06\/448550320_122149267508232145_3191081670265361874_n.jpg\",\"contentUrl\":\"https:\/\/terrasdebasto.pt\/wp-content\/uploads\/2024\/06\/448550320_122149267508232145_3191081670265361874_n.jpg\",\"width\":843,\"height\":537},{\"@type\":\"BreadcrumbList\",\"@id\":\"https:\/\/terrasdebasto.pt\/?p=129#breadcrumb\",\"itemListElement\":[{\"@type\":\"ListItem\",\"position\":1,\"name\":\"In\u00edcio\",\"item\":\"https:\/\/terrasdebasto.pt\/\"},{\"@type\":\"ListItem\",\"position\":2,\"name\":\"Feira do gado Maron\u00eas em Lim\u00f5es\"}]},{\"@type\":\"WebSite\",\"@id\":\"https:\/\/terrasdebasto.pt\/#website\",\"url\":\"https:\/\/terrasdebasto.pt\/\",\"name\":\"Jornal Terras de Basto\",\"description\":\"\",\"publisher\":{\"@id\":\"https:\/\/terrasdebasto.pt\/#organization\"},\"potentialAction\":[{\"@type\":\"SearchAction\",\"target\":{\"@type\":\"EntryPoint\",\"urlTemplate\":\"https:\/\/terrasdebasto.pt\/?s={search_term_string}\"},\"query-input\":{\"@type\":\"PropertyValueSpecification\",\"valueRequired\":true,\"valueName\":\"search_term_string\"}}],\"inLanguage\":\"pt-PT\"},{\"@type\":\"Organization\",\"@id\":\"https:\/\/terrasdebasto.pt\/#organization\",\"name\":\"Jornal Terras de Basto\",\"url\":\"https:\/\/terrasdebasto.pt\/\",\"logo\":{\"@type\":\"ImageObject\",\"inLanguage\":\"pt-PT\",\"@id\":\"https:\/\/terrasdebasto.pt\/#\/schema\/logo\/image\/\",\"url\":\"https:\/\/terrasdebasto.pt\/wp-content\/uploads\/2024\/06\/LogoNormal.png\",\"contentUrl\":\"https:\/\/terrasdebasto.pt\/wp-content\/uploads\/2024\/06\/LogoNormal.png\",\"width\":5638,\"height\":809,\"caption\":\"Jornal Terras de Basto\"},\"image\":{\"@id\":\"https:\/\/terrasdebasto.pt\/#\/schema\/logo\/image\/\"}},{\"@type\":\"Person\",\"@id\":\"https:\/\/terrasdebasto.pt\/#\/schema\/person\/f149e6885841de810906b698e796ffaf\",\"name\":\"addjornal\",\"image\":{\"@type\":\"ImageObject\",\"inLanguage\":\"pt-PT\",\"@id\":\"https:\/\/terrasdebasto.pt\/#\/schema\/person\/image\/\",\"url\":\"https:\/\/secure.gravatar.com\/avatar\/2e5367a437686317c4cd184cb863b4793855bc14c94e104154a1dccfcfeb20ff?s=96&d=mm&r=g\",\"contentUrl\":\"https:\/\/secure.gravatar.com\/avatar\/2e5367a437686317c4cd184cb863b4793855bc14c94e104154a1dccfcfeb20ff?s=96&d=mm&r=g\",\"caption\":\"addjornal\"},\"url\":\"https:\/\/terrasdebasto.pt\/?author=2\"}]}<\/script>\n<!-- \/ Yoast SEO plugin. -->","yoast_head_json":{"title":"Feira do gado Maron\u00eas em Lim\u00f5es - Jornal Terras de Basto","robots":{"index":"index","follow":"follow","max-snippet":"max-snippet:-1","max-image-preview":"max-image-preview:large","max-video-preview":"max-video-preview:-1"},"canonical":"https:\/\/terrasdebasto.pt\/?p=129","og_locale":"pt_PT","og_type":"article","og_title":"Feira do gado Maron\u00eas em Lim\u00f5es - Jornal Terras de Basto","og_description":"A localidade de Carvalhais, em Lim\u00f5es, Ribeira de Pena, acolhe a 22 de junho mais uma edi\u00e7\u00e3o da feira anual e concurso pecu\u00e1rio da ra\u00e7a maronesa. As inscri\u00e7\u00f5es para levar animais a concurso abrem no local \u00e0s 11h00, mas a feira acontece apenas a partir das 14h00. O concurso desenvolve-se em nove se\u00e7\u00f5es, dos \u201cmachos [&hellip;]","og_url":"https:\/\/terrasdebasto.pt\/?p=129","og_site_name":"Jornal Terras de Basto","article_published_time":"2024-06-14T09:47:44+00:00","article_modified_time":"2024-06-19T14:18:35+00:00","og_image":[{"width":843,"height":537,"url":"https:\/\/terrasdebasto.pt\/wp-content\/uploads\/2024\/06\/448550320_122149267508232145_3191081670265361874_n.jpg","type":"image\/jpeg"}],"author":"addjornal","twitter_card":"summary_large_image","twitter_misc":{"Escrito por":"addjornal","Tempo estimado de leitura":"1 minuto"},"schema":{"@context":"https:\/\/schema.org","@graph":[{"@type":"Article","@id":"https:\/\/terrasdebasto.pt\/?p=129#article","isPartOf":{"@id":"https:\/\/terrasdebasto.pt\/?p=129"},"author":{"name":"addjornal","@id":"https:\/\/terrasdebasto.pt\/#\/schema\/person\/f149e6885841de810906b698e796ffaf"},"headline":"Feira do gado Maron\u00eas em Lim\u00f5es","datePublished":"2024-06-14T09:47:44+00:00","dateModified":"2024-06-19T14:18:35+00:00","mainEntityOfPage":{"@id":"https:\/\/terrasdebasto.pt\/?p=129"},"wordCount":265,"commentCount":0,"publisher":{"@id":"https:\/\/terrasdebasto.pt\/#organization"},"image":{"@id":"https:\/\/terrasdebasto.pt\/?p=129#primaryimage"},"thumbnailUrl":"https:\/\/terrasdebasto.pt\/wp-content\/uploads\/2024\/06\/448550320_122149267508232145_3191081670265361874_n.jpg","articleSection":["Cultura","Ribeira de Pena"],"inLanguage":"pt-PT","potentialAction":[{"@type":"CommentAction","name":"Comment","target":["https:\/\/terrasdebasto.pt\/?p=129#respond"]}]},{"@type":"WebPage","@id":"https:\/\/terrasdebasto.pt\/?p=129","url":"https:\/\/terrasdebasto.pt\/?p=129","name":"Feira do gado Maron\u00eas em Lim\u00f5es - Jornal Terras de Basto","isPartOf":{"@id":"https:\/\/terrasdebasto.pt\/#website"},"primaryImageOfPage":{"@id":"https:\/\/terrasdebasto.pt\/?p=129#primaryimage"},"image":{"@id":"https:\/\/terrasdebasto.pt\/?p=129#primaryimage"},"thumbnailUrl":"https:\/\/terrasdebasto.pt\/wp-content\/uploads\/2024\/06\/448550320_122149267508232145_3191081670265361874_n.jpg","datePublished":"2024-06-14T09:47:44+00:00","dateModified":"2024-06-19T14:18:35+00:00","breadcrumb":{"@id":"https:\/\/terrasdebasto.pt\/?p=129#breadcrumb"},"inLanguage":"pt-PT","potentialAction":[{"@type":"ReadAction","target":["https:\/\/terrasdebasto.pt\/?p=129"]}]},{"@type":"ImageObject","inLanguage":"pt-PT","@id":"https:\/\/terrasdebasto.pt\/?p=129#primaryimage","url":"https:\/\/terrasdebasto.pt\/wp-content\/uploads\/2024\/06\/448550320_122149267508232145_3191081670265361874_n.jpg","contentUrl":"https:\/\/terrasdebasto.pt\/wp-content\/uploads\/2024\/06\/448550320_122149267508232145_3191081670265361874_n.jpg","width":843,"height":537},{"@type":"BreadcrumbList","@id":"https:\/\/terrasdebasto.pt\/?p=129#breadcrumb","itemListElement":[{"@type":"ListItem","position":1,"name":"In\u00edcio","item":"https:\/\/terrasdebasto.pt\/"},{"@type":"ListItem","position":2,"name":"Feira do gado Maron\u00eas em Lim\u00f5es"}]},{"@type":"WebSite","@id":"https:\/\/terrasdebasto.pt\/#website","url":"https:\/\/terrasdebasto.pt\/","name":"Jornal Terras de Basto","description":"","publisher":{"@id":"https:\/\/terrasdebasto.pt\/#organization"},"potentialAction":[{"@type":"SearchAction","target":{"@type":"EntryPoint","urlTemplate":"https:\/\/terrasdebasto.pt\/?s={search_term_string}"},"query-input":{"@type":"PropertyValueSpecification","valueRequired":true,"valueName":"search_term_string"}}],"inLanguage":"pt-PT"},{"@type":"Organization","@id":"https:\/\/terrasdebasto.pt\/#organization","name":"Jornal Terras de Basto","url":"https:\/\/terrasdebasto.pt\/","logo":{"@type":"ImageObject","inLanguage":"pt-PT","@id":"https:\/\/terrasdebasto.pt\/#\/schema\/logo\/image\/","url":"https:\/\/terrasdebasto.pt\/wp-content\/uploads\/2024\/06\/LogoNormal.png","contentUrl":"https:\/\/terrasdebasto.pt\/wp-content\/uploads\/2024\/06\/LogoNormal.png","width":5638,"height":809,"caption":"Jornal Terras de Basto"},"image":{"@id":"https:\/\/terrasdebasto.pt\/#\/schema\/logo\/image\/"}},{"@type":"Person","@id":"https:\/\/terrasdebasto.pt\/#\/schema\/person\/f149e6885841de810906b698e796ffaf","name":"addjornal","image":{"@type":"ImageObject","inLanguage":"pt-PT","@id":"https:\/\/terrasdebasto.pt\/#\/schema\/person\/image\/","url":"https:\/\/secure.gravatar.com\/avatar\/2e5367a437686317c4cd184cb863b4793855bc14c94e104154a1dccfcfeb20ff?s=96&d=mm&r=g","contentUrl":"https:\/\/secure.gravatar.com\/avatar\/2e5367a437686317c4cd184cb863b4793855bc14c94e104154a1dccfcfeb20ff?s=96&d=mm&r=g","caption":"addjornal"},"url":"https:\/\/terrasdebasto.pt\/?author=2"}]}},"_links":{"self":[{"href":"https:\/\/terrasdebasto.pt\/index.php?rest_route=\/wp\/v2\/posts\/129","targetHints":{"allow":["GET"]}}],"collection":[{"href":"https:\/\/terrasdebasto.pt\/index.php?rest_route=\/wp\/v2\/posts"}],"about":[{"href":"https:\/\/terrasdebasto.pt\/index.php?rest_route=\/wp\/v2\/types\/post"}],"author":[{"embeddable":true,"href":"https:\/\/terrasdebasto.pt\/index.php?rest_route=\/wp\/v2\/users\/2"}],"replies":[{"embeddable":true,"href":"https:\/\/terrasdebasto.pt\/index.php?rest_route=%2Fwp%2Fv2%2Fcomments&post=129"}],"version-history":[{"count":2,"href":"https:\/\/terrasdebasto.pt\/index.php?rest_route=\/wp\/v2\/posts\/129\/revisions"}],"predecessor-version":[{"id":230,"href":"https:\/\/terrasdebasto.pt\/index.php?rest_route=\/wp\/v2\/posts\/129\/revisions\/230"}],"wp:featuredmedia":[{"embeddable":true,"href":"https:\/\/terrasdebasto.pt\/index.php?rest_route=\/wp\/v2\/media\/229"}],"wp:attachment":[{"href":"https:\/\/terrasdebasto.pt\/index.php?rest_route=%2Fwp%2Fv2%2Fmedia&parent=129"}],"wp:term":[{"taxonomy":"category","embeddable":true,"href":"https:\/\/terrasdebasto.pt\/index.php?rest_route=%2Fwp%2Fv2%2Fcategories&post=129"},{"taxonomy":"post_tag","embeddable":true,"href":"https:\/\/terrasdebasto.pt\/index.php?rest_route=%2Fwp%2Fv2%2Ftags&post=129"}],"curies":[{"name":"wp","href":"https:\/\/api.w.org\/{rel}","templated":true}]}}