{"id":1269,"date":"2024-08-15T17:27:55","date_gmt":"2024-08-15T17:27:55","guid":{"rendered":"https:\/\/terrasdebasto.pt\/?p=1269"},"modified":"2024-08-15T17:36:16","modified_gmt":"2024-08-15T17:36:16","slug":"fag-de-celorico-vai-ter-das-maiores-adesoes-de-sempre","status":"publish","type":"post","link":"https:\/\/terrasdebasto.pt\/?p=1269","title":{"rendered":"\u201cFAG\u201d de Celorico vai ter das maiores ades\u00f5es de sempre"},"content":{"rendered":"\n<p><strong>O autarca de Celorico de Basto est\u00e1 convicto de que a edi\u00e7\u00e3o da Feira de Artesanato, Gastronomia e Vinhos aberta ao p\u00fablico esta quarta-feira (14) nesta vila vai registar das maiores ades\u00f5es de sempre, atraindo alguns milhares de pessoas at\u00e9 ao largo do mercado municipal.<\/strong><\/p>\n\n\n\n<p>Falando \u00e0 imprensa no contexto da abertura do certame, em que teve a companhia de outros autarcas locais e do seu hom\u00f3logo mondinense, Jos\u00e9 Peixoto Lima sublinhou a import\u00e2ncia do certame para a economia local, desde logo porque promove os produtos end\u00f3genos de maior express\u00e3o neste territ\u00f3rio.<\/p>\n\n\n\n<p>Com cerca de 150 expositores\/promotores, a feira prolonga-se at\u00e9 domingo (18), privilegiando \u00abo que de melhor\u00bb os celoricenses t\u00eam para dar: boa comida, vinhos verdes da melhor qualidade e produtos do mais singelo artesanato.<\/p>\n\n\n\n<p>Ganha preponder\u00e2ncia a mostra de vinhos desta que \u00e9 uma das sub-regi\u00f5es de maior relevo no contexto da Regi\u00e3o Demarcada dos Vinhos Verdes, tratando-se de um setor em ascendente afirma\u00e7\u00e3o pela qualidade dos produtos que est\u00e1 a colocar no mercado, com marcas bem identificadas nas garrafeiras mais importantes e com pr\u00e9mios variados nos concursos de maior reconhecimento nacional e internacional.<\/p>\n\n\n\n<p>Peixoto Lima \u2013 que teve mais tarde a companhia de Beraldino Pinto, vice-presidente da Comiss\u00e3o de Coordena\u00e7\u00e3o e Desenvolvimento Regional do Norte \u2013 relevou a procura que a feira regista, o que n\u00e3o impede que seja priorizada a qualidade dos produtos que pretende promover<\/p>\n\n\n\n<p>A gastronomia aqui apresentada, que tem cerca de 3.500 lugares sentados e assenta em pratos e petiscos caracteristicamente tradicionais, faz da \u201cFAG\u201d \u2013 como \u00e9 j\u00e1 popularmente designada pelos locais \u2013 um dos pontos de refer\u00eancia para os conv\u00edvios estivais, n\u00e3o s\u00f3 de residentes habituais, mas de quantos, emigrados fora do pa\u00eds e noutras cidades, demandam Basto nesta altura.<\/p>\n\n\n\n<p>Nestas que s\u00e3o as suas \u201cbodas de prata\u201d, a feira assume igualmente um papel ativo na sustentabilidade, com um \u201cstand\u201d dedicado \u00e0 sensibiliza\u00e7\u00e3o ambiental, com contentores para separa\u00e7\u00e3o de res\u00edduos ou para recolha de beatas. \u00abAs pessoas s\u00e3o convidadas, \u00e0 semelhan\u00e7a do que aconteceu na \u00faltima edi\u00e7\u00e3o, mas de forma mais incisiva, a separar os res\u00edduos, na perspetiva de criarmos h\u00e1bitos\u00bb, real\u00e7ou o autarca.<\/p>\n\n\n\n<p>Esta \u201cFAG\u201d faz-se tamb\u00e9m com um vasto programa de anima\u00e7\u00e3o, que envolve a \u201cprata da casa\u201d, como \u00e9 o caso da Tuna de Arnoia, do Grupo de Concertinas da ACR de Ourilhe, do Rancho Folcl\u00f3rico de Canedo, dos \u201cKantobasto\u201d, dos \u201cFilhos da Pauta\u201d, dos Amigos das Tainadas, do Centro Cultural e Folcl\u00f3rico de Gandarela e do Grupo de Cavaquinhos da Escola Profissional Agr\u00edcola de Fermil. [Reda\u00e7\u00e3o].<\/p>\n\n\n\n<figure class=\"wp-block-gallery has-nested-images columns-default is-cropped wp-block-gallery-1 is-layout-flex wp-block-gallery-is-layout-flex\">\n<figure class=\"wp-block-image size-large\"><img loading=\"lazy\" decoding=\"async\" width=\"1024\" height=\"783\" data-id=\"1271\" src=\"https:\/\/terrasdebasto.pt\/wp-content\/uploads\/2024\/08\/101-1-1024x783.jpg\" alt=\"\" class=\"wp-image-1271\" srcset=\"https:\/\/terrasdebasto.pt\/wp-content\/uploads\/2024\/08\/101-1-1024x783.jpg 1024w, https:\/\/terrasdebasto.pt\/wp-content\/uploads\/2024\/08\/101-1-300x229.jpg 300w, https:\/\/terrasdebasto.pt\/wp-content\/uploads\/2024\/08\/101-1-768x587.jpg 768w, https:\/\/terrasdebasto.pt\/wp-content\/uploads\/2024\/08\/101-1-1536x1175.jpg 1536w, https:\/\/terrasdebasto.pt\/wp-content\/uploads\/2024\/08\/101-1-2048x1567.jpg 2048w, https:\/\/terrasdebasto.pt\/wp-content\/uploads\/2024\/08\/101-1-150x115.jpg 150w, https:\/\/terrasdebasto.pt\/wp-content\/uploads\/2024\/08\/101-1-696x532.jpg 696w, https:\/\/terrasdebasto.pt\/wp-content\/uploads\/2024\/08\/101-1-1068x817.jpg 1068w, https:\/\/terrasdebasto.pt\/wp-content\/uploads\/2024\/08\/101-1-1920x1469.jpg 1920w\" sizes=\"auto, (max-width: 1024px) 100vw, 1024px\" \/><\/figure>\n<\/figure>\n\n\n\n<figure class=\"wp-block-gallery has-nested-images columns-default is-cropped wp-block-gallery-2 is-layout-flex wp-block-gallery-is-layout-flex\">\n<figure class=\"wp-block-image size-large\"><img loading=\"lazy\" decoding=\"async\" width=\"1024\" height=\"665\" data-id=\"1272\" src=\"https:\/\/terrasdebasto.pt\/wp-content\/uploads\/2024\/08\/120-1024x665.jpg\" alt=\"\" class=\"wp-image-1272\" srcset=\"https:\/\/terrasdebasto.pt\/wp-content\/uploads\/2024\/08\/120-1024x665.jpg 1024w, https:\/\/terrasdebasto.pt\/wp-content\/uploads\/2024\/08\/120-300x195.jpg 300w, https:\/\/terrasdebasto.pt\/wp-content\/uploads\/2024\/08\/120-768x499.jpg 768w, https:\/\/terrasdebasto.pt\/wp-content\/uploads\/2024\/08\/120-1536x997.jpg 1536w, https:\/\/terrasdebasto.pt\/wp-content\/uploads\/2024\/08\/120-2048x1330.jpg 2048w, https:\/\/terrasdebasto.pt\/wp-content\/uploads\/2024\/08\/120-150x97.jpg 150w, https:\/\/terrasdebasto.pt\/wp-content\/uploads\/2024\/08\/120-696x452.jpg 696w, https:\/\/terrasdebasto.pt\/wp-content\/uploads\/2024\/08\/120-1068x693.jpg 1068w, https:\/\/terrasdebasto.pt\/wp-content\/uploads\/2024\/08\/120-1920x1247.jpg 1920w\" sizes=\"auto, (max-width: 1024px) 100vw, 1024px\" \/><\/figure>\n<\/figure>\n\n\n\n<figure class=\"wp-block-gallery has-nested-images columns-default is-cropped wp-block-gallery-3 is-layout-flex wp-block-gallery-is-layout-flex\">\n<figure class=\"wp-block-image size-large\"><img loading=\"lazy\" decoding=\"async\" width=\"1024\" height=\"722\" data-id=\"1275\" src=\"https:\/\/terrasdebasto.pt\/wp-content\/uploads\/2024\/08\/102-1-1024x722.jpg\" alt=\"\" class=\"wp-image-1275\" srcset=\"https:\/\/terrasdebasto.pt\/wp-content\/uploads\/2024\/08\/102-1-1024x722.jpg 1024w, https:\/\/terrasdebasto.pt\/wp-content\/uploads\/2024\/08\/102-1-300x212.jpg 300w, https:\/\/terrasdebasto.pt\/wp-content\/uploads\/2024\/08\/102-1-768x542.jpg 768w, https:\/\/terrasdebasto.pt\/wp-content\/uploads\/2024\/08\/102-1-1536x1084.jpg 1536w, https:\/\/terrasdebasto.pt\/wp-content\/uploads\/2024\/08\/102-1-2048x1445.jpg 2048w, https:\/\/terrasdebasto.pt\/wp-content\/uploads\/2024\/08\/102-1-150x106.jpg 150w, https:\/\/terrasdebasto.pt\/wp-content\/uploads\/2024\/08\/102-1-696x491.jpg 696w, https:\/\/terrasdebasto.pt\/wp-content\/uploads\/2024\/08\/102-1-1068x754.jpg 1068w, https:\/\/terrasdebasto.pt\/wp-content\/uploads\/2024\/08\/102-1-1920x1355.jpg 1920w\" sizes=\"auto, (max-width: 1024px) 100vw, 1024px\" \/><\/figure>\n\n\n\n<figure class=\"wp-block-image size-large\"><img loading=\"lazy\" decoding=\"async\" width=\"1024\" height=\"771\" data-id=\"1274\" src=\"https:\/\/terrasdebasto.pt\/wp-content\/uploads\/2024\/08\/103-1-1024x771.jpg\" alt=\"\" class=\"wp-image-1274\" srcset=\"https:\/\/terrasdebasto.pt\/wp-content\/uploads\/2024\/08\/103-1-1024x771.jpg 1024w, https:\/\/terrasdebasto.pt\/wp-content\/uploads\/2024\/08\/103-1-300x226.jpg 300w, https:\/\/terrasdebasto.pt\/wp-content\/uploads\/2024\/08\/103-1-768x579.jpg 768w, https:\/\/terrasdebasto.pt\/wp-content\/uploads\/2024\/08\/103-1-1536x1157.jpg 1536w, https:\/\/terrasdebasto.pt\/wp-content\/uploads\/2024\/08\/103-1-2048x1543.jpg 2048w, https:\/\/terrasdebasto.pt\/wp-content\/uploads\/2024\/08\/103-1-150x113.jpg 150w, https:\/\/terrasdebasto.pt\/wp-content\/uploads\/2024\/08\/103-1-696x524.jpg 696w, https:\/\/terrasdebasto.pt\/wp-content\/uploads\/2024\/08\/103-1-1068x805.jpg 1068w, https:\/\/terrasdebasto.pt\/wp-content\/uploads\/2024\/08\/103-1-1920x1446.jpg 1920w\" sizes=\"auto, (max-width: 1024px) 100vw, 1024px\" \/><\/figure>\n\n\n\n<figure class=\"wp-block-image size-large\"><img loading=\"lazy\" decoding=\"async\" width=\"1024\" height=\"855\" data-id=\"1281\" src=\"https:\/\/terrasdebasto.pt\/wp-content\/uploads\/2024\/08\/104-1-1024x855.jpg\" alt=\"\" class=\"wp-image-1281\" srcset=\"https:\/\/terrasdebasto.pt\/wp-content\/uploads\/2024\/08\/104-1-1024x855.jpg 1024w, https:\/\/terrasdebasto.pt\/wp-content\/uploads\/2024\/08\/104-1-300x251.jpg 300w, https:\/\/terrasdebasto.pt\/wp-content\/uploads\/2024\/08\/104-1-768x642.jpg 768w, https:\/\/terrasdebasto.pt\/wp-content\/uploads\/2024\/08\/104-1-1536x1283.jpg 1536w, https:\/\/terrasdebasto.pt\/wp-content\/uploads\/2024\/08\/104-1-2048x1711.jpg 2048w, https:\/\/terrasdebasto.pt\/wp-content\/uploads\/2024\/08\/104-1-150x125.jpg 150w, https:\/\/terrasdebasto.pt\/wp-content\/uploads\/2024\/08\/104-1-696x581.jpg 696w, https:\/\/terrasdebasto.pt\/wp-content\/uploads\/2024\/08\/104-1-1068x892.jpg 1068w, https:\/\/terrasdebasto.pt\/wp-content\/uploads\/2024\/08\/104-1-1920x1604.jpg 1920w\" sizes=\"auto, (max-width: 1024px) 100vw, 1024px\" \/><\/figure>\n\n\n\n<figure class=\"wp-block-image size-large\"><img loading=\"lazy\" decoding=\"async\" width=\"1024\" height=\"683\" data-id=\"1283\" src=\"https:\/\/terrasdebasto.pt\/wp-content\/uploads\/2024\/08\/105-1024x683.jpg\" alt=\"\" class=\"wp-image-1283\" srcset=\"https:\/\/terrasdebasto.pt\/wp-content\/uploads\/2024\/08\/105-1024x683.jpg 1024w, https:\/\/terrasdebasto.pt\/wp-content\/uploads\/2024\/08\/105-300x200.jpg 300w, https:\/\/terrasdebasto.pt\/wp-content\/uploads\/2024\/08\/105-768x512.jpg 768w, https:\/\/terrasdebasto.pt\/wp-content\/uploads\/2024\/08\/105-1536x1024.jpg 1536w, https:\/\/terrasdebasto.pt\/wp-content\/uploads\/2024\/08\/105-2048x1365.jpg 2048w, https:\/\/terrasdebasto.pt\/wp-content\/uploads\/2024\/08\/105-150x100.jpg 150w, https:\/\/terrasdebasto.pt\/wp-content\/uploads\/2024\/08\/105-696x464.jpg 696w, https:\/\/terrasdebasto.pt\/wp-content\/uploads\/2024\/08\/105-1068x712.jpg 1068w, https:\/\/terrasdebasto.pt\/wp-content\/uploads\/2024\/08\/105-1920x1280.jpg 1920w\" sizes=\"auto, (max-width: 1024px) 100vw, 1024px\" \/><\/figure>\n\n\n\n<figure class=\"wp-block-image size-large\"><img loading=\"lazy\" decoding=\"async\" width=\"1024\" height=\"663\" data-id=\"1285\" src=\"https:\/\/terrasdebasto.pt\/wp-content\/uploads\/2024\/08\/106-1-1024x663.jpg\" alt=\"\" class=\"wp-image-1285\" srcset=\"https:\/\/terrasdebasto.pt\/wp-content\/uploads\/2024\/08\/106-1-1024x663.jpg 1024w, https:\/\/terrasdebasto.pt\/wp-content\/uploads\/2024\/08\/106-1-300x194.jpg 300w, https:\/\/terrasdebasto.pt\/wp-content\/uploads\/2024\/08\/106-1-768x498.jpg 768w, https:\/\/terrasdebasto.pt\/wp-content\/uploads\/2024\/08\/106-1-1536x995.jpg 1536w, https:\/\/terrasdebasto.pt\/wp-content\/uploads\/2024\/08\/106-1-2048x1327.jpg 2048w, https:\/\/terrasdebasto.pt\/wp-content\/uploads\/2024\/08\/106-1-150x97.jpg 150w, https:\/\/terrasdebasto.pt\/wp-content\/uploads\/2024\/08\/106-1-696x451.jpg 696w, https:\/\/terrasdebasto.pt\/wp-content\/uploads\/2024\/08\/106-1-1068x692.jpg 1068w, https:\/\/terrasdebasto.pt\/wp-content\/uploads\/2024\/08\/106-1-1920x1244.jpg 1920w\" sizes=\"auto, (max-width: 1024px) 100vw, 1024px\" \/><\/figure>\n\n\n\n<figure class=\"wp-block-image size-large\"><img loading=\"lazy\" decoding=\"async\" width=\"1024\" height=\"840\" data-id=\"1273\" src=\"https:\/\/terrasdebasto.pt\/wp-content\/uploads\/2024\/08\/107-1024x840.jpg\" alt=\"\" class=\"wp-image-1273\" srcset=\"https:\/\/terrasdebasto.pt\/wp-content\/uploads\/2024\/08\/107-1024x840.jpg 1024w, https:\/\/terrasdebasto.pt\/wp-content\/uploads\/2024\/08\/107-300x246.jpg 300w, https:\/\/terrasdebasto.pt\/wp-content\/uploads\/2024\/08\/107-768x630.jpg 768w, https:\/\/terrasdebasto.pt\/wp-content\/uploads\/2024\/08\/107-1536x1259.jpg 1536w, https:\/\/terrasdebasto.pt\/wp-content\/uploads\/2024\/08\/107-150x123.jpg 150w, https:\/\/terrasdebasto.pt\/wp-content\/uploads\/2024\/08\/107-696x571.jpg 696w, https:\/\/terrasdebasto.pt\/wp-content\/uploads\/2024\/08\/107-1068x876.jpg 1068w, https:\/\/terrasdebasto.pt\/wp-content\/uploads\/2024\/08\/107-1920x1574.jpg 1920w\" sizes=\"auto, (max-width: 1024px) 100vw, 1024px\" \/><\/figure>\n\n\n\n<figure class=\"wp-block-image size-large\"><img loading=\"lazy\" decoding=\"async\" width=\"1024\" height=\"699\" data-id=\"1276\" src=\"https:\/\/terrasdebasto.pt\/wp-content\/uploads\/2024\/08\/108-1-1024x699.jpg\" alt=\"\" class=\"wp-image-1276\" srcset=\"https:\/\/terrasdebasto.pt\/wp-content\/uploads\/2024\/08\/108-1-1024x699.jpg 1024w, https:\/\/terrasdebasto.pt\/wp-content\/uploads\/2024\/08\/108-1-300x205.jpg 300w, https:\/\/terrasdebasto.pt\/wp-content\/uploads\/2024\/08\/108-1-768x524.jpg 768w, https:\/\/terrasdebasto.pt\/wp-content\/uploads\/2024\/08\/108-1-1536x1049.jpg 1536w, https:\/\/terrasdebasto.pt\/wp-content\/uploads\/2024\/08\/108-1-2048x1398.jpg 2048w, https:\/\/terrasdebasto.pt\/wp-content\/uploads\/2024\/08\/108-1-150x102.jpg 150w, https:\/\/terrasdebasto.pt\/wp-content\/uploads\/2024\/08\/108-1-218x150.jpg 218w, https:\/\/terrasdebasto.pt\/wp-content\/uploads\/2024\/08\/108-1-696x475.jpg 696w, https:\/\/terrasdebasto.pt\/wp-content\/uploads\/2024\/08\/108-1-1068x729.jpg 1068w, https:\/\/terrasdebasto.pt\/wp-content\/uploads\/2024\/08\/108-1-1920x1311.jpg 1920w\" sizes=\"auto, (max-width: 1024px) 100vw, 1024px\" \/><\/figure>\n\n\n\n<figure class=\"wp-block-image size-large\"><img loading=\"lazy\" decoding=\"async\" width=\"1024\" height=\"683\" data-id=\"1286\" src=\"https:\/\/terrasdebasto.pt\/wp-content\/uploads\/2024\/08\/110-1-1024x683.jpg\" alt=\"\" class=\"wp-image-1286\" srcset=\"https:\/\/terrasdebasto.pt\/wp-content\/uploads\/2024\/08\/110-1-1024x683.jpg 1024w, https:\/\/terrasdebasto.pt\/wp-content\/uploads\/2024\/08\/110-1-300x200.jpg 300w, https:\/\/terrasdebasto.pt\/wp-content\/uploads\/2024\/08\/110-1-768x512.jpg 768w, https:\/\/terrasdebasto.pt\/wp-content\/uploads\/2024\/08\/110-1-1536x1024.jpg 1536w, https:\/\/terrasdebasto.pt\/wp-content\/uploads\/2024\/08\/110-1-2048x1365.jpg 2048w, https:\/\/terrasdebasto.pt\/wp-content\/uploads\/2024\/08\/110-1-150x100.jpg 150w, https:\/\/terrasdebasto.pt\/wp-content\/uploads\/2024\/08\/110-1-696x464.jpg 696w, https:\/\/terrasdebasto.pt\/wp-content\/uploads\/2024\/08\/110-1-1068x712.jpg 1068w, https:\/\/terrasdebasto.pt\/wp-content\/uploads\/2024\/08\/110-1-1920x1280.jpg 1920w\" sizes=\"auto, (max-width: 1024px) 100vw, 1024px\" \/><\/figure>\n\n\n\n\n\n\n\n\n\n<figure class=\"wp-block-image size-large\"><img loading=\"lazy\" decoding=\"async\" width=\"804\" height=\"1024\" data-id=\"1279\" src=\"https:\/\/terrasdebasto.pt\/wp-content\/uploads\/2024\/08\/114-1-804x1024.jpg\" alt=\"\" class=\"wp-image-1279\" srcset=\"https:\/\/terrasdebasto.pt\/wp-content\/uploads\/2024\/08\/114-1-804x1024.jpg 804w, https:\/\/terrasdebasto.pt\/wp-content\/uploads\/2024\/08\/114-1-235x300.jpg 235w, https:\/\/terrasdebasto.pt\/wp-content\/uploads\/2024\/08\/114-1-768x979.jpg 768w, https:\/\/terrasdebasto.pt\/wp-content\/uploads\/2024\/08\/114-1-1205x1536.jpg 1205w, https:\/\/terrasdebasto.pt\/wp-content\/uploads\/2024\/08\/114-1-1607x2048.jpg 1607w, https:\/\/terrasdebasto.pt\/wp-content\/uploads\/2024\/08\/114-1-150x191.jpg 150w, https:\/\/terrasdebasto.pt\/wp-content\/uploads\/2024\/08\/114-1-300x382.jpg 300w, https:\/\/terrasdebasto.pt\/wp-content\/uploads\/2024\/08\/114-1-696x887.jpg 696w, https:\/\/terrasdebasto.pt\/wp-content\/uploads\/2024\/08\/114-1-1068x1361.jpg 1068w, https:\/\/terrasdebasto.pt\/wp-content\/uploads\/2024\/08\/114-1-1920x2446.jpg 1920w, https:\/\/terrasdebasto.pt\/wp-content\/uploads\/2024\/08\/114-1.jpg 1984w\" sizes=\"auto, (max-width: 804px) 100vw, 804px\" \/><\/figure>\n\n\n\n<figure class=\"wp-block-image size-large\"><img loading=\"lazy\" decoding=\"async\" width=\"797\" height=\"1024\" data-id=\"1280\" src=\"https:\/\/terrasdebasto.pt\/wp-content\/uploads\/2024\/08\/115-1-797x1024.jpg\" alt=\"\" class=\"wp-image-1280\" srcset=\"https:\/\/terrasdebasto.pt\/wp-content\/uploads\/2024\/08\/115-1-797x1024.jpg 797w, https:\/\/terrasdebasto.pt\/wp-content\/uploads\/2024\/08\/115-1-233x300.jpg 233w, https:\/\/terrasdebasto.pt\/wp-content\/uploads\/2024\/08\/115-1-768x987.jpg 768w, https:\/\/terrasdebasto.pt\/wp-content\/uploads\/2024\/08\/115-1-1195x1536.jpg 1195w, https:\/\/terrasdebasto.pt\/wp-content\/uploads\/2024\/08\/115-1-1594x2048.jpg 1594w, https:\/\/terrasdebasto.pt\/wp-content\/uploads\/2024\/08\/115-1-150x193.jpg 150w, https:\/\/terrasdebasto.pt\/wp-content\/uploads\/2024\/08\/115-1-300x385.jpg 300w, https:\/\/terrasdebasto.pt\/wp-content\/uploads\/2024\/08\/115-1-696x894.jpg 696w, https:\/\/terrasdebasto.pt\/wp-content\/uploads\/2024\/08\/115-1-1068x1372.jpg 1068w, https:\/\/terrasdebasto.pt\/wp-content\/uploads\/2024\/08\/115-1.jpg 1850w\" sizes=\"auto, (max-width: 797px) 100vw, 797px\" \/><\/figure>\n\n\n\n\n\n<figure class=\"wp-block-image size-large\"><img loading=\"lazy\" decoding=\"async\" width=\"1024\" height=\"683\" data-id=\"1289\" src=\"https:\/\/terrasdebasto.pt\/wp-content\/uploads\/2024\/08\/117-1024x683.jpg\" alt=\"\" class=\"wp-image-1289\" srcset=\"https:\/\/terrasdebasto.pt\/wp-content\/uploads\/2024\/08\/117-1024x683.jpg 1024w, https:\/\/terrasdebasto.pt\/wp-content\/uploads\/2024\/08\/117-300x200.jpg 300w, https:\/\/terrasdebasto.pt\/wp-content\/uploads\/2024\/08\/117-768x512.jpg 768w, https:\/\/terrasdebasto.pt\/wp-content\/uploads\/2024\/08\/117-1536x1024.jpg 1536w, https:\/\/terrasdebasto.pt\/wp-content\/uploads\/2024\/08\/117-2048x1365.jpg 2048w, https:\/\/terrasdebasto.pt\/wp-content\/uploads\/2024\/08\/117-150x100.jpg 150w, https:\/\/terrasdebasto.pt\/wp-content\/uploads\/2024\/08\/117-696x464.jpg 696w, https:\/\/terrasdebasto.pt\/wp-content\/uploads\/2024\/08\/117-1068x712.jpg 1068w, https:\/\/terrasdebasto.pt\/wp-content\/uploads\/2024\/08\/117-1920x1280.jpg 1920w\" sizes=\"auto, (max-width: 1024px) 100vw, 1024px\" \/><\/figure>\n\n\n\n<figure class=\"wp-block-image size-large\"><img loading=\"lazy\" decoding=\"async\" width=\"1024\" height=\"683\" data-id=\"1288\" src=\"https:\/\/terrasdebasto.pt\/wp-content\/uploads\/2024\/08\/118-1024x683.jpg\" alt=\"\" class=\"wp-image-1288\" srcset=\"https:\/\/terrasdebasto.pt\/wp-content\/uploads\/2024\/08\/118-1024x683.jpg 1024w, https:\/\/terrasdebasto.pt\/wp-content\/uploads\/2024\/08\/118-300x200.jpg 300w, https:\/\/terrasdebasto.pt\/wp-content\/uploads\/2024\/08\/118-768x512.jpg 768w, https:\/\/terrasdebasto.pt\/wp-content\/uploads\/2024\/08\/118-1536x1024.jpg 1536w, https:\/\/terrasdebasto.pt\/wp-content\/uploads\/2024\/08\/118-2048x1365.jpg 2048w, https:\/\/terrasdebasto.pt\/wp-content\/uploads\/2024\/08\/118-150x100.jpg 150w, https:\/\/terrasdebasto.pt\/wp-content\/uploads\/2024\/08\/118-696x464.jpg 696w, https:\/\/terrasdebasto.pt\/wp-content\/uploads\/2024\/08\/118-1068x712.jpg 1068w, https:\/\/terrasdebasto.pt\/wp-content\/uploads\/2024\/08\/118-1920x1280.jpg 1920w\" sizes=\"auto, (max-width: 1024px) 100vw, 1024px\" \/><\/figure>\n\n\n\n<figure class=\"wp-block-image size-large\"><img loading=\"lazy\" decoding=\"async\" width=\"1024\" height=\"683\" data-id=\"1284\" src=\"https:\/\/terrasdebasto.pt\/wp-content\/uploads\/2024\/08\/119-1024x683.jpg\" alt=\"\" class=\"wp-image-1284\" srcset=\"https:\/\/terrasdebasto.pt\/wp-content\/uploads\/2024\/08\/119-1024x683.jpg 1024w, https:\/\/terrasdebasto.pt\/wp-content\/uploads\/2024\/08\/119-300x200.jpg 300w, https:\/\/terrasdebasto.pt\/wp-content\/uploads\/2024\/08\/119-768x512.jpg 768w, https:\/\/terrasdebasto.pt\/wp-content\/uploads\/2024\/08\/119-1536x1024.jpg 1536w, https:\/\/terrasdebasto.pt\/wp-content\/uploads\/2024\/08\/119-2048x1365.jpg 2048w, https:\/\/terrasdebasto.pt\/wp-content\/uploads\/2024\/08\/119-150x100.jpg 150w, https:\/\/terrasdebasto.pt\/wp-content\/uploads\/2024\/08\/119-696x464.jpg 696w, https:\/\/terrasdebasto.pt\/wp-content\/uploads\/2024\/08\/119-1068x712.jpg 1068w, https:\/\/terrasdebasto.pt\/wp-content\/uploads\/2024\/08\/119-1920x1280.jpg 1920w\" sizes=\"auto, (max-width: 1024px) 100vw, 1024px\" \/><\/figure>\n<\/figure>\n\n\n\n<figure class=\"wp-block-gallery has-nested-images columns-default is-cropped wp-block-gallery-4 is-layout-flex wp-block-gallery-is-layout-flex\">\n<figure class=\"wp-block-image size-large\"><img loading=\"lazy\" decoding=\"async\" width=\"854\" height=\"1024\" data-id=\"1292\" src=\"https:\/\/terrasdebasto.pt\/wp-content\/uploads\/2024\/08\/116-1-854x1024.jpg\" alt=\"\" class=\"wp-image-1292\" srcset=\"https:\/\/terrasdebasto.pt\/wp-content\/uploads\/2024\/08\/116-1-854x1024.jpg 854w, https:\/\/terrasdebasto.pt\/wp-content\/uploads\/2024\/08\/116-1-250x300.jpg 250w, https:\/\/terrasdebasto.pt\/wp-content\/uploads\/2024\/08\/116-1-768x921.jpg 768w, https:\/\/terrasdebasto.pt\/wp-content\/uploads\/2024\/08\/116-1-1282x1536.jpg 1282w, https:\/\/terrasdebasto.pt\/wp-content\/uploads\/2024\/08\/116-1-1709x2048.jpg 1709w, https:\/\/terrasdebasto.pt\/wp-content\/uploads\/2024\/08\/116-1-150x180.jpg 150w, https:\/\/terrasdebasto.pt\/wp-content\/uploads\/2024\/08\/116-1-300x360.jpg 300w, https:\/\/terrasdebasto.pt\/wp-content\/uploads\/2024\/08\/116-1-696x834.jpg 696w, https:\/\/terrasdebasto.pt\/wp-content\/uploads\/2024\/08\/116-1-1068x1280.jpg 1068w, https:\/\/terrasdebasto.pt\/wp-content\/uploads\/2024\/08\/116-1-1920x2301.jpg 1920w, https:\/\/terrasdebasto.pt\/wp-content\/uploads\/2024\/08\/116-1.jpg 1984w\" sizes=\"auto, (max-width: 854px) 100vw, 854px\" \/><\/figure>\n<\/figure>\n","protected":false},"excerpt":{"rendered":"<p>O autarca de Celorico de Basto est\u00e1 convicto de que a edi\u00e7\u00e3o da Feira de Artesanato, Gastronomia e Vinhos aberta ao p\u00fablico esta quarta-feira (14) nesta vila vai registar das maiores ades\u00f5es de sempre, atraindo alguns milhares de pessoas at\u00e9 ao largo do mercado municipal. Falando \u00e0 imprensa no contexto da abertura do certame, em [&hellip;]<\/p>\n","protected":false},"author":7,"featured_media":1270,"comment_status":"open","ping_status":"open","sticky":false,"template":"","format":"standard","meta":{"footnotes":""},"categories":[13,9],"tags":[321],"class_list":{"0":"post-1269","1":"post","2":"type-post","3":"status-publish","4":"format-standard","5":"has-post-thumbnail","7":"category-celorico-de-basto","8":"category-terras-de-basto","9":"tag-feira-de-artesanato-gastronomia-e-vinhos-de-celorico-de-basto"},"yoast_head":"<!-- This site is optimized with the Yoast SEO plugin v25.7 - https:\/\/yoast.com\/wordpress\/plugins\/seo\/ -->\n<title>\u201cFAG\u201d de Celorico vai ter das maiores ades\u00f5es de sempre - Jornal Terras de Basto<\/title>\n<meta name=\"description\" content=\"O autarca de Celorico de Basto est\u00e1 convicto de que a edi\u00e7\u00e3o da Feira de Artesanato, Gastronomia e Vinhos aberta ao p\u00fablico esta quarta-feira (14) nesta vila vai registar das maiores ades\u00f5es de sempre, atraindo alguns milhares de pessoas at\u00e9 ao largo do mercado municipal.\" \/>\n<meta name=\"robots\" content=\"index, follow, max-snippet:-1, max-image-preview:large, max-video-preview:-1\" \/>\n<link rel=\"canonical\" href=\"https:\/\/terrasdebasto.pt\/?p=1269\" \/>\n<meta property=\"og:locale\" content=\"pt_PT\" \/>\n<meta property=\"og:type\" content=\"article\" \/>\n<meta property=\"og:title\" content=\"\u201cFAG\u201d de Celorico vai ter das maiores ades\u00f5es de sempre - Jornal Terras de Basto\" \/>\n<meta property=\"og:description\" content=\"O autarca de Celorico de Basto est\u00e1 convicto de que a edi\u00e7\u00e3o da Feira de Artesanato, Gastronomia e Vinhos aberta ao p\u00fablico esta quarta-feira (14) nesta vila vai registar das maiores ades\u00f5es de sempre, atraindo alguns milhares de pessoas at\u00e9 ao largo do mercado municipal.\" \/>\n<meta property=\"og:url\" content=\"https:\/\/terrasdebasto.pt\/?p=1269\" \/>\n<meta property=\"og:site_name\" content=\"Jornal Terras de Basto\" \/>\n<meta property=\"article:published_time\" content=\"2024-08-15T17:27:55+00:00\" \/>\n<meta property=\"article:modified_time\" content=\"2024-08-15T17:36:16+00:00\" \/>\n<meta property=\"og:image\" content=\"https:\/\/terrasdebasto.pt\/wp-content\/uploads\/2024\/08\/100-1.jpg\" \/>\n\t<meta property=\"og:image:width\" content=\"2359\" \/>\n\t<meta property=\"og:image:height\" content=\"1689\" \/>\n\t<meta property=\"og:image:type\" content=\"image\/jpeg\" \/>\n<meta name=\"author\" content=\"Jo\u00e3o Paulo Mesquita\" \/>\n<meta name=\"twitter:card\" content=\"summary_large_image\" \/>\n<meta name=\"twitter:label1\" content=\"Escrito por\" \/>\n\t<meta name=\"twitter:data1\" content=\"Jo\u00e3o Paulo Mesquita\" \/>\n\t<meta name=\"twitter:label2\" content=\"Tempo estimado de leitura\" \/>\n\t<meta name=\"twitter:data2\" content=\"7 minutos\" \/>\n<script type=\"application\/ld+json\" class=\"yoast-schema-graph\">{\"@context\":\"https:\/\/schema.org\",\"@graph\":[{\"@type\":\"Article\",\"@id\":\"https:\/\/terrasdebasto.pt\/?p=1269#article\",\"isPartOf\":{\"@id\":\"https:\/\/terrasdebasto.pt\/?p=1269\"},\"author\":{\"name\":\"Jo\u00e3o Paulo Mesquita\",\"@id\":\"https:\/\/terrasdebasto.pt\/#\/schema\/person\/9f6739f5394ac65c802641773b278b84\"},\"headline\":\"\u201cFAG\u201d de Celorico vai ter das maiores ades\u00f5es de sempre\",\"datePublished\":\"2024-08-15T17:27:55+00:00\",\"dateModified\":\"2024-08-15T17:36:16+00:00\",\"mainEntityOfPage\":{\"@id\":\"https:\/\/terrasdebasto.pt\/?p=1269\"},\"wordCount\":454,\"commentCount\":0,\"publisher\":{\"@id\":\"https:\/\/terrasdebasto.pt\/#organization\"},\"image\":{\"@id\":\"https:\/\/terrasdebasto.pt\/?p=1269#primaryimage\"},\"thumbnailUrl\":\"https:\/\/terrasdebasto.pt\/wp-content\/uploads\/2024\/08\/100-1.jpg\",\"keywords\":[\"Feira de Artesanato Gastronomia e Vinhos de Celorico de Basto\"],\"articleSection\":[\"Celorico de Basto\",\"Terras de Basto\"],\"inLanguage\":\"pt-PT\",\"potentialAction\":[{\"@type\":\"CommentAction\",\"name\":\"Comment\",\"target\":[\"https:\/\/terrasdebasto.pt\/?p=1269#respond\"]}]},{\"@type\":\"WebPage\",\"@id\":\"https:\/\/terrasdebasto.pt\/?p=1269\",\"url\":\"https:\/\/terrasdebasto.pt\/?p=1269\",\"name\":\"\u201cFAG\u201d de Celorico vai ter das maiores ades\u00f5es de sempre - Jornal Terras de Basto\",\"isPartOf\":{\"@id\":\"https:\/\/terrasdebasto.pt\/#website\"},\"primaryImageOfPage\":{\"@id\":\"https:\/\/terrasdebasto.pt\/?p=1269#primaryimage\"},\"image\":{\"@id\":\"https:\/\/terrasdebasto.pt\/?p=1269#primaryimage\"},\"thumbnailUrl\":\"https:\/\/terrasdebasto.pt\/wp-content\/uploads\/2024\/08\/100-1.jpg\",\"datePublished\":\"2024-08-15T17:27:55+00:00\",\"dateModified\":\"2024-08-15T17:36:16+00:00\",\"description\":\"O autarca de Celorico de Basto est\u00e1 convicto de que a edi\u00e7\u00e3o da Feira de Artesanato, Gastronomia e Vinhos aberta ao p\u00fablico esta quarta-feira (14) nesta vila vai registar das maiores ades\u00f5es de sempre, atraindo alguns milhares de pessoas at\u00e9 ao largo do mercado municipal.\",\"breadcrumb\":{\"@id\":\"https:\/\/terrasdebasto.pt\/?p=1269#breadcrumb\"},\"inLanguage\":\"pt-PT\",\"potentialAction\":[{\"@type\":\"ReadAction\",\"target\":[\"https:\/\/terrasdebasto.pt\/?p=1269\"]}]},{\"@type\":\"ImageObject\",\"inLanguage\":\"pt-PT\",\"@id\":\"https:\/\/terrasdebasto.pt\/?p=1269#primaryimage\",\"url\":\"https:\/\/terrasdebasto.pt\/wp-content\/uploads\/2024\/08\/100-1.jpg\",\"contentUrl\":\"https:\/\/terrasdebasto.pt\/wp-content\/uploads\/2024\/08\/100-1.jpg\",\"width\":2359,\"height\":1689},{\"@type\":\"BreadcrumbList\",\"@id\":\"https:\/\/terrasdebasto.pt\/?p=1269#breadcrumb\",\"itemListElement\":[{\"@type\":\"ListItem\",\"position\":1,\"name\":\"In\u00edcio\",\"item\":\"https:\/\/terrasdebasto.pt\/\"},{\"@type\":\"ListItem\",\"position\":2,\"name\":\"\u201cFAG\u201d de Celorico vai ter das maiores ades\u00f5es de sempre\"}]},{\"@type\":\"WebSite\",\"@id\":\"https:\/\/terrasdebasto.pt\/#website\",\"url\":\"https:\/\/terrasdebasto.pt\/\",\"name\":\"Jornal Terras de Basto\",\"description\":\"\",\"publisher\":{\"@id\":\"https:\/\/terrasdebasto.pt\/#organization\"},\"potentialAction\":[{\"@type\":\"SearchAction\",\"target\":{\"@type\":\"EntryPoint\",\"urlTemplate\":\"https:\/\/terrasdebasto.pt\/?s={search_term_string}\"},\"query-input\":{\"@type\":\"PropertyValueSpecification\",\"valueRequired\":true,\"valueName\":\"search_term_string\"}}],\"inLanguage\":\"pt-PT\"},{\"@type\":\"Organization\",\"@id\":\"https:\/\/terrasdebasto.pt\/#organization\",\"name\":\"Jornal Terras de Basto\",\"url\":\"https:\/\/terrasdebasto.pt\/\",\"logo\":{\"@type\":\"ImageObject\",\"inLanguage\":\"pt-PT\",\"@id\":\"https:\/\/terrasdebasto.pt\/#\/schema\/logo\/image\/\",\"url\":\"https:\/\/terrasdebasto.pt\/wp-content\/uploads\/2024\/06\/LogoNormal.png\",\"contentUrl\":\"https:\/\/terrasdebasto.pt\/wp-content\/uploads\/2024\/06\/LogoNormal.png\",\"width\":5638,\"height\":809,\"caption\":\"Jornal Terras de Basto\"},\"image\":{\"@id\":\"https:\/\/terrasdebasto.pt\/#\/schema\/logo\/image\/\"}},{\"@type\":\"Person\",\"@id\":\"https:\/\/terrasdebasto.pt\/#\/schema\/person\/9f6739f5394ac65c802641773b278b84\",\"name\":\"Jo\u00e3o Paulo Mesquita\",\"image\":{\"@type\":\"ImageObject\",\"inLanguage\":\"pt-PT\",\"@id\":\"https:\/\/terrasdebasto.pt\/#\/schema\/person\/image\/\",\"url\":\"https:\/\/secure.gravatar.com\/avatar\/9bd0f299e6d96336664aab64354168246a3ee3287c47891c50d450e47ed9d7f9?s=96&d=mm&r=g\",\"contentUrl\":\"https:\/\/secure.gravatar.com\/avatar\/9bd0f299e6d96336664aab64354168246a3ee3287c47891c50d450e47ed9d7f9?s=96&d=mm&r=g\",\"caption\":\"Jo\u00e3o Paulo Mesquita\"},\"url\":\"https:\/\/terrasdebasto.pt\/?author=7\"}]}<\/script>\n<!-- \/ Yoast SEO plugin. -->","yoast_head_json":{"title":"\u201cFAG\u201d de Celorico vai ter das maiores ades\u00f5es de sempre - Jornal Terras de Basto","description":"O autarca de Celorico de Basto est\u00e1 convicto de que a edi\u00e7\u00e3o da Feira de Artesanato, Gastronomia e Vinhos aberta ao p\u00fablico esta quarta-feira (14) nesta vila vai registar das maiores ades\u00f5es de sempre, atraindo alguns milhares de pessoas at\u00e9 ao largo do mercado municipal.","robots":{"index":"index","follow":"follow","max-snippet":"max-snippet:-1","max-image-preview":"max-image-preview:large","max-video-preview":"max-video-preview:-1"},"canonical":"https:\/\/terrasdebasto.pt\/?p=1269","og_locale":"pt_PT","og_type":"article","og_title":"\u201cFAG\u201d de Celorico vai ter das maiores ades\u00f5es de sempre - Jornal Terras de Basto","og_description":"O autarca de Celorico de Basto est\u00e1 convicto de que a edi\u00e7\u00e3o da Feira de Artesanato, Gastronomia e Vinhos aberta ao p\u00fablico esta quarta-feira (14) nesta vila vai registar das maiores ades\u00f5es de sempre, atraindo alguns milhares de pessoas at\u00e9 ao largo do mercado municipal.","og_url":"https:\/\/terrasdebasto.pt\/?p=1269","og_site_name":"Jornal Terras de Basto","article_published_time":"2024-08-15T17:27:55+00:00","article_modified_time":"2024-08-15T17:36:16+00:00","og_image":[{"width":2359,"height":1689,"url":"https:\/\/terrasdebasto.pt\/wp-content\/uploads\/2024\/08\/100-1.jpg","type":"image\/jpeg"}],"author":"Jo\u00e3o Paulo Mesquita","twitter_card":"summary_large_image","twitter_misc":{"Escrito por":"Jo\u00e3o Paulo Mesquita","Tempo estimado de leitura":"7 minutos"},"schema":{"@context":"https:\/\/schema.org","@graph":[{"@type":"Article","@id":"https:\/\/terrasdebasto.pt\/?p=1269#article","isPartOf":{"@id":"https:\/\/terrasdebasto.pt\/?p=1269"},"author":{"name":"Jo\u00e3o Paulo Mesquita","@id":"https:\/\/terrasdebasto.pt\/#\/schema\/person\/9f6739f5394ac65c802641773b278b84"},"headline":"\u201cFAG\u201d de Celorico vai ter das maiores ades\u00f5es de sempre","datePublished":"2024-08-15T17:27:55+00:00","dateModified":"2024-08-15T17:36:16+00:00","mainEntityOfPage":{"@id":"https:\/\/terrasdebasto.pt\/?p=1269"},"wordCount":454,"commentCount":0,"publisher":{"@id":"https:\/\/terrasdebasto.pt\/#organization"},"image":{"@id":"https:\/\/terrasdebasto.pt\/?p=1269#primaryimage"},"thumbnailUrl":"https:\/\/terrasdebasto.pt\/wp-content\/uploads\/2024\/08\/100-1.jpg","keywords":["Feira de Artesanato Gastronomia e Vinhos de Celorico de Basto"],"articleSection":["Celorico de Basto","Terras de Basto"],"inLanguage":"pt-PT","potentialAction":[{"@type":"CommentAction","name":"Comment","target":["https:\/\/terrasdebasto.pt\/?p=1269#respond"]}]},{"@type":"WebPage","@id":"https:\/\/terrasdebasto.pt\/?p=1269","url":"https:\/\/terrasdebasto.pt\/?p=1269","name":"\u201cFAG\u201d de Celorico vai ter das maiores ades\u00f5es de sempre - Jornal Terras de Basto","isPartOf":{"@id":"https:\/\/terrasdebasto.pt\/#website"},"primaryImageOfPage":{"@id":"https:\/\/terrasdebasto.pt\/?p=1269#primaryimage"},"image":{"@id":"https:\/\/terrasdebasto.pt\/?p=1269#primaryimage"},"thumbnailUrl":"https:\/\/terrasdebasto.pt\/wp-content\/uploads\/2024\/08\/100-1.jpg","datePublished":"2024-08-15T17:27:55+00:00","dateModified":"2024-08-15T17:36:16+00:00","description":"O autarca de Celorico de Basto est\u00e1 convicto de que a edi\u00e7\u00e3o da Feira de Artesanato, Gastronomia e Vinhos aberta ao p\u00fablico esta quarta-feira (14) nesta vila vai registar das maiores ades\u00f5es de sempre, atraindo alguns milhares de pessoas at\u00e9 ao largo do mercado municipal.","breadcrumb":{"@id":"https:\/\/terrasdebasto.pt\/?p=1269#breadcrumb"},"inLanguage":"pt-PT","potentialAction":[{"@type":"ReadAction","target":["https:\/\/terrasdebasto.pt\/?p=1269"]}]},{"@type":"ImageObject","inLanguage":"pt-PT","@id":"https:\/\/terrasdebasto.pt\/?p=1269#primaryimage","url":"https:\/\/terrasdebasto.pt\/wp-content\/uploads\/2024\/08\/100-1.jpg","contentUrl":"https:\/\/terrasdebasto.pt\/wp-content\/uploads\/2024\/08\/100-1.jpg","width":2359,"height":1689},{"@type":"BreadcrumbList","@id":"https:\/\/terrasdebasto.pt\/?p=1269#breadcrumb","itemListElement":[{"@type":"ListItem","position":1,"name":"In\u00edcio","item":"https:\/\/terrasdebasto.pt\/"},{"@type":"ListItem","position":2,"name":"\u201cFAG\u201d de Celorico vai ter das maiores ades\u00f5es de sempre"}]},{"@type":"WebSite","@id":"https:\/\/terrasdebasto.pt\/#website","url":"https:\/\/terrasdebasto.pt\/","name":"Jornal Terras de Basto","description":"","publisher":{"@id":"https:\/\/terrasdebasto.pt\/#organization"},"potentialAction":[{"@type":"SearchAction","target":{"@type":"EntryPoint","urlTemplate":"https:\/\/terrasdebasto.pt\/?s={search_term_string}"},"query-input":{"@type":"PropertyValueSpecification","valueRequired":true,"valueName":"search_term_string"}}],"inLanguage":"pt-PT"},{"@type":"Organization","@id":"https:\/\/terrasdebasto.pt\/#organization","name":"Jornal Terras de Basto","url":"https:\/\/terrasdebasto.pt\/","logo":{"@type":"ImageObject","inLanguage":"pt-PT","@id":"https:\/\/terrasdebasto.pt\/#\/schema\/logo\/image\/","url":"https:\/\/terrasdebasto.pt\/wp-content\/uploads\/2024\/06\/LogoNormal.png","contentUrl":"https:\/\/terrasdebasto.pt\/wp-content\/uploads\/2024\/06\/LogoNormal.png","width":5638,"height":809,"caption":"Jornal Terras de Basto"},"image":{"@id":"https:\/\/terrasdebasto.pt\/#\/schema\/logo\/image\/"}},{"@type":"Person","@id":"https:\/\/terrasdebasto.pt\/#\/schema\/person\/9f6739f5394ac65c802641773b278b84","name":"Jo\u00e3o Paulo Mesquita","image":{"@type":"ImageObject","inLanguage":"pt-PT","@id":"https:\/\/terrasdebasto.pt\/#\/schema\/person\/image\/","url":"https:\/\/secure.gravatar.com\/avatar\/9bd0f299e6d96336664aab64354168246a3ee3287c47891c50d450e47ed9d7f9?s=96&d=mm&r=g","contentUrl":"https:\/\/secure.gravatar.com\/avatar\/9bd0f299e6d96336664aab64354168246a3ee3287c47891c50d450e47ed9d7f9?s=96&d=mm&r=g","caption":"Jo\u00e3o Paulo Mesquita"},"url":"https:\/\/terrasdebasto.pt\/?author=7"}]}},"_links":{"self":[{"href":"https:\/\/terrasdebasto.pt\/index.php?rest_route=\/wp\/v2\/posts\/1269","targetHints":{"allow":["GET"]}}],"collection":[{"href":"https:\/\/terrasdebasto.pt\/index.php?rest_route=\/wp\/v2\/posts"}],"about":[{"href":"https:\/\/terrasdebasto.pt\/index.php?rest_route=\/wp\/v2\/types\/post"}],"author":[{"embeddable":true,"href":"https:\/\/terrasdebasto.pt\/index.php?rest_route=\/wp\/v2\/users\/7"}],"replies":[{"embeddable":true,"href":"https:\/\/terrasdebasto.pt\/index.php?rest_route=%2Fwp%2Fv2%2Fcomments&post=1269"}],"version-history":[{"count":2,"href":"https:\/\/terrasdebasto.pt\/index.php?rest_route=\/wp\/v2\/posts\/1269\/revisions"}],"predecessor-version":[{"id":1293,"href":"https:\/\/terrasdebasto.pt\/index.php?rest_route=\/wp\/v2\/posts\/1269\/revisions\/1293"}],"wp:featuredmedia":[{"embeddable":true,"href":"https:\/\/terrasdebasto.pt\/index.php?rest_route=\/wp\/v2\/media\/1270"}],"wp:attachment":[{"href":"https:\/\/terrasdebasto.pt\/index.php?rest_route=%2Fwp%2Fv2%2Fmedia&parent=1269"}],"wp:term":[{"taxonomy":"category","embeddable":true,"href":"https:\/\/terrasdebasto.pt\/index.php?rest_route=%2Fwp%2Fv2%2Fcategories&post=1269"},{"taxonomy":"post_tag","embeddable":true,"href":"https:\/\/terrasdebasto.pt\/index.php?rest_route=%2Fwp%2Fv2%2Ftags&post=1269"}],"curies":[{"name":"wp","href":"https:\/\/api.w.org\/{rel}","templated":true}]}}