{"id":123,"date":"2024-06-14T09:47:44","date_gmt":"2024-06-14T09:47:44","guid":{"rendered":"http:\/\/tdi_212_9c6"},"modified":"2024-06-19T14:59:05","modified_gmt":"2024-06-19T14:59:05","slug":"how-social-media-ended-careers-a-retrospective","status":"publish","type":"post","link":"https:\/\/terrasdebasto.pt\/?p=123","title":{"rendered":"Anima\u00e7\u00e3o na pra\u00e7a Adriano Valente"},"content":{"rendered":"<div class=\"x11i5rnm xat24cr x1mh8g0r x1vvkbs xtlvy1s x126k92a\">\n<div dir=\"auto\">O Munic\u00edpio de Cabeceiras de Basto quer \u00abdinamizar, dar vida cultural e um novo colorido\u00bb \u00e0 Pra\u00e7a Adriano Valente, na vila do Arco de Ba\u00falhe, tendo preparado par o efeito um programa, que se prop\u00f5e tornar p\u00fablico este domingo (16), \u00e0s 21h00, momentos antes do primeiro espet\u00e1culo, no caso \u201cDo Fado ao Rock\u201d.<\/div>\n<\/div>\n<div dir=\"auto\"><\/div>\n<div dir=\"auto\"><\/div>\n<div class=\"x11i5rnm xat24cr x1mh8g0r x1vvkbs xtlvy1s x126k92a\">\n<div dir=\"auto\">O munic\u00edpio \u2013 que contratou para o efeito um programador em exclusivo para a atividade cultural desta pra\u00e7a \u2013 adianta que a programa\u00e7\u00e3o se estende at\u00e9 agosto, contando \u00abcom uma variedade de eventos e atividades destinadas a todas as faixas et\u00e1rias e diferentes p\u00fablicos-alvo\u00bb.<\/div>\n<\/div>\n<div dir=\"auto\"><\/div>\n<div dir=\"auto\"><\/div>\n<div class=\"x11i5rnm xat24cr x1mh8g0r x1vvkbs xtlvy1s x126k92a\">\n<div dir=\"auto\">\u00abConcertos ao ar livre, exposi\u00e7\u00f5es, workshops, artes performativas, festivais, dan\u00e7a, atividades desportivas e recreativas, entre outros, integram este vasto programa\u00bb, adianta.<\/div>\n<\/div>\n<div dir=\"auto\"><\/div>\n<div dir=\"auto\"><\/div>\n<div class=\"x11i5rnm xat24cr x1mh8g0r x1vvkbs xtlvy1s x126k92a\">\n<div dir=\"auto\">A Pra\u00e7a Adriano Valente, que integra um anfiteatro, instala\u00e7\u00f5es sanit\u00e1rias, camarins, espa\u00e7os ajardinados e zonas de descanso, decorre da interven\u00e7\u00e3o levada a cabo nos \u00faltimos anos na Avenida El\u00edsio de Azevedo.<\/div>\n<\/div>\n","protected":false},"excerpt":{"rendered":"<p>O Munic\u00edpio de Cabeceiras de Basto quer \u00abdinamizar, dar vida cultural e um novo colorido\u00bb \u00e0 Pra\u00e7a Adriano Valente, na vila do Arco de Ba\u00falhe, tendo preparado par o efeito um programa, que se prop\u00f5e tornar p\u00fablico este domingo (16), \u00e0s 21h00, momentos antes do primeiro espet\u00e1culo, no caso \u201cDo Fado ao Rock\u201d. O munic\u00edpio [&hellip;]<\/p>\n","protected":false},"author":2,"featured_media":268,"comment_status":"open","ping_status":"open","sticky":false,"template":"","format":"standard","meta":{"footnotes":""},"categories":[12,7,9],"tags":[],"class_list":{"0":"post-123","1":"post","2":"type-post","3":"status-publish","4":"format-standard","5":"has-post-thumbnail","7":"category-cabeceiras-de-basto","8":"category-cultura","9":"category-terras-de-basto"},"yoast_head":"<!-- This site is optimized with the Yoast SEO plugin v25.7 - https:\/\/yoast.com\/wordpress\/plugins\/seo\/ -->\n<title>Anima\u00e7\u00e3o na pra\u00e7a Adriano Valente - Jornal Terras de Basto<\/title>\n<meta name=\"robots\" content=\"index, follow, max-snippet:-1, max-image-preview:large, max-video-preview:-1\" \/>\n<link rel=\"canonical\" href=\"https:\/\/terrasdebasto.pt\/?p=123\" \/>\n<meta property=\"og:locale\" content=\"pt_PT\" \/>\n<meta property=\"og:type\" content=\"article\" \/>\n<meta property=\"og:title\" content=\"Anima\u00e7\u00e3o na pra\u00e7a Adriano Valente - Jornal Terras de Basto\" \/>\n<meta property=\"og:description\" content=\"O Munic\u00edpio de Cabeceiras de Basto quer \u00abdinamizar, dar vida cultural e um novo colorido\u00bb \u00e0 Pra\u00e7a Adriano Valente, na vila do Arco de Ba\u00falhe, tendo preparado par o efeito um programa, que se prop\u00f5e tornar p\u00fablico este domingo (16), \u00e0s 21h00, momentos antes do primeiro espet\u00e1culo, no caso \u201cDo Fado ao Rock\u201d. O munic\u00edpio [&hellip;]\" \/>\n<meta property=\"og:url\" content=\"https:\/\/terrasdebasto.pt\/?p=123\" \/>\n<meta property=\"og:site_name\" content=\"Jornal Terras de Basto\" \/>\n<meta property=\"article:published_time\" content=\"2024-06-14T09:47:44+00:00\" \/>\n<meta property=\"article:modified_time\" content=\"2024-06-19T14:59:05+00:00\" \/>\n<meta property=\"og:image\" content=\"https:\/\/terrasdebasto.pt\/wp-content\/uploads\/2024\/06\/448318393_122148187196232145_8784215431148938724_n.jpg\" \/>\n\t<meta property=\"og:image:width\" content=\"2048\" \/>\n\t<meta property=\"og:image:height\" content=\"2048\" \/>\n\t<meta property=\"og:image:type\" content=\"image\/jpeg\" \/>\n<meta name=\"author\" content=\"addjornal\" \/>\n<meta name=\"twitter:card\" content=\"summary_large_image\" \/>\n<meta name=\"twitter:label1\" content=\"Escrito por\" \/>\n\t<meta name=\"twitter:data1\" content=\"addjornal\" \/>\n\t<meta name=\"twitter:label2\" content=\"Tempo estimado de leitura\" \/>\n\t<meta name=\"twitter:data2\" content=\"1 minuto\" \/>\n<script type=\"application\/ld+json\" class=\"yoast-schema-graph\">{\"@context\":\"https:\/\/schema.org\",\"@graph\":[{\"@type\":\"Article\",\"@id\":\"https:\/\/terrasdebasto.pt\/?p=123#article\",\"isPartOf\":{\"@id\":\"https:\/\/terrasdebasto.pt\/?p=123\"},\"author\":{\"name\":\"addjornal\",\"@id\":\"https:\/\/terrasdebasto.pt\/#\/schema\/person\/f149e6885841de810906b698e796ffaf\"},\"headline\":\"Anima\u00e7\u00e3o na pra\u00e7a Adriano Valente\",\"datePublished\":\"2024-06-14T09:47:44+00:00\",\"dateModified\":\"2024-06-19T14:59:05+00:00\",\"mainEntityOfPage\":{\"@id\":\"https:\/\/terrasdebasto.pt\/?p=123\"},\"wordCount\":171,\"commentCount\":0,\"publisher\":{\"@id\":\"https:\/\/terrasdebasto.pt\/#organization\"},\"image\":{\"@id\":\"https:\/\/terrasdebasto.pt\/?p=123#primaryimage\"},\"thumbnailUrl\":\"https:\/\/terrasdebasto.pt\/wp-content\/uploads\/2024\/06\/448318393_122148187196232145_8784215431148938724_n.jpg\",\"articleSection\":[\"Cabeceiras de Basto\",\"Cultura\",\"Terras de Basto\"],\"inLanguage\":\"pt-PT\",\"potentialAction\":[{\"@type\":\"CommentAction\",\"name\":\"Comment\",\"target\":[\"https:\/\/terrasdebasto.pt\/?p=123#respond\"]}]},{\"@type\":\"WebPage\",\"@id\":\"https:\/\/terrasdebasto.pt\/?p=123\",\"url\":\"https:\/\/terrasdebasto.pt\/?p=123\",\"name\":\"Anima\u00e7\u00e3o na pra\u00e7a Adriano Valente - Jornal Terras de Basto\",\"isPartOf\":{\"@id\":\"https:\/\/terrasdebasto.pt\/#website\"},\"primaryImageOfPage\":{\"@id\":\"https:\/\/terrasdebasto.pt\/?p=123#primaryimage\"},\"image\":{\"@id\":\"https:\/\/terrasdebasto.pt\/?p=123#primaryimage\"},\"thumbnailUrl\":\"https:\/\/terrasdebasto.pt\/wp-content\/uploads\/2024\/06\/448318393_122148187196232145_8784215431148938724_n.jpg\",\"datePublished\":\"2024-06-14T09:47:44+00:00\",\"dateModified\":\"2024-06-19T14:59:05+00:00\",\"breadcrumb\":{\"@id\":\"https:\/\/terrasdebasto.pt\/?p=123#breadcrumb\"},\"inLanguage\":\"pt-PT\",\"potentialAction\":[{\"@type\":\"ReadAction\",\"target\":[\"https:\/\/terrasdebasto.pt\/?p=123\"]}]},{\"@type\":\"ImageObject\",\"inLanguage\":\"pt-PT\",\"@id\":\"https:\/\/terrasdebasto.pt\/?p=123#primaryimage\",\"url\":\"https:\/\/terrasdebasto.pt\/wp-content\/uploads\/2024\/06\/448318393_122148187196232145_8784215431148938724_n.jpg\",\"contentUrl\":\"https:\/\/terrasdebasto.pt\/wp-content\/uploads\/2024\/06\/448318393_122148187196232145_8784215431148938724_n.jpg\",\"width\":2048,\"height\":2048},{\"@type\":\"BreadcrumbList\",\"@id\":\"https:\/\/terrasdebasto.pt\/?p=123#breadcrumb\",\"itemListElement\":[{\"@type\":\"ListItem\",\"position\":1,\"name\":\"In\u00edcio\",\"item\":\"https:\/\/terrasdebasto.pt\/\"},{\"@type\":\"ListItem\",\"position\":2,\"name\":\"Anima\u00e7\u00e3o na pra\u00e7a Adriano Valente\"}]},{\"@type\":\"WebSite\",\"@id\":\"https:\/\/terrasdebasto.pt\/#website\",\"url\":\"https:\/\/terrasdebasto.pt\/\",\"name\":\"Jornal Terras de Basto\",\"description\":\"\",\"publisher\":{\"@id\":\"https:\/\/terrasdebasto.pt\/#organization\"},\"potentialAction\":[{\"@type\":\"SearchAction\",\"target\":{\"@type\":\"EntryPoint\",\"urlTemplate\":\"https:\/\/terrasdebasto.pt\/?s={search_term_string}\"},\"query-input\":{\"@type\":\"PropertyValueSpecification\",\"valueRequired\":true,\"valueName\":\"search_term_string\"}}],\"inLanguage\":\"pt-PT\"},{\"@type\":\"Organization\",\"@id\":\"https:\/\/terrasdebasto.pt\/#organization\",\"name\":\"Jornal Terras de Basto\",\"url\":\"https:\/\/terrasdebasto.pt\/\",\"logo\":{\"@type\":\"ImageObject\",\"inLanguage\":\"pt-PT\",\"@id\":\"https:\/\/terrasdebasto.pt\/#\/schema\/logo\/image\/\",\"url\":\"https:\/\/terrasdebasto.pt\/wp-content\/uploads\/2024\/06\/LogoNormal.png\",\"contentUrl\":\"https:\/\/terrasdebasto.pt\/wp-content\/uploads\/2024\/06\/LogoNormal.png\",\"width\":5638,\"height\":809,\"caption\":\"Jornal Terras de Basto\"},\"image\":{\"@id\":\"https:\/\/terrasdebasto.pt\/#\/schema\/logo\/image\/\"}},{\"@type\":\"Person\",\"@id\":\"https:\/\/terrasdebasto.pt\/#\/schema\/person\/f149e6885841de810906b698e796ffaf\",\"name\":\"addjornal\",\"image\":{\"@type\":\"ImageObject\",\"inLanguage\":\"pt-PT\",\"@id\":\"https:\/\/terrasdebasto.pt\/#\/schema\/person\/image\/\",\"url\":\"https:\/\/secure.gravatar.com\/avatar\/2e5367a437686317c4cd184cb863b4793855bc14c94e104154a1dccfcfeb20ff?s=96&d=mm&r=g\",\"contentUrl\":\"https:\/\/secure.gravatar.com\/avatar\/2e5367a437686317c4cd184cb863b4793855bc14c94e104154a1dccfcfeb20ff?s=96&d=mm&r=g\",\"caption\":\"addjornal\"},\"url\":\"https:\/\/terrasdebasto.pt\/?author=2\"}]}<\/script>\n<!-- \/ Yoast SEO plugin. -->","yoast_head_json":{"title":"Anima\u00e7\u00e3o na pra\u00e7a Adriano Valente - Jornal Terras de Basto","robots":{"index":"index","follow":"follow","max-snippet":"max-snippet:-1","max-image-preview":"max-image-preview:large","max-video-preview":"max-video-preview:-1"},"canonical":"https:\/\/terrasdebasto.pt\/?p=123","og_locale":"pt_PT","og_type":"article","og_title":"Anima\u00e7\u00e3o na pra\u00e7a Adriano Valente - Jornal Terras de Basto","og_description":"O Munic\u00edpio de Cabeceiras de Basto quer \u00abdinamizar, dar vida cultural e um novo colorido\u00bb \u00e0 Pra\u00e7a Adriano Valente, na vila do Arco de Ba\u00falhe, tendo preparado par o efeito um programa, que se prop\u00f5e tornar p\u00fablico este domingo (16), \u00e0s 21h00, momentos antes do primeiro espet\u00e1culo, no caso \u201cDo Fado ao Rock\u201d. O munic\u00edpio [&hellip;]","og_url":"https:\/\/terrasdebasto.pt\/?p=123","og_site_name":"Jornal Terras de Basto","article_published_time":"2024-06-14T09:47:44+00:00","article_modified_time":"2024-06-19T14:59:05+00:00","og_image":[{"width":2048,"height":2048,"url":"https:\/\/terrasdebasto.pt\/wp-content\/uploads\/2024\/06\/448318393_122148187196232145_8784215431148938724_n.jpg","type":"image\/jpeg"}],"author":"addjornal","twitter_card":"summary_large_image","twitter_misc":{"Escrito por":"addjornal","Tempo estimado de leitura":"1 minuto"},"schema":{"@context":"https:\/\/schema.org","@graph":[{"@type":"Article","@id":"https:\/\/terrasdebasto.pt\/?p=123#article","isPartOf":{"@id":"https:\/\/terrasdebasto.pt\/?p=123"},"author":{"name":"addjornal","@id":"https:\/\/terrasdebasto.pt\/#\/schema\/person\/f149e6885841de810906b698e796ffaf"},"headline":"Anima\u00e7\u00e3o na pra\u00e7a Adriano Valente","datePublished":"2024-06-14T09:47:44+00:00","dateModified":"2024-06-19T14:59:05+00:00","mainEntityOfPage":{"@id":"https:\/\/terrasdebasto.pt\/?p=123"},"wordCount":171,"commentCount":0,"publisher":{"@id":"https:\/\/terrasdebasto.pt\/#organization"},"image":{"@id":"https:\/\/terrasdebasto.pt\/?p=123#primaryimage"},"thumbnailUrl":"https:\/\/terrasdebasto.pt\/wp-content\/uploads\/2024\/06\/448318393_122148187196232145_8784215431148938724_n.jpg","articleSection":["Cabeceiras de Basto","Cultura","Terras de Basto"],"inLanguage":"pt-PT","potentialAction":[{"@type":"CommentAction","name":"Comment","target":["https:\/\/terrasdebasto.pt\/?p=123#respond"]}]},{"@type":"WebPage","@id":"https:\/\/terrasdebasto.pt\/?p=123","url":"https:\/\/terrasdebasto.pt\/?p=123","name":"Anima\u00e7\u00e3o na pra\u00e7a Adriano Valente - Jornal Terras de Basto","isPartOf":{"@id":"https:\/\/terrasdebasto.pt\/#website"},"primaryImageOfPage":{"@id":"https:\/\/terrasdebasto.pt\/?p=123#primaryimage"},"image":{"@id":"https:\/\/terrasdebasto.pt\/?p=123#primaryimage"},"thumbnailUrl":"https:\/\/terrasdebasto.pt\/wp-content\/uploads\/2024\/06\/448318393_122148187196232145_8784215431148938724_n.jpg","datePublished":"2024-06-14T09:47:44+00:00","dateModified":"2024-06-19T14:59:05+00:00","breadcrumb":{"@id":"https:\/\/terrasdebasto.pt\/?p=123#breadcrumb"},"inLanguage":"pt-PT","potentialAction":[{"@type":"ReadAction","target":["https:\/\/terrasdebasto.pt\/?p=123"]}]},{"@type":"ImageObject","inLanguage":"pt-PT","@id":"https:\/\/terrasdebasto.pt\/?p=123#primaryimage","url":"https:\/\/terrasdebasto.pt\/wp-content\/uploads\/2024\/06\/448318393_122148187196232145_8784215431148938724_n.jpg","contentUrl":"https:\/\/terrasdebasto.pt\/wp-content\/uploads\/2024\/06\/448318393_122148187196232145_8784215431148938724_n.jpg","width":2048,"height":2048},{"@type":"BreadcrumbList","@id":"https:\/\/terrasdebasto.pt\/?p=123#breadcrumb","itemListElement":[{"@type":"ListItem","position":1,"name":"In\u00edcio","item":"https:\/\/terrasdebasto.pt\/"},{"@type":"ListItem","position":2,"name":"Anima\u00e7\u00e3o na pra\u00e7a Adriano Valente"}]},{"@type":"WebSite","@id":"https:\/\/terrasdebasto.pt\/#website","url":"https:\/\/terrasdebasto.pt\/","name":"Jornal Terras de Basto","description":"","publisher":{"@id":"https:\/\/terrasdebasto.pt\/#organization"},"potentialAction":[{"@type":"SearchAction","target":{"@type":"EntryPoint","urlTemplate":"https:\/\/terrasdebasto.pt\/?s={search_term_string}"},"query-input":{"@type":"PropertyValueSpecification","valueRequired":true,"valueName":"search_term_string"}}],"inLanguage":"pt-PT"},{"@type":"Organization","@id":"https:\/\/terrasdebasto.pt\/#organization","name":"Jornal Terras de Basto","url":"https:\/\/terrasdebasto.pt\/","logo":{"@type":"ImageObject","inLanguage":"pt-PT","@id":"https:\/\/terrasdebasto.pt\/#\/schema\/logo\/image\/","url":"https:\/\/terrasdebasto.pt\/wp-content\/uploads\/2024\/06\/LogoNormal.png","contentUrl":"https:\/\/terrasdebasto.pt\/wp-content\/uploads\/2024\/06\/LogoNormal.png","width":5638,"height":809,"caption":"Jornal Terras de Basto"},"image":{"@id":"https:\/\/terrasdebasto.pt\/#\/schema\/logo\/image\/"}},{"@type":"Person","@id":"https:\/\/terrasdebasto.pt\/#\/schema\/person\/f149e6885841de810906b698e796ffaf","name":"addjornal","image":{"@type":"ImageObject","inLanguage":"pt-PT","@id":"https:\/\/terrasdebasto.pt\/#\/schema\/person\/image\/","url":"https:\/\/secure.gravatar.com\/avatar\/2e5367a437686317c4cd184cb863b4793855bc14c94e104154a1dccfcfeb20ff?s=96&d=mm&r=g","contentUrl":"https:\/\/secure.gravatar.com\/avatar\/2e5367a437686317c4cd184cb863b4793855bc14c94e104154a1dccfcfeb20ff?s=96&d=mm&r=g","caption":"addjornal"},"url":"https:\/\/terrasdebasto.pt\/?author=2"}]}},"_links":{"self":[{"href":"https:\/\/terrasdebasto.pt\/index.php?rest_route=\/wp\/v2\/posts\/123","targetHints":{"allow":["GET"]}}],"collection":[{"href":"https:\/\/terrasdebasto.pt\/index.php?rest_route=\/wp\/v2\/posts"}],"about":[{"href":"https:\/\/terrasdebasto.pt\/index.php?rest_route=\/wp\/v2\/types\/post"}],"author":[{"embeddable":true,"href":"https:\/\/terrasdebasto.pt\/index.php?rest_route=\/wp\/v2\/users\/2"}],"replies":[{"embeddable":true,"href":"https:\/\/terrasdebasto.pt\/index.php?rest_route=%2Fwp%2Fv2%2Fcomments&post=123"}],"version-history":[{"count":2,"href":"https:\/\/terrasdebasto.pt\/index.php?rest_route=\/wp\/v2\/posts\/123\/revisions"}],"predecessor-version":[{"id":269,"href":"https:\/\/terrasdebasto.pt\/index.php?rest_route=\/wp\/v2\/posts\/123\/revisions\/269"}],"wp:featuredmedia":[{"embeddable":true,"href":"https:\/\/terrasdebasto.pt\/index.php?rest_route=\/wp\/v2\/media\/268"}],"wp:attachment":[{"href":"https:\/\/terrasdebasto.pt\/index.php?rest_route=%2Fwp%2Fv2%2Fmedia&parent=123"}],"wp:term":[{"taxonomy":"category","embeddable":true,"href":"https:\/\/terrasdebasto.pt\/index.php?rest_route=%2Fwp%2Fv2%2Fcategories&post=123"},{"taxonomy":"post_tag","embeddable":true,"href":"https:\/\/terrasdebasto.pt\/index.php?rest_route=%2Fwp%2Fv2%2Ftags&post=123"}],"curies":[{"name":"wp","href":"https:\/\/api.w.org\/{rel}","templated":true}]}}