{"id":1031,"date":"2024-07-30T16:09:45","date_gmt":"2024-07-30T16:09:45","guid":{"rendered":"https:\/\/terrasdebasto.pt\/?p=1031"},"modified":"2024-07-30T16:10:29","modified_gmt":"2024-07-30T16:10:29","slug":"despiste-em-macieira-deixa-vitima-em-estado-grave","status":"publish","type":"post","link":"https:\/\/terrasdebasto.pt\/?p=1031","title":{"rendered":"Despiste em Macieira deixa v\u00edtima em estado grave"},"content":{"rendered":"\n<p><strong>Uma v\u00edtima com ferimentos graves \u00e9 o resultado de um acidente de via\u00e7\u00e3o verificado ao in\u00edcio da tarde desta ter\u00e7a-feira (30) na localidade de Macieira, em Ribeira de Pena, disse fonte dos Bombeiros de Cerva.<\/strong><\/p>\n\n\n\n<p>De acordo com a fonte, o sinistro envolveu um homem de 60 anos, que conduzia um motociclo e se despistou, indo embater nos \u201crails\u201d de prote\u00e7\u00e3o.<\/p>\n\n\n\n<p>\u00abA v\u00edtima foi considerada cem estado cr\u00edtico pelas duas equipas de emerg\u00eancia\u00bb, afetas \u00e0 ambul\u00e2ncia dos Bombeiros de Cerva e \u00e0 Viatura M\u00e9dica de Emerg\u00eancia e Reanima\u00e7\u00e3o.<\/p>\n\n\n\n<p>A v\u00edtima foi transportada para o hospital de Vila Real.<\/p>\n","protected":false},"excerpt":{"rendered":"<p>Uma v\u00edtima com ferimentos graves \u00e9 o resultado de um acidente de via\u00e7\u00e3o verificado ao in\u00edcio da tarde desta ter\u00e7a-feira (30) na localidade de Macieira, em Ribeira de Pena, disse fonte dos Bombeiros de Cerva. De acordo com a fonte, o sinistro envolveu um homem de 60 anos, que conduzia um motociclo e se despistou, [&hellip;]<\/p>\n","protected":false},"author":7,"featured_media":1032,"comment_status":"open","ping_status":"open","sticky":false,"template":"","format":"standard","meta":{"footnotes":""},"categories":[26,9],"tags":[],"class_list":{"0":"post-1031","1":"post","2":"type-post","3":"status-publish","4":"format-standard","5":"has-post-thumbnail","7":"category-ribeira-de-pena","8":"category-terras-de-basto"},"yoast_head":"<!-- This site is optimized with the Yoast SEO plugin v25.7 - https:\/\/yoast.com\/wordpress\/plugins\/seo\/ -->\n<title>Despiste em Macieira deixa v\u00edtima em estado grave - Jornal Terras de Basto<\/title>\n<meta name=\"description\" content=\"Uma v\u00edtima com ferimentos graves \u00e9 o resultado de um acidente de via\u00e7\u00e3o verificado ao in\u00edcio da tarde na localidade de Macieira, em Ribeira de Pena, disse fonte dos Bombeiros de Cerva.\" \/>\n<meta name=\"robots\" content=\"index, follow, max-snippet:-1, max-image-preview:large, max-video-preview:-1\" \/>\n<link rel=\"canonical\" href=\"https:\/\/terrasdebasto.pt\/?p=1031\" \/>\n<meta property=\"og:locale\" content=\"pt_PT\" \/>\n<meta property=\"og:type\" content=\"article\" \/>\n<meta property=\"og:title\" content=\"Despiste em Macieira deixa v\u00edtima em estado grave - Jornal Terras de Basto\" \/>\n<meta property=\"og:description\" content=\"Uma v\u00edtima com ferimentos graves \u00e9 o resultado de um acidente de via\u00e7\u00e3o verificado ao in\u00edcio da tarde na localidade de Macieira, em Ribeira de Pena, disse fonte dos Bombeiros de Cerva.\" \/>\n<meta property=\"og:url\" content=\"https:\/\/terrasdebasto.pt\/?p=1031\" \/>\n<meta property=\"og:site_name\" content=\"Jornal Terras de Basto\" \/>\n<meta property=\"article:published_time\" content=\"2024-07-30T16:09:45+00:00\" \/>\n<meta property=\"article:modified_time\" content=\"2024-07-30T16:10:29+00:00\" \/>\n<meta property=\"og:image\" content=\"https:\/\/terrasdebasto.pt\/wp-content\/uploads\/2024\/07\/acidente.jpg\" \/>\n\t<meta property=\"og:image:width\" content=\"672\" \/>\n\t<meta property=\"og:image:height\" content=\"311\" \/>\n\t<meta property=\"og:image:type\" content=\"image\/jpeg\" \/>\n<meta name=\"author\" content=\"Jo\u00e3o Paulo Mesquita\" \/>\n<meta name=\"twitter:card\" content=\"summary_large_image\" \/>\n<meta name=\"twitter:label1\" content=\"Escrito por\" \/>\n\t<meta name=\"twitter:data1\" content=\"Jo\u00e3o Paulo Mesquita\" \/>\n\t<meta name=\"twitter:label2\" content=\"Tempo estimado de leitura\" \/>\n\t<meta name=\"twitter:data2\" content=\"1 minuto\" \/>\n<script type=\"application\/ld+json\" class=\"yoast-schema-graph\">{\"@context\":\"https:\/\/schema.org\",\"@graph\":[{\"@type\":\"Article\",\"@id\":\"https:\/\/terrasdebasto.pt\/?p=1031#article\",\"isPartOf\":{\"@id\":\"https:\/\/terrasdebasto.pt\/?p=1031\"},\"author\":{\"name\":\"Jo\u00e3o Paulo Mesquita\",\"@id\":\"https:\/\/terrasdebasto.pt\/#\/schema\/person\/9f6739f5394ac65c802641773b278b84\"},\"headline\":\"Despiste em Macieira deixa v\u00edtima em estado grave\",\"datePublished\":\"2024-07-30T16:09:45+00:00\",\"dateModified\":\"2024-07-30T16:10:29+00:00\",\"mainEntityOfPage\":{\"@id\":\"https:\/\/terrasdebasto.pt\/?p=1031\"},\"wordCount\":115,\"commentCount\":0,\"publisher\":{\"@id\":\"https:\/\/terrasdebasto.pt\/#organization\"},\"image\":{\"@id\":\"https:\/\/terrasdebasto.pt\/?p=1031#primaryimage\"},\"thumbnailUrl\":\"https:\/\/terrasdebasto.pt\/wp-content\/uploads\/2024\/07\/acidente.jpg\",\"articleSection\":[\"Ribeira de Pena\",\"Terras de Basto\"],\"inLanguage\":\"pt-PT\",\"potentialAction\":[{\"@type\":\"CommentAction\",\"name\":\"Comment\",\"target\":[\"https:\/\/terrasdebasto.pt\/?p=1031#respond\"]}]},{\"@type\":\"WebPage\",\"@id\":\"https:\/\/terrasdebasto.pt\/?p=1031\",\"url\":\"https:\/\/terrasdebasto.pt\/?p=1031\",\"name\":\"Despiste em Macieira deixa v\u00edtima em estado grave - Jornal Terras de Basto\",\"isPartOf\":{\"@id\":\"https:\/\/terrasdebasto.pt\/#website\"},\"primaryImageOfPage\":{\"@id\":\"https:\/\/terrasdebasto.pt\/?p=1031#primaryimage\"},\"image\":{\"@id\":\"https:\/\/terrasdebasto.pt\/?p=1031#primaryimage\"},\"thumbnailUrl\":\"https:\/\/terrasdebasto.pt\/wp-content\/uploads\/2024\/07\/acidente.jpg\",\"datePublished\":\"2024-07-30T16:09:45+00:00\",\"dateModified\":\"2024-07-30T16:10:29+00:00\",\"description\":\"Uma v\u00edtima com ferimentos graves \u00e9 o resultado de um acidente de via\u00e7\u00e3o verificado ao in\u00edcio da tarde na localidade de Macieira, em Ribeira de Pena, disse fonte dos Bombeiros de Cerva.\",\"breadcrumb\":{\"@id\":\"https:\/\/terrasdebasto.pt\/?p=1031#breadcrumb\"},\"inLanguage\":\"pt-PT\",\"potentialAction\":[{\"@type\":\"ReadAction\",\"target\":[\"https:\/\/terrasdebasto.pt\/?p=1031\"]}]},{\"@type\":\"ImageObject\",\"inLanguage\":\"pt-PT\",\"@id\":\"https:\/\/terrasdebasto.pt\/?p=1031#primaryimage\",\"url\":\"https:\/\/terrasdebasto.pt\/wp-content\/uploads\/2024\/07\/acidente.jpg\",\"contentUrl\":\"https:\/\/terrasdebasto.pt\/wp-content\/uploads\/2024\/07\/acidente.jpg\",\"width\":672,\"height\":311,\"caption\":\"[Imagem meramente ilustrativa]\"},{\"@type\":\"BreadcrumbList\",\"@id\":\"https:\/\/terrasdebasto.pt\/?p=1031#breadcrumb\",\"itemListElement\":[{\"@type\":\"ListItem\",\"position\":1,\"name\":\"In\u00edcio\",\"item\":\"https:\/\/terrasdebasto.pt\/\"},{\"@type\":\"ListItem\",\"position\":2,\"name\":\"Despiste em Macieira deixa v\u00edtima em estado grave\"}]},{\"@type\":\"WebSite\",\"@id\":\"https:\/\/terrasdebasto.pt\/#website\",\"url\":\"https:\/\/terrasdebasto.pt\/\",\"name\":\"Jornal Terras de Basto\",\"description\":\"\",\"publisher\":{\"@id\":\"https:\/\/terrasdebasto.pt\/#organization\"},\"potentialAction\":[{\"@type\":\"SearchAction\",\"target\":{\"@type\":\"EntryPoint\",\"urlTemplate\":\"https:\/\/terrasdebasto.pt\/?s={search_term_string}\"},\"query-input\":{\"@type\":\"PropertyValueSpecification\",\"valueRequired\":true,\"valueName\":\"search_term_string\"}}],\"inLanguage\":\"pt-PT\"},{\"@type\":\"Organization\",\"@id\":\"https:\/\/terrasdebasto.pt\/#organization\",\"name\":\"Jornal Terras de Basto\",\"url\":\"https:\/\/terrasdebasto.pt\/\",\"logo\":{\"@type\":\"ImageObject\",\"inLanguage\":\"pt-PT\",\"@id\":\"https:\/\/terrasdebasto.pt\/#\/schema\/logo\/image\/\",\"url\":\"https:\/\/terrasdebasto.pt\/wp-content\/uploads\/2024\/06\/LogoNormal.png\",\"contentUrl\":\"https:\/\/terrasdebasto.pt\/wp-content\/uploads\/2024\/06\/LogoNormal.png\",\"width\":5638,\"height\":809,\"caption\":\"Jornal Terras de Basto\"},\"image\":{\"@id\":\"https:\/\/terrasdebasto.pt\/#\/schema\/logo\/image\/\"}},{\"@type\":\"Person\",\"@id\":\"https:\/\/terrasdebasto.pt\/#\/schema\/person\/9f6739f5394ac65c802641773b278b84\",\"name\":\"Jo\u00e3o Paulo Mesquita\",\"image\":{\"@type\":\"ImageObject\",\"inLanguage\":\"pt-PT\",\"@id\":\"https:\/\/terrasdebasto.pt\/#\/schema\/person\/image\/\",\"url\":\"https:\/\/secure.gravatar.com\/avatar\/9bd0f299e6d96336664aab64354168246a3ee3287c47891c50d450e47ed9d7f9?s=96&d=mm&r=g\",\"contentUrl\":\"https:\/\/secure.gravatar.com\/avatar\/9bd0f299e6d96336664aab64354168246a3ee3287c47891c50d450e47ed9d7f9?s=96&d=mm&r=g\",\"caption\":\"Jo\u00e3o Paulo Mesquita\"},\"url\":\"https:\/\/terrasdebasto.pt\/?author=7\"}]}<\/script>\n<!-- \/ Yoast SEO plugin. -->","yoast_head_json":{"title":"Despiste em Macieira deixa v\u00edtima em estado grave - Jornal Terras de Basto","description":"Uma v\u00edtima com ferimentos graves \u00e9 o resultado de um acidente de via\u00e7\u00e3o verificado ao in\u00edcio da tarde na localidade de Macieira, em Ribeira de Pena, disse fonte dos Bombeiros de Cerva.","robots":{"index":"index","follow":"follow","max-snippet":"max-snippet:-1","max-image-preview":"max-image-preview:large","max-video-preview":"max-video-preview:-1"},"canonical":"https:\/\/terrasdebasto.pt\/?p=1031","og_locale":"pt_PT","og_type":"article","og_title":"Despiste em Macieira deixa v\u00edtima em estado grave - Jornal Terras de Basto","og_description":"Uma v\u00edtima com ferimentos graves \u00e9 o resultado de um acidente de via\u00e7\u00e3o verificado ao in\u00edcio da tarde na localidade de Macieira, em Ribeira de Pena, disse fonte dos Bombeiros de Cerva.","og_url":"https:\/\/terrasdebasto.pt\/?p=1031","og_site_name":"Jornal Terras de Basto","article_published_time":"2024-07-30T16:09:45+00:00","article_modified_time":"2024-07-30T16:10:29+00:00","og_image":[{"width":672,"height":311,"url":"https:\/\/terrasdebasto.pt\/wp-content\/uploads\/2024\/07\/acidente.jpg","type":"image\/jpeg"}],"author":"Jo\u00e3o Paulo Mesquita","twitter_card":"summary_large_image","twitter_misc":{"Escrito por":"Jo\u00e3o Paulo Mesquita","Tempo estimado de leitura":"1 minuto"},"schema":{"@context":"https:\/\/schema.org","@graph":[{"@type":"Article","@id":"https:\/\/terrasdebasto.pt\/?p=1031#article","isPartOf":{"@id":"https:\/\/terrasdebasto.pt\/?p=1031"},"author":{"name":"Jo\u00e3o Paulo Mesquita","@id":"https:\/\/terrasdebasto.pt\/#\/schema\/person\/9f6739f5394ac65c802641773b278b84"},"headline":"Despiste em Macieira deixa v\u00edtima em estado grave","datePublished":"2024-07-30T16:09:45+00:00","dateModified":"2024-07-30T16:10:29+00:00","mainEntityOfPage":{"@id":"https:\/\/terrasdebasto.pt\/?p=1031"},"wordCount":115,"commentCount":0,"publisher":{"@id":"https:\/\/terrasdebasto.pt\/#organization"},"image":{"@id":"https:\/\/terrasdebasto.pt\/?p=1031#primaryimage"},"thumbnailUrl":"https:\/\/terrasdebasto.pt\/wp-content\/uploads\/2024\/07\/acidente.jpg","articleSection":["Ribeira de Pena","Terras de Basto"],"inLanguage":"pt-PT","potentialAction":[{"@type":"CommentAction","name":"Comment","target":["https:\/\/terrasdebasto.pt\/?p=1031#respond"]}]},{"@type":"WebPage","@id":"https:\/\/terrasdebasto.pt\/?p=1031","url":"https:\/\/terrasdebasto.pt\/?p=1031","name":"Despiste em Macieira deixa v\u00edtima em estado grave - Jornal Terras de Basto","isPartOf":{"@id":"https:\/\/terrasdebasto.pt\/#website"},"primaryImageOfPage":{"@id":"https:\/\/terrasdebasto.pt\/?p=1031#primaryimage"},"image":{"@id":"https:\/\/terrasdebasto.pt\/?p=1031#primaryimage"},"thumbnailUrl":"https:\/\/terrasdebasto.pt\/wp-content\/uploads\/2024\/07\/acidente.jpg","datePublished":"2024-07-30T16:09:45+00:00","dateModified":"2024-07-30T16:10:29+00:00","description":"Uma v\u00edtima com ferimentos graves \u00e9 o resultado de um acidente de via\u00e7\u00e3o verificado ao in\u00edcio da tarde na localidade de Macieira, em Ribeira de Pena, disse fonte dos Bombeiros de Cerva.","breadcrumb":{"@id":"https:\/\/terrasdebasto.pt\/?p=1031#breadcrumb"},"inLanguage":"pt-PT","potentialAction":[{"@type":"ReadAction","target":["https:\/\/terrasdebasto.pt\/?p=1031"]}]},{"@type":"ImageObject","inLanguage":"pt-PT","@id":"https:\/\/terrasdebasto.pt\/?p=1031#primaryimage","url":"https:\/\/terrasdebasto.pt\/wp-content\/uploads\/2024\/07\/acidente.jpg","contentUrl":"https:\/\/terrasdebasto.pt\/wp-content\/uploads\/2024\/07\/acidente.jpg","width":672,"height":311,"caption":"[Imagem meramente ilustrativa]"},{"@type":"BreadcrumbList","@id":"https:\/\/terrasdebasto.pt\/?p=1031#breadcrumb","itemListElement":[{"@type":"ListItem","position":1,"name":"In\u00edcio","item":"https:\/\/terrasdebasto.pt\/"},{"@type":"ListItem","position":2,"name":"Despiste em Macieira deixa v\u00edtima em estado grave"}]},{"@type":"WebSite","@id":"https:\/\/terrasdebasto.pt\/#website","url":"https:\/\/terrasdebasto.pt\/","name":"Jornal Terras de Basto","description":"","publisher":{"@id":"https:\/\/terrasdebasto.pt\/#organization"},"potentialAction":[{"@type":"SearchAction","target":{"@type":"EntryPoint","urlTemplate":"https:\/\/terrasdebasto.pt\/?s={search_term_string}"},"query-input":{"@type":"PropertyValueSpecification","valueRequired":true,"valueName":"search_term_string"}}],"inLanguage":"pt-PT"},{"@type":"Organization","@id":"https:\/\/terrasdebasto.pt\/#organization","name":"Jornal Terras de Basto","url":"https:\/\/terrasdebasto.pt\/","logo":{"@type":"ImageObject","inLanguage":"pt-PT","@id":"https:\/\/terrasdebasto.pt\/#\/schema\/logo\/image\/","url":"https:\/\/terrasdebasto.pt\/wp-content\/uploads\/2024\/06\/LogoNormal.png","contentUrl":"https:\/\/terrasdebasto.pt\/wp-content\/uploads\/2024\/06\/LogoNormal.png","width":5638,"height":809,"caption":"Jornal Terras de Basto"},"image":{"@id":"https:\/\/terrasdebasto.pt\/#\/schema\/logo\/image\/"}},{"@type":"Person","@id":"https:\/\/terrasdebasto.pt\/#\/schema\/person\/9f6739f5394ac65c802641773b278b84","name":"Jo\u00e3o Paulo Mesquita","image":{"@type":"ImageObject","inLanguage":"pt-PT","@id":"https:\/\/terrasdebasto.pt\/#\/schema\/person\/image\/","url":"https:\/\/secure.gravatar.com\/avatar\/9bd0f299e6d96336664aab64354168246a3ee3287c47891c50d450e47ed9d7f9?s=96&d=mm&r=g","contentUrl":"https:\/\/secure.gravatar.com\/avatar\/9bd0f299e6d96336664aab64354168246a3ee3287c47891c50d450e47ed9d7f9?s=96&d=mm&r=g","caption":"Jo\u00e3o Paulo Mesquita"},"url":"https:\/\/terrasdebasto.pt\/?author=7"}]}},"_links":{"self":[{"href":"https:\/\/terrasdebasto.pt\/index.php?rest_route=\/wp\/v2\/posts\/1031","targetHints":{"allow":["GET"]}}],"collection":[{"href":"https:\/\/terrasdebasto.pt\/index.php?rest_route=\/wp\/v2\/posts"}],"about":[{"href":"https:\/\/terrasdebasto.pt\/index.php?rest_route=\/wp\/v2\/types\/post"}],"author":[{"embeddable":true,"href":"https:\/\/terrasdebasto.pt\/index.php?rest_route=\/wp\/v2\/users\/7"}],"replies":[{"embeddable":true,"href":"https:\/\/terrasdebasto.pt\/index.php?rest_route=%2Fwp%2Fv2%2Fcomments&post=1031"}],"version-history":[{"count":2,"href":"https:\/\/terrasdebasto.pt\/index.php?rest_route=\/wp\/v2\/posts\/1031\/revisions"}],"predecessor-version":[{"id":1034,"href":"https:\/\/terrasdebasto.pt\/index.php?rest_route=\/wp\/v2\/posts\/1031\/revisions\/1034"}],"wp:featuredmedia":[{"embeddable":true,"href":"https:\/\/terrasdebasto.pt\/index.php?rest_route=\/wp\/v2\/media\/1032"}],"wp:attachment":[{"href":"https:\/\/terrasdebasto.pt\/index.php?rest_route=%2Fwp%2Fv2%2Fmedia&parent=1031"}],"wp:term":[{"taxonomy":"category","embeddable":true,"href":"https:\/\/terrasdebasto.pt\/index.php?rest_route=%2Fwp%2Fv2%2Fcategories&post=1031"},{"taxonomy":"post_tag","embeddable":true,"href":"https:\/\/terrasdebasto.pt\/index.php?rest_route=%2Fwp%2Fv2%2Ftags&post=1031"}],"curies":[{"name":"wp","href":"https:\/\/api.w.org\/{rel}","templated":true}]}}