{"id":1024,"date":"2024-07-30T12:55:40","date_gmt":"2024-07-30T12:55:40","guid":{"rendered":"https:\/\/terrasdebasto.pt\/?p=1024"},"modified":"2024-07-30T13:44:01","modified_gmt":"2024-07-30T13:44:01","slug":"olimpiadas-da-quimica-miguel-marques-ja-deixou-a-arabia","status":"publish","type":"post","link":"https:\/\/terrasdebasto.pt\/?p=1024","title":{"rendered":"Olimp\u00edadas da Qu\u00edmica: Miguel Marques j\u00e1 deixou a Ar\u00e1bia"},"content":{"rendered":"\n<p><strong>O estudante Miguel Jo\u00e3o Barroso Marques est\u00e1 neste momento a regressar a Portugal, vindo da Ar\u00e1bia Saudita, onde integrou a equipa portuguesa de quatro elementos que representou o pa\u00eds nas Olimp\u00edadas Internacionais da Qu\u00edmica (IChO), apurou o Terras de Basto.<\/strong> <strong>\u00abEstamos ansiosos que chegue, at\u00e9 porque t\u00eam sido muito espor\u00e1dicos e dif\u00edceis os contactos com ele, por for\u00e7a das regras da competi\u00e7\u00e3o\u00bb, comentou o pai, Paulo Marques.<\/strong><\/p>\n\n\n\n<p>A \u201cIChO\u201d \u00e9 uma iniciativa acad\u00e9mica de prest\u00edgio, que re\u00fane os melhores estudantes de Qu\u00edmica de todo o mundo, sendo considerada a maior competi\u00e7\u00e3o internacional de Qu\u00edmica para jovens estudantes. Os participantes enfrentam provas de alto n\u00edvel, tanto te\u00f3ricas como pr\u00e1ticas e, este ano, a competi\u00e7\u00e3o ocorreu de 21 e 30 de julho, reunindo estudantes de 90 pa\u00edses, incluindo Estados Unidos, Jap\u00e3o, Canad\u00e1, Alemanha, Su\u00ed\u00e7a, China, B\u00e9lgica e It\u00e1lia.<\/p>\n\n\n\n<p><\/p>\n\n\n\n<p>Da delega\u00e7\u00e3o portuguesa, Simone Pinto, estudante do 12.\u00ba ano, conquistou a medalha de bronze e Rodrigo Marques uma men\u00e7\u00e3o honrosa desta edi\u00e7\u00e3o realizada em Riade. Portugal igualou, assim, o seu melhor resultado de sempre.<\/p>\n\n\n\n<p>Al\u00e9m do cabeceirense Miguel Marques, a delega\u00e7\u00e3o portuguesa era constitu\u00edda por Afonso Benevides (Escola Secund\u00e1ria Domingos Rebelo), Rodrigo Marques (Escola Secund\u00e1ria Adolfo Portela) e Simone Pinto (Col\u00e9gio Luso-Franc\u00eas). Estes alunos foram selecionados atrav\u00e9s de competi\u00e7\u00f5es dinamizadas pela Sociedade Portuguesa de Qu\u00edmica: as Olimp\u00edadas de Qu\u00edmica<sup>+<\/sup>\u00a0e a Prova Nacional de Qu\u00edmica<sup>2+<\/sup>. Foram acompanhados pelos mentores Jo\u00e3o Pereira e Vasco Batista.<\/p>\n\n\n\n<p>Nas prepara\u00e7\u00f5es desta participa\u00e7\u00e3o estiveram envolvidos tamb\u00e9m Alzira Rebelo, Avelino Silva, Jo\u00e3o Pereira, Ricardo Santos, Vasco Batista, Diana Pinto e Maria do Amparo Faustino.<\/p>\n\n\n\n<p>A organiza\u00e7\u00e3o procura continuar esta s\u00e9rie de bons resultados, encontrando-se a preparar agora a participa\u00e7\u00e3o na 28\u00aa Olimp\u00edada Ibero-Americana de Qu\u00edmica, a decorrer na Costa Rica.<\/p>\n\n\n\n<p><\/p>\n\n\n\n<p>Cada delega\u00e7\u00e3o \u00e9 representada por um m\u00e1ximo de quatro estudantes e dois professores acompanhantes. A avalia\u00e7\u00e3o \u00e9 composta por uma prova te\u00f3rica e uma prova experimental, cabendo ao organizador local elaborar a avalia\u00e7\u00e3o, sujeita \u00e0 aprova\u00e7\u00e3o do j\u00fari.<\/p>\n\n\n\n<p>Ap\u00f3s a corre\u00e7\u00e3o e revis\u00e3o das notas, \u00e9 elaborado um \u201cranking\u201d baseado na nota total obtida por cada estudante, considerando o peso de 60% da prova te\u00f3rica e 40% da experimental. S\u00e3o medalhados com ouro os alunos que estiverem entre os 10% melhores, medalhas de prata aos que estiverem entre os 20% seguintes e de bronze aos 30% subsequentes.<\/p>\n\n\n\n<p>A primeira edi\u00e7\u00e3o das Olimp\u00edadas da Qu\u00edmica ocorreu em 1968, em Praga, na Rep\u00fablica Checa.<\/p>\n\n\n\n<p>Com as merecidas f\u00e9rias pela frente, Miguel Marques prepara entretanto a sua candidatura \u00e0 universidade, na \u00e1rea da Inform\u00e1tica. [Reda\u00e7\u00e3o].<\/p>\n","protected":false},"excerpt":{"rendered":"<p>O estudante Miguel Jo\u00e3o Barroso Marques est\u00e1 neste momento a regressar a Portugal, vindo da Ar\u00e1bia Saudita, onde integrou a equipa portuguesa de quatro elementos que representou o pa\u00eds nas Olimp\u00edadas Internacionais da Qu\u00edmica (IChO), apurou o Terras de Basto. \u00abEstamos ansiosos que chegue, at\u00e9 porque t\u00eam sido muito espor\u00e1dicos e dif\u00edceis os contactos com [&hellip;]<\/p>\n","protected":false},"author":7,"featured_media":1028,"comment_status":"open","ping_status":"open","sticky":false,"template":"","format":"standard","meta":{"footnotes":""},"categories":[12,11],"tags":[29,115,269,271,270],"class_list":{"0":"post-1024","1":"post","2":"type-post","3":"status-publish","4":"format-standard","5":"has-post-thumbnail","7":"category-cabeceiras-de-basto","8":"category-educacao","9":"tag-cabeceiras-de-basto","10":"tag-educacao","11":"tag-icho","12":"tag-miguel-barroso-marques","13":"tag-olimpiadas-da-quimica"},"yoast_head":"<!-- This site is optimized with the Yoast SEO plugin v25.7 - https:\/\/yoast.com\/wordpress\/plugins\/seo\/ -->\n<title>Olimp\u00edadas da Qu\u00edmica: Miguel Marques j\u00e1 deixou a Ar\u00e1bia - Jornal Terras de Basto<\/title>\n<meta name=\"description\" content=\"O estudante Miguel Jo\u00e3o Barroso Marques est\u00e1 neste momento a regressar a Portugal, vindo da Ar\u00e1bia Saudita, onde integrou a equipa portuguesa de quatro elementos que representou o pa\u00eds nas Olimp\u00edadas Internacionais da Qu\u00edmica (IChO), apurou o Terras de Basto.\" \/>\n<meta name=\"robots\" content=\"index, follow, max-snippet:-1, max-image-preview:large, max-video-preview:-1\" \/>\n<link rel=\"canonical\" href=\"https:\/\/terrasdebasto.pt\/?p=1024\" \/>\n<meta property=\"og:locale\" content=\"pt_PT\" \/>\n<meta property=\"og:type\" content=\"article\" \/>\n<meta property=\"og:title\" content=\"Olimp\u00edadas da Qu\u00edmica: Miguel Marques j\u00e1 deixou a Ar\u00e1bia - Jornal Terras de Basto\" \/>\n<meta property=\"og:description\" content=\"O estudante Miguel Jo\u00e3o Barroso Marques est\u00e1 neste momento a regressar a Portugal, vindo da Ar\u00e1bia Saudita, onde integrou a equipa portuguesa de quatro elementos que representou o pa\u00eds nas Olimp\u00edadas Internacionais da Qu\u00edmica (IChO), apurou o Terras de Basto.\" \/>\n<meta property=\"og:url\" content=\"https:\/\/terrasdebasto.pt\/?p=1024\" \/>\n<meta property=\"og:site_name\" content=\"Jornal Terras de Basto\" \/>\n<meta property=\"article:published_time\" content=\"2024-07-30T12:55:40+00:00\" \/>\n<meta property=\"article:modified_time\" content=\"2024-07-30T13:44:01+00:00\" \/>\n<meta property=\"og:image\" content=\"https:\/\/terrasdebasto.pt\/wp-content\/uploads\/2024\/07\/IChO-2024.jpg\" \/>\n\t<meta property=\"og:image:width\" content=\"1680\" \/>\n\t<meta property=\"og:image:height\" content=\"1120\" \/>\n\t<meta property=\"og:image:type\" content=\"image\/jpeg\" \/>\n<meta name=\"author\" content=\"Jo\u00e3o Paulo Mesquita\" \/>\n<meta name=\"twitter:card\" content=\"summary_large_image\" \/>\n<meta name=\"twitter:label1\" content=\"Escrito por\" \/>\n\t<meta name=\"twitter:data1\" content=\"Jo\u00e3o Paulo Mesquita\" \/>\n\t<meta name=\"twitter:label2\" content=\"Tempo estimado de leitura\" \/>\n\t<meta name=\"twitter:data2\" content=\"3 minutos\" \/>\n<script type=\"application\/ld+json\" class=\"yoast-schema-graph\">{\"@context\":\"https:\/\/schema.org\",\"@graph\":[{\"@type\":\"Article\",\"@id\":\"https:\/\/terrasdebasto.pt\/?p=1024#article\",\"isPartOf\":{\"@id\":\"https:\/\/terrasdebasto.pt\/?p=1024\"},\"author\":{\"name\":\"Jo\u00e3o Paulo Mesquita\",\"@id\":\"https:\/\/terrasdebasto.pt\/#\/schema\/person\/9f6739f5394ac65c802641773b278b84\"},\"headline\":\"Olimp\u00edadas da Qu\u00edmica: Miguel Marques j\u00e1 deixou a Ar\u00e1bia\",\"datePublished\":\"2024-07-30T12:55:40+00:00\",\"dateModified\":\"2024-07-30T13:44:01+00:00\",\"mainEntityOfPage\":{\"@id\":\"https:\/\/terrasdebasto.pt\/?p=1024\"},\"wordCount\":477,\"commentCount\":0,\"publisher\":{\"@id\":\"https:\/\/terrasdebasto.pt\/#organization\"},\"image\":{\"@id\":\"https:\/\/terrasdebasto.pt\/?p=1024#primaryimage\"},\"thumbnailUrl\":\"https:\/\/terrasdebasto.pt\/wp-content\/uploads\/2024\/07\/IChO-2024.jpg\",\"keywords\":[\"Cabeceiras de Basto\",\"Educa\u00e7\u00e3o\",\"IChO\",\"Miguel Barroso Marques\",\"Olimp\u00edadas da Qu\u00edmica\"],\"articleSection\":[\"Cabeceiras de Basto\",\"Educa\u00e7\u00e3o\"],\"inLanguage\":\"pt-PT\",\"potentialAction\":[{\"@type\":\"CommentAction\",\"name\":\"Comment\",\"target\":[\"https:\/\/terrasdebasto.pt\/?p=1024#respond\"]}]},{\"@type\":\"WebPage\",\"@id\":\"https:\/\/terrasdebasto.pt\/?p=1024\",\"url\":\"https:\/\/terrasdebasto.pt\/?p=1024\",\"name\":\"Olimp\u00edadas da Qu\u00edmica: Miguel Marques j\u00e1 deixou a Ar\u00e1bia - Jornal Terras de Basto\",\"isPartOf\":{\"@id\":\"https:\/\/terrasdebasto.pt\/#website\"},\"primaryImageOfPage\":{\"@id\":\"https:\/\/terrasdebasto.pt\/?p=1024#primaryimage\"},\"image\":{\"@id\":\"https:\/\/terrasdebasto.pt\/?p=1024#primaryimage\"},\"thumbnailUrl\":\"https:\/\/terrasdebasto.pt\/wp-content\/uploads\/2024\/07\/IChO-2024.jpg\",\"datePublished\":\"2024-07-30T12:55:40+00:00\",\"dateModified\":\"2024-07-30T13:44:01+00:00\",\"description\":\"O estudante Miguel Jo\u00e3o Barroso Marques est\u00e1 neste momento a regressar a Portugal, vindo da Ar\u00e1bia Saudita, onde integrou a equipa portuguesa de quatro elementos que representou o pa\u00eds nas Olimp\u00edadas Internacionais da Qu\u00edmica (IChO), apurou o Terras de Basto.\",\"breadcrumb\":{\"@id\":\"https:\/\/terrasdebasto.pt\/?p=1024#breadcrumb\"},\"inLanguage\":\"pt-PT\",\"potentialAction\":[{\"@type\":\"ReadAction\",\"target\":[\"https:\/\/terrasdebasto.pt\/?p=1024\"]}]},{\"@type\":\"ImageObject\",\"inLanguage\":\"pt-PT\",\"@id\":\"https:\/\/terrasdebasto.pt\/?p=1024#primaryimage\",\"url\":\"https:\/\/terrasdebasto.pt\/wp-content\/uploads\/2024\/07\/IChO-2024.jpg\",\"contentUrl\":\"https:\/\/terrasdebasto.pt\/wp-content\/uploads\/2024\/07\/IChO-2024.jpg\",\"width\":1680,\"height\":1120,\"caption\":\"Miguel Marques \u00e9 o segundo da esquerda\"},{\"@type\":\"BreadcrumbList\",\"@id\":\"https:\/\/terrasdebasto.pt\/?p=1024#breadcrumb\",\"itemListElement\":[{\"@type\":\"ListItem\",\"position\":1,\"name\":\"In\u00edcio\",\"item\":\"https:\/\/terrasdebasto.pt\/\"},{\"@type\":\"ListItem\",\"position\":2,\"name\":\"Olimp\u00edadas da Qu\u00edmica: Miguel Marques j\u00e1 deixou a Ar\u00e1bia\"}]},{\"@type\":\"WebSite\",\"@id\":\"https:\/\/terrasdebasto.pt\/#website\",\"url\":\"https:\/\/terrasdebasto.pt\/\",\"name\":\"Jornal Terras de Basto\",\"description\":\"\",\"publisher\":{\"@id\":\"https:\/\/terrasdebasto.pt\/#organization\"},\"potentialAction\":[{\"@type\":\"SearchAction\",\"target\":{\"@type\":\"EntryPoint\",\"urlTemplate\":\"https:\/\/terrasdebasto.pt\/?s={search_term_string}\"},\"query-input\":{\"@type\":\"PropertyValueSpecification\",\"valueRequired\":true,\"valueName\":\"search_term_string\"}}],\"inLanguage\":\"pt-PT\"},{\"@type\":\"Organization\",\"@id\":\"https:\/\/terrasdebasto.pt\/#organization\",\"name\":\"Jornal Terras de Basto\",\"url\":\"https:\/\/terrasdebasto.pt\/\",\"logo\":{\"@type\":\"ImageObject\",\"inLanguage\":\"pt-PT\",\"@id\":\"https:\/\/terrasdebasto.pt\/#\/schema\/logo\/image\/\",\"url\":\"https:\/\/terrasdebasto.pt\/wp-content\/uploads\/2024\/06\/LogoNormal.png\",\"contentUrl\":\"https:\/\/terrasdebasto.pt\/wp-content\/uploads\/2024\/06\/LogoNormal.png\",\"width\":5638,\"height\":809,\"caption\":\"Jornal Terras de Basto\"},\"image\":{\"@id\":\"https:\/\/terrasdebasto.pt\/#\/schema\/logo\/image\/\"}},{\"@type\":\"Person\",\"@id\":\"https:\/\/terrasdebasto.pt\/#\/schema\/person\/9f6739f5394ac65c802641773b278b84\",\"name\":\"Jo\u00e3o Paulo Mesquita\",\"image\":{\"@type\":\"ImageObject\",\"inLanguage\":\"pt-PT\",\"@id\":\"https:\/\/terrasdebasto.pt\/#\/schema\/person\/image\/\",\"url\":\"https:\/\/secure.gravatar.com\/avatar\/9bd0f299e6d96336664aab64354168246a3ee3287c47891c50d450e47ed9d7f9?s=96&d=mm&r=g\",\"contentUrl\":\"https:\/\/secure.gravatar.com\/avatar\/9bd0f299e6d96336664aab64354168246a3ee3287c47891c50d450e47ed9d7f9?s=96&d=mm&r=g\",\"caption\":\"Jo\u00e3o Paulo Mesquita\"},\"url\":\"https:\/\/terrasdebasto.pt\/?author=7\"}]}<\/script>\n<!-- \/ Yoast SEO plugin. -->","yoast_head_json":{"title":"Olimp\u00edadas da Qu\u00edmica: Miguel Marques j\u00e1 deixou a Ar\u00e1bia - Jornal Terras de Basto","description":"O estudante Miguel Jo\u00e3o Barroso Marques est\u00e1 neste momento a regressar a Portugal, vindo da Ar\u00e1bia Saudita, onde integrou a equipa portuguesa de quatro elementos que representou o pa\u00eds nas Olimp\u00edadas Internacionais da Qu\u00edmica (IChO), apurou o Terras de Basto.","robots":{"index":"index","follow":"follow","max-snippet":"max-snippet:-1","max-image-preview":"max-image-preview:large","max-video-preview":"max-video-preview:-1"},"canonical":"https:\/\/terrasdebasto.pt\/?p=1024","og_locale":"pt_PT","og_type":"article","og_title":"Olimp\u00edadas da Qu\u00edmica: Miguel Marques j\u00e1 deixou a Ar\u00e1bia - Jornal Terras de Basto","og_description":"O estudante Miguel Jo\u00e3o Barroso Marques est\u00e1 neste momento a regressar a Portugal, vindo da Ar\u00e1bia Saudita, onde integrou a equipa portuguesa de quatro elementos que representou o pa\u00eds nas Olimp\u00edadas Internacionais da Qu\u00edmica (IChO), apurou o Terras de Basto.","og_url":"https:\/\/terrasdebasto.pt\/?p=1024","og_site_name":"Jornal Terras de Basto","article_published_time":"2024-07-30T12:55:40+00:00","article_modified_time":"2024-07-30T13:44:01+00:00","og_image":[{"width":1680,"height":1120,"url":"https:\/\/terrasdebasto.pt\/wp-content\/uploads\/2024\/07\/IChO-2024.jpg","type":"image\/jpeg"}],"author":"Jo\u00e3o Paulo Mesquita","twitter_card":"summary_large_image","twitter_misc":{"Escrito por":"Jo\u00e3o Paulo Mesquita","Tempo estimado de leitura":"3 minutos"},"schema":{"@context":"https:\/\/schema.org","@graph":[{"@type":"Article","@id":"https:\/\/terrasdebasto.pt\/?p=1024#article","isPartOf":{"@id":"https:\/\/terrasdebasto.pt\/?p=1024"},"author":{"name":"Jo\u00e3o Paulo Mesquita","@id":"https:\/\/terrasdebasto.pt\/#\/schema\/person\/9f6739f5394ac65c802641773b278b84"},"headline":"Olimp\u00edadas da Qu\u00edmica: Miguel Marques j\u00e1 deixou a Ar\u00e1bia","datePublished":"2024-07-30T12:55:40+00:00","dateModified":"2024-07-30T13:44:01+00:00","mainEntityOfPage":{"@id":"https:\/\/terrasdebasto.pt\/?p=1024"},"wordCount":477,"commentCount":0,"publisher":{"@id":"https:\/\/terrasdebasto.pt\/#organization"},"image":{"@id":"https:\/\/terrasdebasto.pt\/?p=1024#primaryimage"},"thumbnailUrl":"https:\/\/terrasdebasto.pt\/wp-content\/uploads\/2024\/07\/IChO-2024.jpg","keywords":["Cabeceiras de Basto","Educa\u00e7\u00e3o","IChO","Miguel Barroso Marques","Olimp\u00edadas da Qu\u00edmica"],"articleSection":["Cabeceiras de Basto","Educa\u00e7\u00e3o"],"inLanguage":"pt-PT","potentialAction":[{"@type":"CommentAction","name":"Comment","target":["https:\/\/terrasdebasto.pt\/?p=1024#respond"]}]},{"@type":"WebPage","@id":"https:\/\/terrasdebasto.pt\/?p=1024","url":"https:\/\/terrasdebasto.pt\/?p=1024","name":"Olimp\u00edadas da Qu\u00edmica: Miguel Marques j\u00e1 deixou a Ar\u00e1bia - Jornal Terras de Basto","isPartOf":{"@id":"https:\/\/terrasdebasto.pt\/#website"},"primaryImageOfPage":{"@id":"https:\/\/terrasdebasto.pt\/?p=1024#primaryimage"},"image":{"@id":"https:\/\/terrasdebasto.pt\/?p=1024#primaryimage"},"thumbnailUrl":"https:\/\/terrasdebasto.pt\/wp-content\/uploads\/2024\/07\/IChO-2024.jpg","datePublished":"2024-07-30T12:55:40+00:00","dateModified":"2024-07-30T13:44:01+00:00","description":"O estudante Miguel Jo\u00e3o Barroso Marques est\u00e1 neste momento a regressar a Portugal, vindo da Ar\u00e1bia Saudita, onde integrou a equipa portuguesa de quatro elementos que representou o pa\u00eds nas Olimp\u00edadas Internacionais da Qu\u00edmica (IChO), apurou o Terras de Basto.","breadcrumb":{"@id":"https:\/\/terrasdebasto.pt\/?p=1024#breadcrumb"},"inLanguage":"pt-PT","potentialAction":[{"@type":"ReadAction","target":["https:\/\/terrasdebasto.pt\/?p=1024"]}]},{"@type":"ImageObject","inLanguage":"pt-PT","@id":"https:\/\/terrasdebasto.pt\/?p=1024#primaryimage","url":"https:\/\/terrasdebasto.pt\/wp-content\/uploads\/2024\/07\/IChO-2024.jpg","contentUrl":"https:\/\/terrasdebasto.pt\/wp-content\/uploads\/2024\/07\/IChO-2024.jpg","width":1680,"height":1120,"caption":"Miguel Marques \u00e9 o segundo da esquerda"},{"@type":"BreadcrumbList","@id":"https:\/\/terrasdebasto.pt\/?p=1024#breadcrumb","itemListElement":[{"@type":"ListItem","position":1,"name":"In\u00edcio","item":"https:\/\/terrasdebasto.pt\/"},{"@type":"ListItem","position":2,"name":"Olimp\u00edadas da Qu\u00edmica: Miguel Marques j\u00e1 deixou a Ar\u00e1bia"}]},{"@type":"WebSite","@id":"https:\/\/terrasdebasto.pt\/#website","url":"https:\/\/terrasdebasto.pt\/","name":"Jornal Terras de Basto","description":"","publisher":{"@id":"https:\/\/terrasdebasto.pt\/#organization"},"potentialAction":[{"@type":"SearchAction","target":{"@type":"EntryPoint","urlTemplate":"https:\/\/terrasdebasto.pt\/?s={search_term_string}"},"query-input":{"@type":"PropertyValueSpecification","valueRequired":true,"valueName":"search_term_string"}}],"inLanguage":"pt-PT"},{"@type":"Organization","@id":"https:\/\/terrasdebasto.pt\/#organization","name":"Jornal Terras de Basto","url":"https:\/\/terrasdebasto.pt\/","logo":{"@type":"ImageObject","inLanguage":"pt-PT","@id":"https:\/\/terrasdebasto.pt\/#\/schema\/logo\/image\/","url":"https:\/\/terrasdebasto.pt\/wp-content\/uploads\/2024\/06\/LogoNormal.png","contentUrl":"https:\/\/terrasdebasto.pt\/wp-content\/uploads\/2024\/06\/LogoNormal.png","width":5638,"height":809,"caption":"Jornal Terras de Basto"},"image":{"@id":"https:\/\/terrasdebasto.pt\/#\/schema\/logo\/image\/"}},{"@type":"Person","@id":"https:\/\/terrasdebasto.pt\/#\/schema\/person\/9f6739f5394ac65c802641773b278b84","name":"Jo\u00e3o Paulo Mesquita","image":{"@type":"ImageObject","inLanguage":"pt-PT","@id":"https:\/\/terrasdebasto.pt\/#\/schema\/person\/image\/","url":"https:\/\/secure.gravatar.com\/avatar\/9bd0f299e6d96336664aab64354168246a3ee3287c47891c50d450e47ed9d7f9?s=96&d=mm&r=g","contentUrl":"https:\/\/secure.gravatar.com\/avatar\/9bd0f299e6d96336664aab64354168246a3ee3287c47891c50d450e47ed9d7f9?s=96&d=mm&r=g","caption":"Jo\u00e3o Paulo Mesquita"},"url":"https:\/\/terrasdebasto.pt\/?author=7"}]}},"_links":{"self":[{"href":"https:\/\/terrasdebasto.pt\/index.php?rest_route=\/wp\/v2\/posts\/1024","targetHints":{"allow":["GET"]}}],"collection":[{"href":"https:\/\/terrasdebasto.pt\/index.php?rest_route=\/wp\/v2\/posts"}],"about":[{"href":"https:\/\/terrasdebasto.pt\/index.php?rest_route=\/wp\/v2\/types\/post"}],"author":[{"embeddable":true,"href":"https:\/\/terrasdebasto.pt\/index.php?rest_route=\/wp\/v2\/users\/7"}],"replies":[{"embeddable":true,"href":"https:\/\/terrasdebasto.pt\/index.php?rest_route=%2Fwp%2Fv2%2Fcomments&post=1024"}],"version-history":[{"count":3,"href":"https:\/\/terrasdebasto.pt\/index.php?rest_route=\/wp\/v2\/posts\/1024\/revisions"}],"predecessor-version":[{"id":1030,"href":"https:\/\/terrasdebasto.pt\/index.php?rest_route=\/wp\/v2\/posts\/1024\/revisions\/1030"}],"wp:featuredmedia":[{"embeddable":true,"href":"https:\/\/terrasdebasto.pt\/index.php?rest_route=\/wp\/v2\/media\/1028"}],"wp:attachment":[{"href":"https:\/\/terrasdebasto.pt\/index.php?rest_route=%2Fwp%2Fv2%2Fmedia&parent=1024"}],"wp:term":[{"taxonomy":"category","embeddable":true,"href":"https:\/\/terrasdebasto.pt\/index.php?rest_route=%2Fwp%2Fv2%2Fcategories&post=1024"},{"taxonomy":"post_tag","embeddable":true,"href":"https:\/\/terrasdebasto.pt\/index.php?rest_route=%2Fwp%2Fv2%2Ftags&post=1024"}],"curies":[{"name":"wp","href":"https:\/\/api.w.org\/{rel}","templated":true}]}}