{"id":1013,"date":"2024-07-30T11:42:32","date_gmt":"2024-07-30T11:42:32","guid":{"rendered":"https:\/\/terrasdebasto.pt\/?p=1013"},"modified":"2024-07-30T12:45:15","modified_gmt":"2024-07-30T12:45:15","slug":"fermil-autoridades-procuram-contaminacao-da-praia","status":"publish","type":"post","link":"https:\/\/terrasdebasto.pt\/?p=1013","title":{"rendered":"Fermil: autoridades procuram contamina\u00e7\u00e3o da \u201cpraia\u201d"},"content":{"rendered":"\n<p><strong>O Munic\u00edpio de Celorico de Basto est\u00e1, em concerta\u00e7\u00e3o com a autoridade de sa\u00fade, a procurar identificar o foco de polui\u00e7\u00e3o das \u00e1guas da Zona de Recreio e Lazer de Fermil, disse fonte oficial ao Terras de Basto.<\/strong><\/p>\n\n\n\n<p>Lamentando a situa\u00e7\u00e3o, a fonte adianta que est\u00e3o a ser seguidas as orienta\u00e7\u00f5es da Unidade de Sa\u00fade P\u00fablica do Alto Ave, tendo sido desencadeado \u00abtodas as dilig\u00eancias para identificar a causa do resultado das an\u00e1lises da \u00e1gua\u00bb, que espera ver solucionada \u00aba curto prazo\u00bb.<\/p>\n\n\n\n<p>Conforme foi tornado p\u00fablico esta segunda-feira (29) pelo Departamento de Sa\u00fade P\u00fablica da Administra\u00e7\u00e3o Regional de Sa\u00fade, a Zona de Recreio e Lazer de Fermil \u00abn\u00e3o re\u00fane condi\u00e7\u00f5es, em termos da qualidade da \u00e1gua, dado que esta se encontra contaminada com bact\u00e9rias patog\u00e9nicas, que podem provocar doen\u00e7as\u00bb.<\/p>\n\n\n\n<p>Em nota p\u00fablica entretanto divulgada, tamb\u00e9m o Munic\u00edpio assume que \u00abse torna imperativo informar que a referida zona de recreio n\u00e3o re\u00fane as condi\u00e7\u00f5es necess\u00e1rias para usufruto dos banhistas\u00bb.<\/p>\n\n\n\n<p>Especialista da \u00e1rea da sa\u00fade p\u00fablica contactado pelo Terras de Basto sublinha, entretanto, que \u00abesta \u00e9 uma situa\u00e7\u00e3o vulgar na grande parte das designadas praias fluviais, que n\u00e3o t\u00eam esse estatuto precisamente porque a \u00e1gua n\u00e3o tem qualidade balnear\u00bb e em que a exist\u00eancia de bact\u00e9rias pode resultar, por exemplo, \u00abda aplica\u00e7\u00e3o de estrume num terreno agr\u00edcola que drene para o curso de \u00e1gua em causa\u00bb.<\/p>\n\n\n\n<p>A incorreta identifica\u00e7\u00e3o da Zona de Recreio e Lazer de Fermil e o alegado mau-estado em que se encontra este espa\u00e7o de usufruto p\u00fablico tem sido denunciado em sede de Assembleia Municipal, designadamente pela eleita socialista Sandra Carvalho. [JPM]<\/p>\n\n\n\n<figure class=\"wp-block-gallery has-nested-images columns-default is-cropped wp-block-gallery-1 is-layout-flex wp-block-gallery-is-layout-flex\">\n<figure class=\"wp-block-image size-large\"><img loading=\"lazy\" decoding=\"async\" width=\"900\" height=\"635\" data-id=\"1017\" src=\"https:\/\/terrasdebasto.pt\/wp-content\/uploads\/2024\/07\/FERMIL-PRAIA-2.jpg\" alt=\"\" class=\"wp-image-1017\" srcset=\"https:\/\/terrasdebasto.pt\/wp-content\/uploads\/2024\/07\/FERMIL-PRAIA-2.jpg 900w, https:\/\/terrasdebasto.pt\/wp-content\/uploads\/2024\/07\/FERMIL-PRAIA-2-300x212.jpg 300w, https:\/\/terrasdebasto.pt\/wp-content\/uploads\/2024\/07\/FERMIL-PRAIA-2-768x542.jpg 768w, https:\/\/terrasdebasto.pt\/wp-content\/uploads\/2024\/07\/FERMIL-PRAIA-2-150x106.jpg 150w, https:\/\/terrasdebasto.pt\/wp-content\/uploads\/2024\/07\/FERMIL-PRAIA-2-696x491.jpg 696w\" sizes=\"auto, (max-width: 900px) 100vw, 900px\" \/><\/figure>\n<\/figure>\n","protected":false},"excerpt":{"rendered":"<p>O Munic\u00edpio de Celorico de Basto est\u00e1, em concerta\u00e7\u00e3o com a autoridade de sa\u00fade, a procurar identificar o foco de polui\u00e7\u00e3o das \u00e1guas da Zona de Recreio e Lazer de Fermil, disse fonte oficial ao Terras de Basto. Lamentando a situa\u00e7\u00e3o, a fonte adianta que est\u00e3o a ser seguidas as orienta\u00e7\u00f5es da Unidade de Sa\u00fade [&hellip;]<\/p>\n","protected":false},"author":7,"featured_media":1016,"comment_status":"open","ping_status":"open","sticky":false,"template":"","format":"standard","meta":{"footnotes":""},"categories":[13,10],"tags":[268,267,265,266],"class_list":{"0":"post-1013","1":"post","2":"type-post","3":"status-publish","4":"format-standard","5":"has-post-thumbnail","7":"category-celorico-de-basto","8":"category-saude","9":"tag-agua-impropria","10":"tag-baterias","11":"tag-fermil","12":"tag-praia-fluvial"},"yoast_head":"<!-- This site is optimized with the Yoast SEO plugin v25.7 - https:\/\/yoast.com\/wordpress\/plugins\/seo\/ -->\n<title>Fermil: autoridades procuram contamina\u00e7\u00e3o da \u201cpraia\u201d - Jornal Terras de Basto<\/title>\n<meta name=\"description\" content=\"O Munic\u00edpio de Celorico de Basto est\u00e1, em concerta\u00e7\u00e3o com a autoridade de sa\u00fade, a procurar identificar o foco de polui\u00e7\u00e3o das \u00e1guas da Zona de Recreio e Lazer de Fermil, disse fonte oficial ao Terras de Basto.Lamentando a situa\u00e7\u00e3o, a fonte adianta que est\u00e3o a ser seguidas as orienta\u00e7\u00f5es da Unidade de Sa\u00fade P\u00fablica do Alto Ave, tendo desencadeado \u00abtodas as dilig\u00eancias para identificar a causa do resultado das an\u00e1lises da \u00e1gua\u00bb, que espera ver solucionada \u00aba curto prazo\u00bb.\" \/>\n<meta name=\"robots\" content=\"index, follow, max-snippet:-1, max-image-preview:large, max-video-preview:-1\" \/>\n<link rel=\"canonical\" href=\"https:\/\/terrasdebasto.pt\/?p=1013\" \/>\n<meta property=\"og:locale\" content=\"pt_PT\" \/>\n<meta property=\"og:type\" content=\"article\" \/>\n<meta property=\"og:title\" content=\"Fermil: autoridades procuram contamina\u00e7\u00e3o da \u201cpraia\u201d - Jornal Terras de Basto\" \/>\n<meta property=\"og:description\" content=\"O Munic\u00edpio de Celorico de Basto est\u00e1, em concerta\u00e7\u00e3o com a autoridade de sa\u00fade, a procurar identificar o foco de polui\u00e7\u00e3o das \u00e1guas da Zona de Recreio e Lazer de Fermil, disse fonte oficial ao Terras de Basto.Lamentando a situa\u00e7\u00e3o, a fonte adianta que est\u00e3o a ser seguidas as orienta\u00e7\u00f5es da Unidade de Sa\u00fade P\u00fablica do Alto Ave, tendo desencadeado \u00abtodas as dilig\u00eancias para identificar a causa do resultado das an\u00e1lises da \u00e1gua\u00bb, que espera ver solucionada \u00aba curto prazo\u00bb.\" \/>\n<meta property=\"og:url\" content=\"https:\/\/terrasdebasto.pt\/?p=1013\" \/>\n<meta property=\"og:site_name\" content=\"Jornal Terras de Basto\" \/>\n<meta property=\"article:published_time\" content=\"2024-07-30T11:42:32+00:00\" \/>\n<meta property=\"article:modified_time\" content=\"2024-07-30T12:45:15+00:00\" \/>\n<meta property=\"og:image\" content=\"https:\/\/terrasdebasto.pt\/wp-content\/uploads\/2024\/07\/FERMIL-PRAIA-1.jpg\" \/>\n\t<meta property=\"og:image:width\" content=\"1600\" \/>\n\t<meta property=\"og:image:height\" content=\"1200\" \/>\n\t<meta property=\"og:image:type\" content=\"image\/jpeg\" \/>\n<meta name=\"author\" content=\"Jo\u00e3o Paulo Mesquita\" \/>\n<meta name=\"twitter:card\" content=\"summary_large_image\" \/>\n<meta name=\"twitter:label1\" content=\"Escrito por\" \/>\n\t<meta name=\"twitter:data1\" content=\"Jo\u00e3o Paulo Mesquita\" \/>\n\t<meta name=\"twitter:label2\" content=\"Tempo estimado de leitura\" \/>\n\t<meta name=\"twitter:data2\" content=\"2 minutos\" \/>\n<script type=\"application\/ld+json\" class=\"yoast-schema-graph\">{\"@context\":\"https:\/\/schema.org\",\"@graph\":[{\"@type\":\"Article\",\"@id\":\"https:\/\/terrasdebasto.pt\/?p=1013#article\",\"isPartOf\":{\"@id\":\"https:\/\/terrasdebasto.pt\/?p=1013\"},\"author\":{\"name\":\"Jo\u00e3o Paulo Mesquita\",\"@id\":\"https:\/\/terrasdebasto.pt\/#\/schema\/person\/9f6739f5394ac65c802641773b278b84\"},\"headline\":\"Fermil: autoridades procuram contamina\u00e7\u00e3o da \u201cpraia\u201d\",\"datePublished\":\"2024-07-30T11:42:32+00:00\",\"dateModified\":\"2024-07-30T12:45:15+00:00\",\"mainEntityOfPage\":{\"@id\":\"https:\/\/terrasdebasto.pt\/?p=1013\"},\"wordCount\":310,\"commentCount\":0,\"publisher\":{\"@id\":\"https:\/\/terrasdebasto.pt\/#organization\"},\"image\":{\"@id\":\"https:\/\/terrasdebasto.pt\/?p=1013#primaryimage\"},\"thumbnailUrl\":\"https:\/\/terrasdebasto.pt\/wp-content\/uploads\/2024\/07\/FERMIL-PRAIA-1.jpg\",\"keywords\":[\"\u00c1gua impr\u00f3pria\",\"Bat\u00e9rias\",\"Fermil\",\"Praia Fluvial\"],\"articleSection\":[\"Celorico de Basto\",\"Sa\u00fade\"],\"inLanguage\":\"pt-PT\",\"potentialAction\":[{\"@type\":\"CommentAction\",\"name\":\"Comment\",\"target\":[\"https:\/\/terrasdebasto.pt\/?p=1013#respond\"]}]},{\"@type\":\"WebPage\",\"@id\":\"https:\/\/terrasdebasto.pt\/?p=1013\",\"url\":\"https:\/\/terrasdebasto.pt\/?p=1013\",\"name\":\"Fermil: autoridades procuram contamina\u00e7\u00e3o da \u201cpraia\u201d - Jornal Terras de Basto\",\"isPartOf\":{\"@id\":\"https:\/\/terrasdebasto.pt\/#website\"},\"primaryImageOfPage\":{\"@id\":\"https:\/\/terrasdebasto.pt\/?p=1013#primaryimage\"},\"image\":{\"@id\":\"https:\/\/terrasdebasto.pt\/?p=1013#primaryimage\"},\"thumbnailUrl\":\"https:\/\/terrasdebasto.pt\/wp-content\/uploads\/2024\/07\/FERMIL-PRAIA-1.jpg\",\"datePublished\":\"2024-07-30T11:42:32+00:00\",\"dateModified\":\"2024-07-30T12:45:15+00:00\",\"description\":\"O Munic\u00edpio de Celorico de Basto est\u00e1, em concerta\u00e7\u00e3o com a autoridade de sa\u00fade, a procurar identificar o foco de polui\u00e7\u00e3o das \u00e1guas da Zona de Recreio e Lazer de Fermil, disse fonte oficial ao Terras de Basto.Lamentando a situa\u00e7\u00e3o, a fonte adianta que est\u00e3o a ser seguidas as orienta\u00e7\u00f5es da Unidade de Sa\u00fade P\u00fablica do Alto Ave, tendo desencadeado \u00abtodas as dilig\u00eancias para identificar a causa do resultado das an\u00e1lises da \u00e1gua\u00bb, que espera ver solucionada \u00aba curto prazo\u00bb.\",\"breadcrumb\":{\"@id\":\"https:\/\/terrasdebasto.pt\/?p=1013#breadcrumb\"},\"inLanguage\":\"pt-PT\",\"potentialAction\":[{\"@type\":\"ReadAction\",\"target\":[\"https:\/\/terrasdebasto.pt\/?p=1013\"]}]},{\"@type\":\"ImageObject\",\"inLanguage\":\"pt-PT\",\"@id\":\"https:\/\/terrasdebasto.pt\/?p=1013#primaryimage\",\"url\":\"https:\/\/terrasdebasto.pt\/wp-content\/uploads\/2024\/07\/FERMIL-PRAIA-1.jpg\",\"contentUrl\":\"https:\/\/terrasdebasto.pt\/wp-content\/uploads\/2024\/07\/FERMIL-PRAIA-1.jpg\",\"width\":1600,\"height\":1200},{\"@type\":\"BreadcrumbList\",\"@id\":\"https:\/\/terrasdebasto.pt\/?p=1013#breadcrumb\",\"itemListElement\":[{\"@type\":\"ListItem\",\"position\":1,\"name\":\"In\u00edcio\",\"item\":\"https:\/\/terrasdebasto.pt\/\"},{\"@type\":\"ListItem\",\"position\":2,\"name\":\"Fermil: autoridades procuram contamina\u00e7\u00e3o da \u201cpraia\u201d\"}]},{\"@type\":\"WebSite\",\"@id\":\"https:\/\/terrasdebasto.pt\/#website\",\"url\":\"https:\/\/terrasdebasto.pt\/\",\"name\":\"Jornal Terras de Basto\",\"description\":\"\",\"publisher\":{\"@id\":\"https:\/\/terrasdebasto.pt\/#organization\"},\"potentialAction\":[{\"@type\":\"SearchAction\",\"target\":{\"@type\":\"EntryPoint\",\"urlTemplate\":\"https:\/\/terrasdebasto.pt\/?s={search_term_string}\"},\"query-input\":{\"@type\":\"PropertyValueSpecification\",\"valueRequired\":true,\"valueName\":\"search_term_string\"}}],\"inLanguage\":\"pt-PT\"},{\"@type\":\"Organization\",\"@id\":\"https:\/\/terrasdebasto.pt\/#organization\",\"name\":\"Jornal Terras de Basto\",\"url\":\"https:\/\/terrasdebasto.pt\/\",\"logo\":{\"@type\":\"ImageObject\",\"inLanguage\":\"pt-PT\",\"@id\":\"https:\/\/terrasdebasto.pt\/#\/schema\/logo\/image\/\",\"url\":\"https:\/\/terrasdebasto.pt\/wp-content\/uploads\/2024\/06\/LogoNormal.png\",\"contentUrl\":\"https:\/\/terrasdebasto.pt\/wp-content\/uploads\/2024\/06\/LogoNormal.png\",\"width\":5638,\"height\":809,\"caption\":\"Jornal Terras de Basto\"},\"image\":{\"@id\":\"https:\/\/terrasdebasto.pt\/#\/schema\/logo\/image\/\"}},{\"@type\":\"Person\",\"@id\":\"https:\/\/terrasdebasto.pt\/#\/schema\/person\/9f6739f5394ac65c802641773b278b84\",\"name\":\"Jo\u00e3o Paulo Mesquita\",\"image\":{\"@type\":\"ImageObject\",\"inLanguage\":\"pt-PT\",\"@id\":\"https:\/\/terrasdebasto.pt\/#\/schema\/person\/image\/\",\"url\":\"https:\/\/secure.gravatar.com\/avatar\/9bd0f299e6d96336664aab64354168246a3ee3287c47891c50d450e47ed9d7f9?s=96&d=mm&r=g\",\"contentUrl\":\"https:\/\/secure.gravatar.com\/avatar\/9bd0f299e6d96336664aab64354168246a3ee3287c47891c50d450e47ed9d7f9?s=96&d=mm&r=g\",\"caption\":\"Jo\u00e3o Paulo Mesquita\"},\"url\":\"https:\/\/terrasdebasto.pt\/?author=7\"}]}<\/script>\n<!-- \/ Yoast SEO plugin. -->","yoast_head_json":{"title":"Fermil: autoridades procuram contamina\u00e7\u00e3o da \u201cpraia\u201d - Jornal Terras de Basto","description":"O Munic\u00edpio de Celorico de Basto est\u00e1, em concerta\u00e7\u00e3o com a autoridade de sa\u00fade, a procurar identificar o foco de polui\u00e7\u00e3o das \u00e1guas da Zona de Recreio e Lazer de Fermil, disse fonte oficial ao Terras de Basto.Lamentando a situa\u00e7\u00e3o, a fonte adianta que est\u00e3o a ser seguidas as orienta\u00e7\u00f5es da Unidade de Sa\u00fade P\u00fablica do Alto Ave, tendo desencadeado \u00abtodas as dilig\u00eancias para identificar a causa do resultado das an\u00e1lises da \u00e1gua\u00bb, que espera ver solucionada \u00aba curto prazo\u00bb.","robots":{"index":"index","follow":"follow","max-snippet":"max-snippet:-1","max-image-preview":"max-image-preview:large","max-video-preview":"max-video-preview:-1"},"canonical":"https:\/\/terrasdebasto.pt\/?p=1013","og_locale":"pt_PT","og_type":"article","og_title":"Fermil: autoridades procuram contamina\u00e7\u00e3o da \u201cpraia\u201d - Jornal Terras de Basto","og_description":"O Munic\u00edpio de Celorico de Basto est\u00e1, em concerta\u00e7\u00e3o com a autoridade de sa\u00fade, a procurar identificar o foco de polui\u00e7\u00e3o das \u00e1guas da Zona de Recreio e Lazer de Fermil, disse fonte oficial ao Terras de Basto.Lamentando a situa\u00e7\u00e3o, a fonte adianta que est\u00e3o a ser seguidas as orienta\u00e7\u00f5es da Unidade de Sa\u00fade P\u00fablica do Alto Ave, tendo desencadeado \u00abtodas as dilig\u00eancias para identificar a causa do resultado das an\u00e1lises da \u00e1gua\u00bb, que espera ver solucionada \u00aba curto prazo\u00bb.","og_url":"https:\/\/terrasdebasto.pt\/?p=1013","og_site_name":"Jornal Terras de Basto","article_published_time":"2024-07-30T11:42:32+00:00","article_modified_time":"2024-07-30T12:45:15+00:00","og_image":[{"width":1600,"height":1200,"url":"https:\/\/terrasdebasto.pt\/wp-content\/uploads\/2024\/07\/FERMIL-PRAIA-1.jpg","type":"image\/jpeg"}],"author":"Jo\u00e3o Paulo Mesquita","twitter_card":"summary_large_image","twitter_misc":{"Escrito por":"Jo\u00e3o Paulo Mesquita","Tempo estimado de leitura":"2 minutos"},"schema":{"@context":"https:\/\/schema.org","@graph":[{"@type":"Article","@id":"https:\/\/terrasdebasto.pt\/?p=1013#article","isPartOf":{"@id":"https:\/\/terrasdebasto.pt\/?p=1013"},"author":{"name":"Jo\u00e3o Paulo Mesquita","@id":"https:\/\/terrasdebasto.pt\/#\/schema\/person\/9f6739f5394ac65c802641773b278b84"},"headline":"Fermil: autoridades procuram contamina\u00e7\u00e3o da \u201cpraia\u201d","datePublished":"2024-07-30T11:42:32+00:00","dateModified":"2024-07-30T12:45:15+00:00","mainEntityOfPage":{"@id":"https:\/\/terrasdebasto.pt\/?p=1013"},"wordCount":310,"commentCount":0,"publisher":{"@id":"https:\/\/terrasdebasto.pt\/#organization"},"image":{"@id":"https:\/\/terrasdebasto.pt\/?p=1013#primaryimage"},"thumbnailUrl":"https:\/\/terrasdebasto.pt\/wp-content\/uploads\/2024\/07\/FERMIL-PRAIA-1.jpg","keywords":["\u00c1gua impr\u00f3pria","Bat\u00e9rias","Fermil","Praia Fluvial"],"articleSection":["Celorico de Basto","Sa\u00fade"],"inLanguage":"pt-PT","potentialAction":[{"@type":"CommentAction","name":"Comment","target":["https:\/\/terrasdebasto.pt\/?p=1013#respond"]}]},{"@type":"WebPage","@id":"https:\/\/terrasdebasto.pt\/?p=1013","url":"https:\/\/terrasdebasto.pt\/?p=1013","name":"Fermil: autoridades procuram contamina\u00e7\u00e3o da \u201cpraia\u201d - Jornal Terras de Basto","isPartOf":{"@id":"https:\/\/terrasdebasto.pt\/#website"},"primaryImageOfPage":{"@id":"https:\/\/terrasdebasto.pt\/?p=1013#primaryimage"},"image":{"@id":"https:\/\/terrasdebasto.pt\/?p=1013#primaryimage"},"thumbnailUrl":"https:\/\/terrasdebasto.pt\/wp-content\/uploads\/2024\/07\/FERMIL-PRAIA-1.jpg","datePublished":"2024-07-30T11:42:32+00:00","dateModified":"2024-07-30T12:45:15+00:00","description":"O Munic\u00edpio de Celorico de Basto est\u00e1, em concerta\u00e7\u00e3o com a autoridade de sa\u00fade, a procurar identificar o foco de polui\u00e7\u00e3o das \u00e1guas da Zona de Recreio e Lazer de Fermil, disse fonte oficial ao Terras de Basto.Lamentando a situa\u00e7\u00e3o, a fonte adianta que est\u00e3o a ser seguidas as orienta\u00e7\u00f5es da Unidade de Sa\u00fade P\u00fablica do Alto Ave, tendo desencadeado \u00abtodas as dilig\u00eancias para identificar a causa do resultado das an\u00e1lises da \u00e1gua\u00bb, que espera ver solucionada \u00aba curto prazo\u00bb.","breadcrumb":{"@id":"https:\/\/terrasdebasto.pt\/?p=1013#breadcrumb"},"inLanguage":"pt-PT","potentialAction":[{"@type":"ReadAction","target":["https:\/\/terrasdebasto.pt\/?p=1013"]}]},{"@type":"ImageObject","inLanguage":"pt-PT","@id":"https:\/\/terrasdebasto.pt\/?p=1013#primaryimage","url":"https:\/\/terrasdebasto.pt\/wp-content\/uploads\/2024\/07\/FERMIL-PRAIA-1.jpg","contentUrl":"https:\/\/terrasdebasto.pt\/wp-content\/uploads\/2024\/07\/FERMIL-PRAIA-1.jpg","width":1600,"height":1200},{"@type":"BreadcrumbList","@id":"https:\/\/terrasdebasto.pt\/?p=1013#breadcrumb","itemListElement":[{"@type":"ListItem","position":1,"name":"In\u00edcio","item":"https:\/\/terrasdebasto.pt\/"},{"@type":"ListItem","position":2,"name":"Fermil: autoridades procuram contamina\u00e7\u00e3o da \u201cpraia\u201d"}]},{"@type":"WebSite","@id":"https:\/\/terrasdebasto.pt\/#website","url":"https:\/\/terrasdebasto.pt\/","name":"Jornal Terras de Basto","description":"","publisher":{"@id":"https:\/\/terrasdebasto.pt\/#organization"},"potentialAction":[{"@type":"SearchAction","target":{"@type":"EntryPoint","urlTemplate":"https:\/\/terrasdebasto.pt\/?s={search_term_string}"},"query-input":{"@type":"PropertyValueSpecification","valueRequired":true,"valueName":"search_term_string"}}],"inLanguage":"pt-PT"},{"@type":"Organization","@id":"https:\/\/terrasdebasto.pt\/#organization","name":"Jornal Terras de Basto","url":"https:\/\/terrasdebasto.pt\/","logo":{"@type":"ImageObject","inLanguage":"pt-PT","@id":"https:\/\/terrasdebasto.pt\/#\/schema\/logo\/image\/","url":"https:\/\/terrasdebasto.pt\/wp-content\/uploads\/2024\/06\/LogoNormal.png","contentUrl":"https:\/\/terrasdebasto.pt\/wp-content\/uploads\/2024\/06\/LogoNormal.png","width":5638,"height":809,"caption":"Jornal Terras de Basto"},"image":{"@id":"https:\/\/terrasdebasto.pt\/#\/schema\/logo\/image\/"}},{"@type":"Person","@id":"https:\/\/terrasdebasto.pt\/#\/schema\/person\/9f6739f5394ac65c802641773b278b84","name":"Jo\u00e3o Paulo Mesquita","image":{"@type":"ImageObject","inLanguage":"pt-PT","@id":"https:\/\/terrasdebasto.pt\/#\/schema\/person\/image\/","url":"https:\/\/secure.gravatar.com\/avatar\/9bd0f299e6d96336664aab64354168246a3ee3287c47891c50d450e47ed9d7f9?s=96&d=mm&r=g","contentUrl":"https:\/\/secure.gravatar.com\/avatar\/9bd0f299e6d96336664aab64354168246a3ee3287c47891c50d450e47ed9d7f9?s=96&d=mm&r=g","caption":"Jo\u00e3o Paulo Mesquita"},"url":"https:\/\/terrasdebasto.pt\/?author=7"}]}},"_links":{"self":[{"href":"https:\/\/terrasdebasto.pt\/index.php?rest_route=\/wp\/v2\/posts\/1013","targetHints":{"allow":["GET"]}}],"collection":[{"href":"https:\/\/terrasdebasto.pt\/index.php?rest_route=\/wp\/v2\/posts"}],"about":[{"href":"https:\/\/terrasdebasto.pt\/index.php?rest_route=\/wp\/v2\/types\/post"}],"author":[{"embeddable":true,"href":"https:\/\/terrasdebasto.pt\/index.php?rest_route=\/wp\/v2\/users\/7"}],"replies":[{"embeddable":true,"href":"https:\/\/terrasdebasto.pt\/index.php?rest_route=%2Fwp%2Fv2%2Fcomments&post=1013"}],"version-history":[{"count":4,"href":"https:\/\/terrasdebasto.pt\/index.php?rest_route=\/wp\/v2\/posts\/1013\/revisions"}],"predecessor-version":[{"id":1022,"href":"https:\/\/terrasdebasto.pt\/index.php?rest_route=\/wp\/v2\/posts\/1013\/revisions\/1022"}],"wp:featuredmedia":[{"embeddable":true,"href":"https:\/\/terrasdebasto.pt\/index.php?rest_route=\/wp\/v2\/media\/1016"}],"wp:attachment":[{"href":"https:\/\/terrasdebasto.pt\/index.php?rest_route=%2Fwp%2Fv2%2Fmedia&parent=1013"}],"wp:term":[{"taxonomy":"category","embeddable":true,"href":"https:\/\/terrasdebasto.pt\/index.php?rest_route=%2Fwp%2Fv2%2Fcategories&post=1013"},{"taxonomy":"post_tag","embeddable":true,"href":"https:\/\/terrasdebasto.pt\/index.php?rest_route=%2Fwp%2Fv2%2Ftags&post=1013"}],"curies":[{"name":"wp","href":"https:\/\/api.w.org\/{rel}","templated":true}]}}