{"id":1009,"date":"2024-07-30T01:29:20","date_gmt":"2024-07-30T01:29:20","guid":{"rendered":"https:\/\/terrasdebasto.pt\/?p=1009"},"modified":"2024-07-30T01:29:21","modified_gmt":"2024-07-30T01:29:21","slug":"mondinense-ivo-almeida-assina-pelo-feirense","status":"publish","type":"post","link":"https:\/\/terrasdebasto.pt\/?p=1009","title":{"rendered":"Mondinense Ivo Almeida assina pelo Feirense"},"content":{"rendered":"\n<p><strong>O mondinense Ivo Almeida, de 19 anos, acaba de assinar um contrato profissional com o Clube Desportivo Feirense, de Santa Maria da Feira, foi agora anunciado. Avan\u00e7ado, de 19 anos, foi o melhor marcador dos sub-19 daquele clube na \u00e9poca transata<\/strong><\/p>\n\n\n\n<p>O jogador, que apontou 31 golos em 2023\/24 e ajudou os fogaceiros a alcan\u00e7ar o t\u00edtulo de campe\u00e3o nacional da 2.\u00aa divis\u00e3o, est\u00e1 integrado no grupo de trabalho de V\u00edtor Martins, onde procura conquistar o seu espa\u00e7o na equipa principal.<\/p>\n\n\n\n<p>Ivo Almeida iniciou o seu percurso no Atei Futebol Clube, passou ainda pelo \u00c1guias de Alvite, de Cabeceiras de Basto, e pelo Amarante, antes de ingressar nos sub-19 do Feirense, em 2022\/23.<\/p>\n","protected":false},"excerpt":{"rendered":"<p>O mondinense Ivo Almeida, de 19 anos, acaba de assinar um contrato profissional com o Clube Desportivo Feirense, de Santa Maria da Feira, foi agora anunciado. Avan\u00e7ado, de 19 anos, foi o melhor marcador dos sub-19 daquele clube na \u00e9poca transata O jogador, que apontou 31 golos em 2023\/24 e ajudou os fogaceiros a alcan\u00e7ar [&hellip;]<\/p>\n","protected":false},"author":7,"featured_media":1010,"comment_status":"open","ping_status":"open","sticky":false,"template":"","format":"standard","meta":{"footnotes":""},"categories":[8,16],"tags":[263,262,261,264],"class_list":{"0":"post-1009","1":"post","2":"type-post","3":"status-publish","4":"format-standard","5":"has-post-thumbnail","7":"category-desporto","8":"category-mondim-de-basto","9":"tag-atei-fc","10":"tag-dutebol","11":"tag-ivo-almeida","12":"tag-mondinense-fc"},"yoast_head":"<!-- This site is optimized with the Yoast SEO plugin v25.7 - https:\/\/yoast.com\/wordpress\/plugins\/seo\/ -->\n<title>Mondinense Ivo Almeida assina pelo Feirense - Jornal Terras de Basto<\/title>\n<meta name=\"description\" content=\"O mondinense Ivo Almeida, de 19 anos, acaba de assinar um contrato profissional com o Clube Desportivo Feirense, de Santa Maria da Feira, foi agora anunciado. Avan\u00e7ado, de 19 anos, foi o melhor marcador dos sub-19 daquele clube na \u00e9poca transata.\" \/>\n<meta name=\"robots\" content=\"index, follow, max-snippet:-1, max-image-preview:large, max-video-preview:-1\" \/>\n<link rel=\"canonical\" href=\"https:\/\/terrasdebasto.pt\/?p=1009\" \/>\n<meta property=\"og:locale\" content=\"pt_PT\" \/>\n<meta property=\"og:type\" content=\"article\" \/>\n<meta property=\"og:title\" content=\"Mondinense Ivo Almeida assina pelo Feirense - Jornal Terras de Basto\" \/>\n<meta property=\"og:description\" content=\"O mondinense Ivo Almeida, de 19 anos, acaba de assinar um contrato profissional com o Clube Desportivo Feirense, de Santa Maria da Feira, foi agora anunciado. Avan\u00e7ado, de 19 anos, foi o melhor marcador dos sub-19 daquele clube na \u00e9poca transata.\" \/>\n<meta property=\"og:url\" content=\"https:\/\/terrasdebasto.pt\/?p=1009\" \/>\n<meta property=\"og:site_name\" content=\"Jornal Terras de Basto\" \/>\n<meta property=\"article:published_time\" content=\"2024-07-30T01:29:20+00:00\" \/>\n<meta property=\"article:modified_time\" content=\"2024-07-30T01:29:21+00:00\" \/>\n<meta property=\"og:image\" content=\"https:\/\/terrasdebasto.pt\/wp-content\/uploads\/2024\/07\/IVO-ALMEIDA.jpg\" \/>\n\t<meta property=\"og:image:width\" content=\"1024\" \/>\n\t<meta property=\"og:image:height\" content=\"577\" \/>\n\t<meta property=\"og:image:type\" content=\"image\/jpeg\" \/>\n<meta name=\"author\" content=\"Jo\u00e3o Paulo Mesquita\" \/>\n<meta name=\"twitter:card\" content=\"summary_large_image\" \/>\n<meta name=\"twitter:label1\" content=\"Escrito por\" \/>\n\t<meta name=\"twitter:data1\" content=\"Jo\u00e3o Paulo Mesquita\" \/>\n\t<meta name=\"twitter:label2\" content=\"Tempo estimado de leitura\" \/>\n\t<meta name=\"twitter:data2\" content=\"1 minuto\" \/>\n<script type=\"application\/ld+json\" class=\"yoast-schema-graph\">{\"@context\":\"https:\/\/schema.org\",\"@graph\":[{\"@type\":\"Article\",\"@id\":\"https:\/\/terrasdebasto.pt\/?p=1009#article\",\"isPartOf\":{\"@id\":\"https:\/\/terrasdebasto.pt\/?p=1009\"},\"author\":{\"name\":\"Jo\u00e3o Paulo Mesquita\",\"@id\":\"https:\/\/terrasdebasto.pt\/#\/schema\/person\/9f6739f5394ac65c802641773b278b84\"},\"headline\":\"Mondinense Ivo Almeida assina pelo Feirense\",\"datePublished\":\"2024-07-30T01:29:20+00:00\",\"dateModified\":\"2024-07-30T01:29:21+00:00\",\"mainEntityOfPage\":{\"@id\":\"https:\/\/terrasdebasto.pt\/?p=1009\"},\"wordCount\":120,\"commentCount\":0,\"publisher\":{\"@id\":\"https:\/\/terrasdebasto.pt\/#organization\"},\"image\":{\"@id\":\"https:\/\/terrasdebasto.pt\/?p=1009#primaryimage\"},\"thumbnailUrl\":\"https:\/\/terrasdebasto.pt\/wp-content\/uploads\/2024\/07\/IVO-ALMEIDA.jpg\",\"keywords\":[\"Atei FC\",\"Dutebol\",\"Ivo Almeida\",\"Mondinense FC\"],\"articleSection\":[\"Desporto\",\"Mondim de Basto\"],\"inLanguage\":\"pt-PT\",\"potentialAction\":[{\"@type\":\"CommentAction\",\"name\":\"Comment\",\"target\":[\"https:\/\/terrasdebasto.pt\/?p=1009#respond\"]}]},{\"@type\":\"WebPage\",\"@id\":\"https:\/\/terrasdebasto.pt\/?p=1009\",\"url\":\"https:\/\/terrasdebasto.pt\/?p=1009\",\"name\":\"Mondinense Ivo Almeida assina pelo Feirense - Jornal Terras de Basto\",\"isPartOf\":{\"@id\":\"https:\/\/terrasdebasto.pt\/#website\"},\"primaryImageOfPage\":{\"@id\":\"https:\/\/terrasdebasto.pt\/?p=1009#primaryimage\"},\"image\":{\"@id\":\"https:\/\/terrasdebasto.pt\/?p=1009#primaryimage\"},\"thumbnailUrl\":\"https:\/\/terrasdebasto.pt\/wp-content\/uploads\/2024\/07\/IVO-ALMEIDA.jpg\",\"datePublished\":\"2024-07-30T01:29:20+00:00\",\"dateModified\":\"2024-07-30T01:29:21+00:00\",\"description\":\"O mondinense Ivo Almeida, de 19 anos, acaba de assinar um contrato profissional com o Clube Desportivo Feirense, de Santa Maria da Feira, foi agora anunciado. Avan\u00e7ado, de 19 anos, foi o melhor marcador dos sub-19 daquele clube na \u00e9poca transata.\",\"breadcrumb\":{\"@id\":\"https:\/\/terrasdebasto.pt\/?p=1009#breadcrumb\"},\"inLanguage\":\"pt-PT\",\"potentialAction\":[{\"@type\":\"ReadAction\",\"target\":[\"https:\/\/terrasdebasto.pt\/?p=1009\"]}]},{\"@type\":\"ImageObject\",\"inLanguage\":\"pt-PT\",\"@id\":\"https:\/\/terrasdebasto.pt\/?p=1009#primaryimage\",\"url\":\"https:\/\/terrasdebasto.pt\/wp-content\/uploads\/2024\/07\/IVO-ALMEIDA.jpg\",\"contentUrl\":\"https:\/\/terrasdebasto.pt\/wp-content\/uploads\/2024\/07\/IVO-ALMEIDA.jpg\",\"width\":1024,\"height\":577,\"caption\":\"[Fotografia de CDFeirense]\"},{\"@type\":\"BreadcrumbList\",\"@id\":\"https:\/\/terrasdebasto.pt\/?p=1009#breadcrumb\",\"itemListElement\":[{\"@type\":\"ListItem\",\"position\":1,\"name\":\"In\u00edcio\",\"item\":\"https:\/\/terrasdebasto.pt\/\"},{\"@type\":\"ListItem\",\"position\":2,\"name\":\"Mondinense Ivo Almeida assina pelo Feirense\"}]},{\"@type\":\"WebSite\",\"@id\":\"https:\/\/terrasdebasto.pt\/#website\",\"url\":\"https:\/\/terrasdebasto.pt\/\",\"name\":\"Jornal Terras de Basto\",\"description\":\"\",\"publisher\":{\"@id\":\"https:\/\/terrasdebasto.pt\/#organization\"},\"potentialAction\":[{\"@type\":\"SearchAction\",\"target\":{\"@type\":\"EntryPoint\",\"urlTemplate\":\"https:\/\/terrasdebasto.pt\/?s={search_term_string}\"},\"query-input\":{\"@type\":\"PropertyValueSpecification\",\"valueRequired\":true,\"valueName\":\"search_term_string\"}}],\"inLanguage\":\"pt-PT\"},{\"@type\":\"Organization\",\"@id\":\"https:\/\/terrasdebasto.pt\/#organization\",\"name\":\"Jornal Terras de Basto\",\"url\":\"https:\/\/terrasdebasto.pt\/\",\"logo\":{\"@type\":\"ImageObject\",\"inLanguage\":\"pt-PT\",\"@id\":\"https:\/\/terrasdebasto.pt\/#\/schema\/logo\/image\/\",\"url\":\"https:\/\/terrasdebasto.pt\/wp-content\/uploads\/2024\/06\/LogoNormal.png\",\"contentUrl\":\"https:\/\/terrasdebasto.pt\/wp-content\/uploads\/2024\/06\/LogoNormal.png\",\"width\":5638,\"height\":809,\"caption\":\"Jornal Terras de Basto\"},\"image\":{\"@id\":\"https:\/\/terrasdebasto.pt\/#\/schema\/logo\/image\/\"}},{\"@type\":\"Person\",\"@id\":\"https:\/\/terrasdebasto.pt\/#\/schema\/person\/9f6739f5394ac65c802641773b278b84\",\"name\":\"Jo\u00e3o Paulo Mesquita\",\"image\":{\"@type\":\"ImageObject\",\"inLanguage\":\"pt-PT\",\"@id\":\"https:\/\/terrasdebasto.pt\/#\/schema\/person\/image\/\",\"url\":\"https:\/\/secure.gravatar.com\/avatar\/9bd0f299e6d96336664aab64354168246a3ee3287c47891c50d450e47ed9d7f9?s=96&d=mm&r=g\",\"contentUrl\":\"https:\/\/secure.gravatar.com\/avatar\/9bd0f299e6d96336664aab64354168246a3ee3287c47891c50d450e47ed9d7f9?s=96&d=mm&r=g\",\"caption\":\"Jo\u00e3o Paulo Mesquita\"},\"url\":\"https:\/\/terrasdebasto.pt\/?author=7\"}]}<\/script>\n<!-- \/ Yoast SEO plugin. -->","yoast_head_json":{"title":"Mondinense Ivo Almeida assina pelo Feirense - Jornal Terras de Basto","description":"O mondinense Ivo Almeida, de 19 anos, acaba de assinar um contrato profissional com o Clube Desportivo Feirense, de Santa Maria da Feira, foi agora anunciado. Avan\u00e7ado, de 19 anos, foi o melhor marcador dos sub-19 daquele clube na \u00e9poca transata.","robots":{"index":"index","follow":"follow","max-snippet":"max-snippet:-1","max-image-preview":"max-image-preview:large","max-video-preview":"max-video-preview:-1"},"canonical":"https:\/\/terrasdebasto.pt\/?p=1009","og_locale":"pt_PT","og_type":"article","og_title":"Mondinense Ivo Almeida assina pelo Feirense - Jornal Terras de Basto","og_description":"O mondinense Ivo Almeida, de 19 anos, acaba de assinar um contrato profissional com o Clube Desportivo Feirense, de Santa Maria da Feira, foi agora anunciado. Avan\u00e7ado, de 19 anos, foi o melhor marcador dos sub-19 daquele clube na \u00e9poca transata.","og_url":"https:\/\/terrasdebasto.pt\/?p=1009","og_site_name":"Jornal Terras de Basto","article_published_time":"2024-07-30T01:29:20+00:00","article_modified_time":"2024-07-30T01:29:21+00:00","og_image":[{"width":1024,"height":577,"url":"https:\/\/terrasdebasto.pt\/wp-content\/uploads\/2024\/07\/IVO-ALMEIDA.jpg","type":"image\/jpeg"}],"author":"Jo\u00e3o Paulo Mesquita","twitter_card":"summary_large_image","twitter_misc":{"Escrito por":"Jo\u00e3o Paulo Mesquita","Tempo estimado de leitura":"1 minuto"},"schema":{"@context":"https:\/\/schema.org","@graph":[{"@type":"Article","@id":"https:\/\/terrasdebasto.pt\/?p=1009#article","isPartOf":{"@id":"https:\/\/terrasdebasto.pt\/?p=1009"},"author":{"name":"Jo\u00e3o Paulo Mesquita","@id":"https:\/\/terrasdebasto.pt\/#\/schema\/person\/9f6739f5394ac65c802641773b278b84"},"headline":"Mondinense Ivo Almeida assina pelo Feirense","datePublished":"2024-07-30T01:29:20+00:00","dateModified":"2024-07-30T01:29:21+00:00","mainEntityOfPage":{"@id":"https:\/\/terrasdebasto.pt\/?p=1009"},"wordCount":120,"commentCount":0,"publisher":{"@id":"https:\/\/terrasdebasto.pt\/#organization"},"image":{"@id":"https:\/\/terrasdebasto.pt\/?p=1009#primaryimage"},"thumbnailUrl":"https:\/\/terrasdebasto.pt\/wp-content\/uploads\/2024\/07\/IVO-ALMEIDA.jpg","keywords":["Atei FC","Dutebol","Ivo Almeida","Mondinense FC"],"articleSection":["Desporto","Mondim de Basto"],"inLanguage":"pt-PT","potentialAction":[{"@type":"CommentAction","name":"Comment","target":["https:\/\/terrasdebasto.pt\/?p=1009#respond"]}]},{"@type":"WebPage","@id":"https:\/\/terrasdebasto.pt\/?p=1009","url":"https:\/\/terrasdebasto.pt\/?p=1009","name":"Mondinense Ivo Almeida assina pelo Feirense - Jornal Terras de Basto","isPartOf":{"@id":"https:\/\/terrasdebasto.pt\/#website"},"primaryImageOfPage":{"@id":"https:\/\/terrasdebasto.pt\/?p=1009#primaryimage"},"image":{"@id":"https:\/\/terrasdebasto.pt\/?p=1009#primaryimage"},"thumbnailUrl":"https:\/\/terrasdebasto.pt\/wp-content\/uploads\/2024\/07\/IVO-ALMEIDA.jpg","datePublished":"2024-07-30T01:29:20+00:00","dateModified":"2024-07-30T01:29:21+00:00","description":"O mondinense Ivo Almeida, de 19 anos, acaba de assinar um contrato profissional com o Clube Desportivo Feirense, de Santa Maria da Feira, foi agora anunciado. Avan\u00e7ado, de 19 anos, foi o melhor marcador dos sub-19 daquele clube na \u00e9poca transata.","breadcrumb":{"@id":"https:\/\/terrasdebasto.pt\/?p=1009#breadcrumb"},"inLanguage":"pt-PT","potentialAction":[{"@type":"ReadAction","target":["https:\/\/terrasdebasto.pt\/?p=1009"]}]},{"@type":"ImageObject","inLanguage":"pt-PT","@id":"https:\/\/terrasdebasto.pt\/?p=1009#primaryimage","url":"https:\/\/terrasdebasto.pt\/wp-content\/uploads\/2024\/07\/IVO-ALMEIDA.jpg","contentUrl":"https:\/\/terrasdebasto.pt\/wp-content\/uploads\/2024\/07\/IVO-ALMEIDA.jpg","width":1024,"height":577,"caption":"[Fotografia de CDFeirense]"},{"@type":"BreadcrumbList","@id":"https:\/\/terrasdebasto.pt\/?p=1009#breadcrumb","itemListElement":[{"@type":"ListItem","position":1,"name":"In\u00edcio","item":"https:\/\/terrasdebasto.pt\/"},{"@type":"ListItem","position":2,"name":"Mondinense Ivo Almeida assina pelo Feirense"}]},{"@type":"WebSite","@id":"https:\/\/terrasdebasto.pt\/#website","url":"https:\/\/terrasdebasto.pt\/","name":"Jornal Terras de Basto","description":"","publisher":{"@id":"https:\/\/terrasdebasto.pt\/#organization"},"potentialAction":[{"@type":"SearchAction","target":{"@type":"EntryPoint","urlTemplate":"https:\/\/terrasdebasto.pt\/?s={search_term_string}"},"query-input":{"@type":"PropertyValueSpecification","valueRequired":true,"valueName":"search_term_string"}}],"inLanguage":"pt-PT"},{"@type":"Organization","@id":"https:\/\/terrasdebasto.pt\/#organization","name":"Jornal Terras de Basto","url":"https:\/\/terrasdebasto.pt\/","logo":{"@type":"ImageObject","inLanguage":"pt-PT","@id":"https:\/\/terrasdebasto.pt\/#\/schema\/logo\/image\/","url":"https:\/\/terrasdebasto.pt\/wp-content\/uploads\/2024\/06\/LogoNormal.png","contentUrl":"https:\/\/terrasdebasto.pt\/wp-content\/uploads\/2024\/06\/LogoNormal.png","width":5638,"height":809,"caption":"Jornal Terras de Basto"},"image":{"@id":"https:\/\/terrasdebasto.pt\/#\/schema\/logo\/image\/"}},{"@type":"Person","@id":"https:\/\/terrasdebasto.pt\/#\/schema\/person\/9f6739f5394ac65c802641773b278b84","name":"Jo\u00e3o Paulo Mesquita","image":{"@type":"ImageObject","inLanguage":"pt-PT","@id":"https:\/\/terrasdebasto.pt\/#\/schema\/person\/image\/","url":"https:\/\/secure.gravatar.com\/avatar\/9bd0f299e6d96336664aab64354168246a3ee3287c47891c50d450e47ed9d7f9?s=96&d=mm&r=g","contentUrl":"https:\/\/secure.gravatar.com\/avatar\/9bd0f299e6d96336664aab64354168246a3ee3287c47891c50d450e47ed9d7f9?s=96&d=mm&r=g","caption":"Jo\u00e3o Paulo Mesquita"},"url":"https:\/\/terrasdebasto.pt\/?author=7"}]}},"_links":{"self":[{"href":"https:\/\/terrasdebasto.pt\/index.php?rest_route=\/wp\/v2\/posts\/1009","targetHints":{"allow":["GET"]}}],"collection":[{"href":"https:\/\/terrasdebasto.pt\/index.php?rest_route=\/wp\/v2\/posts"}],"about":[{"href":"https:\/\/terrasdebasto.pt\/index.php?rest_route=\/wp\/v2\/types\/post"}],"author":[{"embeddable":true,"href":"https:\/\/terrasdebasto.pt\/index.php?rest_route=\/wp\/v2\/users\/7"}],"replies":[{"embeddable":true,"href":"https:\/\/terrasdebasto.pt\/index.php?rest_route=%2Fwp%2Fv2%2Fcomments&post=1009"}],"version-history":[{"count":1,"href":"https:\/\/terrasdebasto.pt\/index.php?rest_route=\/wp\/v2\/posts\/1009\/revisions"}],"predecessor-version":[{"id":1011,"href":"https:\/\/terrasdebasto.pt\/index.php?rest_route=\/wp\/v2\/posts\/1009\/revisions\/1011"}],"wp:featuredmedia":[{"embeddable":true,"href":"https:\/\/terrasdebasto.pt\/index.php?rest_route=\/wp\/v2\/media\/1010"}],"wp:attachment":[{"href":"https:\/\/terrasdebasto.pt\/index.php?rest_route=%2Fwp%2Fv2%2Fmedia&parent=1009"}],"wp:term":[{"taxonomy":"category","embeddable":true,"href":"https:\/\/terrasdebasto.pt\/index.php?rest_route=%2Fwp%2Fv2%2Fcategories&post=1009"},{"taxonomy":"post_tag","embeddable":true,"href":"https:\/\/terrasdebasto.pt\/index.php?rest_route=%2Fwp%2Fv2%2Ftags&post=1009"}],"curies":[{"name":"wp","href":"https:\/\/api.w.org\/{rel}","templated":true}]}}